{"id":1112,"date":"2017-09-25T12:03:19","date_gmt":"2017-09-25T10:03:19","guid":{"rendered":"http:\/\/ugtaytosantander.es\/portal\/2017\/09\/25\/comite-de-seguridad-y-salud-convocado-el-21-de-septiembre-de-2017\/"},"modified":"2019-05-21T13:32:14","modified_gmt":"2019-05-21T11:32:14","slug":"comite-de-seguridad-y-salud-convocado-el-21-de-septiembre-de-2017","status":"publish","type":"post","link":"https:\/\/ugtaytosantander.es\/portal\/comite-de-seguridad-y-salud-convocado-el-21-de-septiembre-de-2017\/","title":{"rendered":"Comit\u00e9 de Seguirdad y Salud convocado el 21\/09\/2017."},"content":{"rendered":"<p>&nbsp;<\/p>\n<p>UGT, siempre velando por la Prevenci\u00f3n de Riesgos Laborales, <a href=\"http:\/\/ugtaytosantander.es\/portal\/wp-content\/uploads\/2017\/09\/SOLICITUD_UGT.pdf\">solicit\u00f3&nbsp; el pasado 4 de julio la convocatoria del Comit\u00e9 de Seguridad y Salud<\/a>, con la inclusi\u00f3n en el orden del d\u00eda de &nbsp;asuntos que, por su importancia y trascendencia en la salud de nuestros compa\u00f1eros, exig\u00edan una inminente soluci\u00f3n. <a href=\"http:\/\/ugtaytosantander.es\/portal\/wp-content\/uploads\/2017\/09\/CONVOCATORIA.pdf\">El Ayuntamiento, por una vez, nos ha escuchado y ha incluido cinco de ellos en el de este Comit\u00e9<\/a>.<\/p>\n<p>Los acuerdos que se han adoptado son:<\/p>\n<p>1.&nbsp;&nbsp;&nbsp;&nbsp;&nbsp;&nbsp; <u>Aprobar el acta de la sesi\u00f3n anterior<\/u>, de 9 de marzo de 2017.<\/p>\n<p>2.&nbsp;&nbsp;&nbsp;&nbsp;&nbsp;&nbsp; <u>Dos traslados por motivos de salud<\/u>. UGT ha solicitado, y el Concejal de Personal ha contestado que se abordar\u00e1 este problema, que se aborde, por su relaci\u00f3n con este punto, el problema de la falta de seguridad que padecen los trabajadores cuyo puesto de trabajo no est\u00e1 en el Ayuntamiento o en Ribalaygua, \u00fanicas dependencias con presencia de la Polic\u00eda Local.<\/p>\n<p>3.&nbsp;&nbsp;&nbsp;&nbsp;&nbsp;&nbsp; <u>Realizar los estudios higi\u00e9nicos pendientes,<\/u>sobre calidad del aire, ruido, campos electromagn\u00e9ticos, etc,, para lo que se asignar\u00e1 , de manera temporal , la realizaci\u00f3n de estas funciones a dos t\u00e9cnicos del Servicio de Prevenci\u00f3n . UGT, una vez m\u00e1s, apuesta por la utilizaci\u00f3n de &nbsp;recursos propios y ha solicitado la convocatoria inminente del concurso para la provisi\u00f3n del puesto de T\u00e9cnico de Seguridad, aprobada en Mesa de Negociaci\u00f3n de noviembre de 2016 y la cobertura de la plaza vacante de T\u00e9cnico de Higiene.<\/p>\n<p>4.&nbsp;&nbsp;&nbsp;&nbsp;&nbsp;&nbsp; <u>Solicitar, en relaci\u00f3n con la petici\u00f3n de Dep\u00f3sito de Medicamentos, informe detallado con motivaci\u00f3n<\/u>de tal petici\u00f3n, que no se ha presentado y dado la Consejer\u00eda de Sanidad, al renovar la autorizaci\u00f3n de funcionamiento de nuestro Centro de Vigilancia de Salud, nunca le ha exigido .<\/p>\n<p>5.&nbsp;&nbsp;&nbsp;&nbsp;&nbsp;&nbsp; <u>Asignar la Vicepresidencia del Comit\u00e9 a un Delegado de Prevenci\u00f3n<\/u>, tal y como establece su Reglamento, La ostentaremos de manera rotatoria cada dos meses, siguiendo como orden la representatividad obtenida en las \u00faltimas elecciones sindicales: UGT, CSIF,CCOO y APL. La Vicepresidencia implica legitimaci\u00f3n para convocar el Comit\u00e9 de acuerdo a lo establecido en su Reglamento, de manera ordinaria una vez al mes y extraordinaria cuando sea necesario, mandato &nbsp;que su Presidente, el Concejal de Personal y hasta ahora \u00fanico legitimado para convocarlo, ha incumplido reiteradamente, a pesar de nuestras peticiones y denuncias.<\/p>\n<p>6.&nbsp;&nbsp; &nbsp;<u>Formaci\u00f3n espec\u00edfica, especialmente en procedimientos a seguir, para Delegados de Prevenci\u00f3n con cargo a esta partida,<\/u>&nbsp;aspecto que desde UGT consideramos fundamental para poder responder de manera eficaz cuando os tengamos que asistir en una materia de importancia capital como es la Prevenci\u00f3n de Riesgos Laborales.<\/p>\n<p>7.&nbsp;&nbsp;&nbsp; En ruegos y Preguntas, UGT:<\/p>\n<p>-Solicit\u00f3 explicaciones sobre la contrataci\u00f3n de un enfermero, dado que la falta de personal hab\u00eda supuesto la paralizaci\u00f3n, ya en el mes de julio. de los preceptivos reconocimientos m\u00e9dicos a los trabajadores. Se nos ha informado que se ha procedido a la misma, a trav\u00e9s del Colegio de Enfermer\u00eda al no existir candidatos del EMCAN.<\/p>\n<p>-Record\u00f3 la existencia de una solicitud de la Junta de Personal para que se instalar\u00e1n desfibriladores en todos los centros de Trabajo. El Concejal de Personal indic\u00f3 que se intentar\u00e1 elaborar un Plan Cardiovascular, que incluya los desfibriladores.<\/p>\n<p>-Reitero su solicitud de abordar en el seno de este Comit\u00e9 la resoluci\u00f3n de expedientes psicosociales.<\/p>\n<p>&#8211; <a href=\"http:\/\/ugtaytosantander.es\/portal\/wp-content\/uploads\/2017\/09\/SOLICITUD_MAQUINAS_AGUA.pdf\">Reitero su solicitud de instalaci\u00f3n de m\u00e1quinas dispensadoras de agua en todas las dependencias del Ayuntamiento&nbsp;<\/a> habiendo recibido numerosas quejas de los trabajadores relativas al mal sabor del agua en algunas dependencias, especialmente en el edificio del Ayuntamiento.<\/p>\n<p>-Solicito la aprobaci\u00f3n de un Protocolo para la resoluci\u00f3n de conflictos organizativos, sabiendo que algunos compa\u00f1eros est\u00e1n viviendo una situaci\u00f3n insostenible en su d\u00eda a d\u00eda sin que nadie tome ninguna medida.<\/p>\n<p>-Expuso la reciente visita del Inspector de Trabajo para comprobar la soluci\u00f3n adoptada para acabar con las corrientes de aire en el patio de Atenci\u00f3n al Ciudadano. El Ayuntamiento instal\u00f3 una cortina de aire caliente y un sistema de bloqueo para que las dos puertas no se abr\u00e1n a la vez, pero no se utiliza <em>porque a algunos no les gusta<\/em>. Exigimos, una vez m\u00e1s y como no puede ser de otra manera, que las indicaciones del Servicio de Prevenci\u00f3n se cumplan a rajatabla.<\/p>\n","protected":false},"excerpt":{"rendered":"<p>&nbsp; UGT, siempre velando por la Prevenci\u00f3n de Riesgos Laborales, solicit\u00f3&nbsp; el pasado 4 de julio la convocatoria del Comit\u00e9 de Seguridad y Salud, con la inclusi\u00f3n en el orden del d\u00eda de &nbsp;asuntos que, por su importancia y trascendencia en la salud de nuestros compa\u00f1eros, exig\u00edan una inminente soluci\u00f3n. El Ayuntamiento, por una vez, [&hellip;]<\/p>\n","protected":false},"author":1,"featured_media":0,"comment_status":"open","ping_status":"open","sticky":false,"template":"","format":"standard","meta":{"_exactmetrics_skip_tracking":false,"_exactmetrics_sitenote_active":false,"_exactmetrics_sitenote_note":"","_exactmetrics_sitenote_category":0,"_genesis_hide_title":false,"_genesis_hide_breadcrumbs":false,"_genesis_hide_singular_image":false,"_genesis_hide_footer_widgets":false,"_genesis_custom_body_class":"","_genesis_custom_post_class":"","_genesis_layout":"","footnotes":""},"categories":[70,71],"tags":[],"class_list":{"0":"post-1112","1":"post","2":"type-post","3":"status-publish","4":"format-standard","6":"category-actas","7":"category-comite-seguridad-y-salud-laboral","8":"entry"},"yoast_head":"<!-- This site is optimized with the Yoast SEO plugin v27.5 - https:\/\/yoast.com\/product\/yoast-seo-wordpress\/ -->\n<title>Comit\u00e9 de Seguirdad y Salud convocado el 21\/09\/2017. - UGT Ayuntamiento de Santander<\/title>\n<meta name=\"robots\" content=\"index, follow, max-snippet:-1, max-image-preview:large, max-video-preview:-1\" \/>\n<link rel=\"canonical\" href=\"https:\/\/ugtaytosantander.es\/portal\/comite-de-seguridad-y-salud-convocado-el-21-de-septiembre-de-2017\/\" \/>\n<meta property=\"og:locale\" content=\"es_ES\" \/>\n<meta property=\"og:type\" content=\"article\" \/>\n<meta property=\"og:title\" content=\"Comit\u00e9 de Seguirdad y Salud convocado el 21\/09\/2017. - UGT Ayuntamiento de Santander\" \/>\n<meta property=\"og:description\" content=\"&nbsp; UGT, siempre velando por la Prevenci\u00f3n de Riesgos Laborales, solicit\u00f3&nbsp; el pasado 4 de julio la convocatoria del Comit\u00e9 de Seguridad y Salud, con la inclusi\u00f3n en el orden del d\u00eda de &nbsp;asuntos que, por su importancia y trascendencia en la salud de nuestros compa\u00f1eros, exig\u00edan una inminente soluci\u00f3n. El Ayuntamiento, por una vez, [&hellip;]\" \/>\n<meta property=\"og:url\" content=\"https:\/\/ugtaytosantander.es\/portal\/comite-de-seguridad-y-salud-convocado-el-21-de-septiembre-de-2017\/\" \/>\n<meta property=\"og:site_name\" content=\"UGT Ayuntamiento de Santander\" \/>\n<meta property=\"article:published_time\" content=\"2017-09-25T10:03:19+00:00\" \/>\n<meta property=\"article:modified_time\" content=\"2019-05-21T11:32:14+00:00\" \/>\n<meta name=\"author\" content=\"dbolivar\" \/>\n<meta name=\"twitter:card\" content=\"summary_large_image\" \/>\n<meta name=\"twitter:label1\" content=\"Escrito por\" \/>\n\t<meta name=\"twitter:data1\" content=\"dbolivar\" \/>\n\t<meta name=\"twitter:label2\" content=\"Tiempo de lectura\" \/>\n\t<meta name=\"twitter:data2\" content=\"4 minutos\" \/>\n<script type=\"application\/ld+json\" class=\"yoast-schema-graph\">{\"@context\":\"https:\\\/\\\/schema.org\",\"@graph\":[{\"@type\":\"Article\",\"@id\":\"https:\\\/\\\/ugtaytosantander.es\\\/portal\\\/comite-de-seguridad-y-salud-convocado-el-21-de-septiembre-de-2017\\\/#article\",\"isPartOf\":{\"@id\":\"https:\\\/\\\/ugtaytosantander.es\\\/portal\\\/comite-de-seguridad-y-salud-convocado-el-21-de-septiembre-de-2017\\\/\"},\"author\":{\"name\":\"dbolivar\",\"@id\":\"https:\\\/\\\/ugtaytosantander.es\\\/portal\\\/#\\\/schema\\\/person\\\/24c95b10a8fcd8f39624cfde527769f7\"},\"headline\":\"Comit\u00e9 de Seguirdad y Salud convocado el 21\\\/09\\\/2017.\",\"datePublished\":\"2017-09-25T10:03:19+00:00\",\"dateModified\":\"2019-05-21T11:32:14+00:00\",\"mainEntityOfPage\":{\"@id\":\"https:\\\/\\\/ugtaytosantander.es\\\/portal\\\/comite-de-seguridad-y-salud-convocado-el-21-de-septiembre-de-2017\\\/\"},\"wordCount\":783,\"commentCount\":0,\"publisher\":{\"@id\":\"https:\\\/\\\/ugtaytosantander.es\\\/portal\\\/#organization\"},\"articleSection\":[\"Actas Mesas Negociaci\u00f3n\",\"Comite Seguridad y Salud Laboral\"],\"inLanguage\":\"es\",\"potentialAction\":[{\"@type\":\"CommentAction\",\"name\":\"Comment\",\"target\":[\"https:\\\/\\\/ugtaytosantander.es\\\/portal\\\/comite-de-seguridad-y-salud-convocado-el-21-de-septiembre-de-2017\\\/#respond\"]}]},{\"@type\":\"WebPage\",\"@id\":\"https:\\\/\\\/ugtaytosantander.es\\\/portal\\\/comite-de-seguridad-y-salud-convocado-el-21-de-septiembre-de-2017\\\/\",\"url\":\"https:\\\/\\\/ugtaytosantander.es\\\/portal\\\/comite-de-seguridad-y-salud-convocado-el-21-de-septiembre-de-2017\\\/\",\"name\":\"Comit\u00e9 de Seguirdad y Salud convocado el 21\\\/09\\\/2017. - UGT Ayuntamiento de Santander\",\"isPartOf\":{\"@id\":\"https:\\\/\\\/ugtaytosantander.es\\\/portal\\\/#website\"},\"datePublished\":\"2017-09-25T10:03:19+00:00\",\"dateModified\":\"2019-05-21T11:32:14+00:00\",\"breadcrumb\":{\"@id\":\"https:\\\/\\\/ugtaytosantander.es\\\/portal\\\/comite-de-seguridad-y-salud-convocado-el-21-de-septiembre-de-2017\\\/#breadcrumb\"},\"inLanguage\":\"es\",\"potentialAction\":[{\"@type\":\"ReadAction\",\"target\":[\"https:\\\/\\\/ugtaytosantander.es\\\/portal\\\/comite-de-seguridad-y-salud-convocado-el-21-de-septiembre-de-2017\\\/\"]}]},{\"@type\":\"BreadcrumbList\",\"@id\":\"https:\\\/\\\/ugtaytosantander.es\\\/portal\\\/comite-de-seguridad-y-salud-convocado-el-21-de-septiembre-de-2017\\\/#breadcrumb\",\"itemListElement\":[{\"@type\":\"ListItem\",\"position\":1,\"name\":\"Portada\",\"item\":\"https:\\\/\\\/ugtaytosantander.es\\\/portal\\\/\"},{\"@type\":\"ListItem\",\"position\":2,\"name\":\"Comit\u00e9 de Seguirdad y Salud convocado el 21\\\/09\\\/2017.\"}]},{\"@type\":\"WebSite\",\"@id\":\"https:\\\/\\\/ugtaytosantander.es\\\/portal\\\/#website\",\"url\":\"https:\\\/\\\/ugtaytosantander.es\\\/portal\\\/\",\"name\":\"UGT Ayuntamiento de Santander\",\"description\":\"Seccion Sindical UGT Ayto Santander\",\"publisher\":{\"@id\":\"https:\\\/\\\/ugtaytosantander.es\\\/portal\\\/#organization\"},\"potentialAction\":[{\"@type\":\"SearchAction\",\"target\":{\"@type\":\"EntryPoint\",\"urlTemplate\":\"https:\\\/\\\/ugtaytosantander.es\\\/portal\\\/?s={search_term_string}\"},\"query-input\":{\"@type\":\"PropertyValueSpecification\",\"valueRequired\":true,\"valueName\":\"search_term_string\"}}],\"inLanguage\":\"es\"},{\"@type\":\"Organization\",\"@id\":\"https:\\\/\\\/ugtaytosantander.es\\\/portal\\\/#organization\",\"name\":\"Secci\u00f3n Sindical de UGT del Ayuntamiento de Santander\",\"url\":\"https:\\\/\\\/ugtaytosantander.es\\\/portal\\\/\",\"logo\":{\"@type\":\"ImageObject\",\"inLanguage\":\"es\",\"@id\":\"https:\\\/\\\/ugtaytosantander.es\\\/portal\\\/#\\\/schema\\\/logo\\\/image\\\/\",\"url\":\"https:\\\/\\\/ugtaytosantander.es\\\/portal\\\/wp-content\\\/uploads\\\/2019\\\/03\\\/Logo-FESP200.png\",\"contentUrl\":\"https:\\\/\\\/ugtaytosantander.es\\\/portal\\\/wp-content\\\/uploads\\\/2019\\\/03\\\/Logo-FESP200.png\",\"width\":200,\"height\":123,\"caption\":\"Secci\u00f3n Sindical de UGT del Ayuntamiento de Santander\"},\"image\":{\"@id\":\"https:\\\/\\\/ugtaytosantander.es\\\/portal\\\/#\\\/schema\\\/logo\\\/image\\\/\"}},{\"@type\":\"Person\",\"@id\":\"https:\\\/\\\/ugtaytosantander.es\\\/portal\\\/#\\\/schema\\\/person\\\/24c95b10a8fcd8f39624cfde527769f7\",\"name\":\"dbolivar\",\"url\":\"https:\\\/\\\/ugtaytosantander.es\\\/portal\\\/author\\\/dbolivar\\\/\"}]}<\/script>\n<!-- \/ Yoast SEO plugin. -->","yoast_head_json":{"title":"Comit\u00e9 de Seguirdad y Salud convocado el 21\/09\/2017. - UGT Ayuntamiento de Santander","robots":{"index":"index","follow":"follow","max-snippet":"max-snippet:-1","max-image-preview":"max-image-preview:large","max-video-preview":"max-video-preview:-1"},"canonical":"https:\/\/ugtaytosantander.es\/portal\/comite-de-seguridad-y-salud-convocado-el-21-de-septiembre-de-2017\/","og_locale":"es_ES","og_type":"article","og_title":"Comit\u00e9 de Seguirdad y Salud convocado el 21\/09\/2017. - UGT Ayuntamiento de Santander","og_description":"&nbsp; UGT, siempre velando por la Prevenci\u00f3n de Riesgos Laborales, solicit\u00f3&nbsp; el pasado 4 de julio la convocatoria del Comit\u00e9 de Seguridad y Salud, con la inclusi\u00f3n en el orden del d\u00eda de &nbsp;asuntos que, por su importancia y trascendencia en la salud de nuestros compa\u00f1eros, exig\u00edan una inminente soluci\u00f3n. El Ayuntamiento, por una vez, [&hellip;]","og_url":"https:\/\/ugtaytosantander.es\/portal\/comite-de-seguridad-y-salud-convocado-el-21-de-septiembre-de-2017\/","og_site_name":"UGT Ayuntamiento de Santander","article_published_time":"2017-09-25T10:03:19+00:00","article_modified_time":"2019-05-21T11:32:14+00:00","author":"dbolivar","twitter_card":"summary_large_image","twitter_misc":{"Escrito por":"dbolivar","Tiempo de lectura":"4 minutos"},"schema":{"@context":"https:\/\/schema.org","@graph":[{"@type":"Article","@id":"https:\/\/ugtaytosantander.es\/portal\/comite-de-seguridad-y-salud-convocado-el-21-de-septiembre-de-2017\/#article","isPartOf":{"@id":"https:\/\/ugtaytosantander.es\/portal\/comite-de-seguridad-y-salud-convocado-el-21-de-septiembre-de-2017\/"},"author":{"name":"dbolivar","@id":"https:\/\/ugtaytosantander.es\/portal\/#\/schema\/person\/24c95b10a8fcd8f39624cfde527769f7"},"headline":"Comit\u00e9 de Seguirdad y Salud convocado el 21\/09\/2017.","datePublished":"2017-09-25T10:03:19+00:00","dateModified":"2019-05-21T11:32:14+00:00","mainEntityOfPage":{"@id":"https:\/\/ugtaytosantander.es\/portal\/comite-de-seguridad-y-salud-convocado-el-21-de-septiembre-de-2017\/"},"wordCount":783,"commentCount":0,"publisher":{"@id":"https:\/\/ugtaytosantander.es\/portal\/#organization"},"articleSection":["Actas Mesas Negociaci\u00f3n","Comite Seguridad y Salud Laboral"],"inLanguage":"es","potentialAction":[{"@type":"CommentAction","name":"Comment","target":["https:\/\/ugtaytosantander.es\/portal\/comite-de-seguridad-y-salud-convocado-el-21-de-septiembre-de-2017\/#respond"]}]},{"@type":"WebPage","@id":"https:\/\/ugtaytosantander.es\/portal\/comite-de-seguridad-y-salud-convocado-el-21-de-septiembre-de-2017\/","url":"https:\/\/ugtaytosantander.es\/portal\/comite-de-seguridad-y-salud-convocado-el-21-de-septiembre-de-2017\/","name":"Comit\u00e9 de Seguirdad y Salud convocado el 21\/09\/2017. - UGT Ayuntamiento de Santander","isPartOf":{"@id":"https:\/\/ugtaytosantander.es\/portal\/#website"},"datePublished":"2017-09-25T10:03:19+00:00","dateModified":"2019-05-21T11:32:14+00:00","breadcrumb":{"@id":"https:\/\/ugtaytosantander.es\/portal\/comite-de-seguridad-y-salud-convocado-el-21-de-septiembre-de-2017\/#breadcrumb"},"inLanguage":"es","potentialAction":[{"@type":"ReadAction","target":["https:\/\/ugtaytosantander.es\/portal\/comite-de-seguridad-y-salud-convocado-el-21-de-septiembre-de-2017\/"]}]},{"@type":"BreadcrumbList","@id":"https:\/\/ugtaytosantander.es\/portal\/comite-de-seguridad-y-salud-convocado-el-21-de-septiembre-de-2017\/#breadcrumb","itemListElement":[{"@type":"ListItem","position":1,"name":"Portada","item":"https:\/\/ugtaytosantander.es\/portal\/"},{"@type":"ListItem","position":2,"name":"Comit\u00e9 de Seguirdad y Salud convocado el 21\/09\/2017."}]},{"@type":"WebSite","@id":"https:\/\/ugtaytosantander.es\/portal\/#website","url":"https:\/\/ugtaytosantander.es\/portal\/","name":"UGT Ayuntamiento de Santander","description":"Seccion Sindical UGT Ayto Santander","publisher":{"@id":"https:\/\/ugtaytosantander.es\/portal\/#organization"},"potentialAction":[{"@type":"SearchAction","target":{"@type":"EntryPoint","urlTemplate":"https:\/\/ugtaytosantander.es\/portal\/?s={search_term_string}"},"query-input":{"@type":"PropertyValueSpecification","valueRequired":true,"valueName":"search_term_string"}}],"inLanguage":"es"},{"@type":"Organization","@id":"https:\/\/ugtaytosantander.es\/portal\/#organization","name":"Secci\u00f3n Sindical de UGT del Ayuntamiento de Santander","url":"https:\/\/ugtaytosantander.es\/portal\/","logo":{"@type":"ImageObject","inLanguage":"es","@id":"https:\/\/ugtaytosantander.es\/portal\/#\/schema\/logo\/image\/","url":"https:\/\/ugtaytosantander.es\/portal\/wp-content\/uploads\/2019\/03\/Logo-FESP200.png","contentUrl":"https:\/\/ugtaytosantander.es\/portal\/wp-content\/uploads\/2019\/03\/Logo-FESP200.png","width":200,"height":123,"caption":"Secci\u00f3n Sindical de UGT del Ayuntamiento de Santander"},"image":{"@id":"https:\/\/ugtaytosantander.es\/portal\/#\/schema\/logo\/image\/"}},{"@type":"Person","@id":"https:\/\/ugtaytosantander.es\/portal\/#\/schema\/person\/24c95b10a8fcd8f39624cfde527769f7","name":"dbolivar","url":"https:\/\/ugtaytosantander.es\/portal\/author\/dbolivar\/"}]}},"publishpress_future_action":{"enabled":false,"date":"2026-05-10 13:11:43","action":"change-status","newStatus":"trash","terms":[],"taxonomy":"category","extraData":[]},"publishpress_future_workflow_manual_trigger":{"enabledWorkflows":[]},"_links":{"self":[{"href":"https:\/\/ugtaytosantander.es\/portal\/wp-json\/wp\/v2\/posts\/1112","targetHints":{"allow":["GET"]}}],"collection":[{"href":"https:\/\/ugtaytosantander.es\/portal\/wp-json\/wp\/v2\/posts"}],"about":[{"href":"https:\/\/ugtaytosantander.es\/portal\/wp-json\/wp\/v2\/types\/post"}],"author":[{"embeddable":true,"href":"https:\/\/ugtaytosantander.es\/portal\/wp-json\/wp\/v2\/users\/1"}],"replies":[{"embeddable":true,"href":"https:\/\/ugtaytosantander.es\/portal\/wp-json\/wp\/v2\/comments?post=1112"}],"version-history":[{"count":2,"href":"https:\/\/ugtaytosantander.es\/portal\/wp-json\/wp\/v2\/posts\/1112\/revisions"}],"predecessor-version":[{"id":1839,"href":"https:\/\/ugtaytosantander.es\/portal\/wp-json\/wp\/v2\/posts\/1112\/revisions\/1839"}],"wp:attachment":[{"href":"https:\/\/ugtaytosantander.es\/portal\/wp-json\/wp\/v2\/media?parent=1112"}],"wp:term":[{"taxonomy":"category","embeddable":true,"href":"https:\/\/ugtaytosantander.es\/portal\/wp-json\/wp\/v2\/categories?post=1112"},{"taxonomy":"post_tag","embeddable":true,"href":"https:\/\/ugtaytosantander.es\/portal\/wp-json\/wp\/v2\/tags?post=1112"}],"curies":[{"name":"wp","href":"https:\/\/api.w.org\/{rel}","templated":true}]}}