{"id":1823,"date":"2019-05-21T13:20:08","date_gmt":"2019-05-21T11:20:08","guid":{"rendered":"http:\/\/ugtaytosantander.es\/portal\/?p=1823"},"modified":"2019-05-21T13:20:08","modified_gmt":"2019-05-21T11:20:08","slug":"resumen-mesa-general-de-asuntos-comunes-de-10-de-abril-de-2019","status":"publish","type":"post","link":"https:\/\/ugtaytosantander.es\/portal\/resumen-mesa-general-de-asuntos-comunes-de-10-de-abril-de-2019\/","title":{"rendered":"Res\u00famen Mesa General de Asuntos Comunes de 10 de Abril de 2019"},"content":{"rendered":"\n<p>Res\u00famen Mesa General de Asuntos Comunes de 10 de Abril de 2019<\/p>\n\n\n\n<ol class=\"wp-block-list\"><li>Se ha aprobado el acta de la sesion anterior<\/li><li>Se ha aprobado la Oferta Publica de Empleo adicional a la de 2018&nbsp;<ul><li>36 plazas de policia por el turno libre)<\/li><li>1 &nbsp;Subinspector, 1 oficial y 9 policia por provision por movilidad<\/li><li>1 Subinspector y 3 oficial por el turno de promoci\u00f3n interna<\/li><\/ul><\/li><li>UGT y los otros dos sindicatos con representacion en la Mesa han votado a favor al obtener el compromiso de negociacion en un plazo m\u00e1ximo de 2 meses de la OPE 2019<\/li><li>En Ruegos y Preguntas se ha exigido el aumento del 0.3 % de la masa salarial, un calendario de trabajo para este a\u00f1o para la Banda de Musica y solucion para los puestos no dotados del plus de especial cualificacion inform\u00e1tica pero con id\u00e9nticas funciones a otros que si lo perciben.<\/li><li>Ademas, se nos ha informado de q el acuerdo alcanzado para aumento del plus de festividad para los puestos de policia no se materializa porque sigue pendiente de imforme por el Jefe de la Policia, al que apoyan algunos representantes sindicales que paradojicamente estuvieron presentes en las reuniones en las que se negocio este acuerdo.<\/li><\/ol>\n","protected":false},"excerpt":{"rendered":"<p>Res\u00famen Mesa General de Asuntos Comunes de 10 de Abril de 2019 Se ha aprobado el acta de la sesion anterior Se ha aprobado la Oferta Publica de Empleo adicional a la de 2018&nbsp; 36 plazas de policia por el turno libre) 1 &nbsp;Subinspector, 1 oficial y 9 policia por provision por movilidad 1 Subinspector [&hellip;]<\/p>\n","protected":false},"author":1,"featured_media":0,"comment_status":"closed","ping_status":"open","sticky":false,"template":"","format":"standard","meta":{"_exactmetrics_skip_tracking":false,"_exactmetrics_sitenote_active":false,"_exactmetrics_sitenote_note":"","_exactmetrics_sitenote_category":0,"_genesis_hide_title":false,"_genesis_hide_breadcrumbs":false,"_genesis_hide_singular_image":false,"_genesis_hide_footer_widgets":false,"_genesis_custom_body_class":"","_genesis_custom_post_class":"","_genesis_layout":"","footnotes":""},"categories":[70,74],"tags":[],"class_list":{"0":"post-1823","1":"post","2":"type-post","3":"status-publish","4":"format-standard","6":"category-actas","7":"category-mesa-general-de-asuntos-comunes","8":"entry"},"yoast_head":"<!-- This site is optimized with the Yoast SEO plugin v27.5 - https:\/\/yoast.com\/product\/yoast-seo-wordpress\/ -->\n<title>Res\u00famen Mesa General de Asuntos Comunes de 10 de Abril de 2019 - UGT Ayuntamiento de Santander<\/title>\n<meta name=\"robots\" content=\"index, follow, max-snippet:-1, max-image-preview:large, max-video-preview:-1\" \/>\n<link rel=\"canonical\" href=\"https:\/\/ugtaytosantander.es\/portal\/resumen-mesa-general-de-asuntos-comunes-de-10-de-abril-de-2019\/\" \/>\n<meta property=\"og:locale\" content=\"es_ES\" \/>\n<meta property=\"og:type\" content=\"article\" \/>\n<meta property=\"og:title\" content=\"Res\u00famen Mesa General de Asuntos Comunes de 10 de Abril de 2019 - UGT Ayuntamiento de Santander\" \/>\n<meta property=\"og:description\" content=\"Res\u00famen Mesa General de Asuntos Comunes de 10 de Abril de 2019 Se ha aprobado el acta de la sesion anterior Se ha aprobado la Oferta Publica de Empleo adicional a la de 2018&nbsp; 36 plazas de policia por el turno libre) 1 &nbsp;Subinspector, 1 oficial y 9 policia por provision por movilidad 1 Subinspector [&hellip;]\" \/>\n<meta property=\"og:url\" content=\"https:\/\/ugtaytosantander.es\/portal\/resumen-mesa-general-de-asuntos-comunes-de-10-de-abril-de-2019\/\" \/>\n<meta property=\"og:site_name\" content=\"UGT Ayuntamiento de Santander\" \/>\n<meta property=\"article:published_time\" content=\"2019-05-21T11:20:08+00:00\" \/>\n<meta name=\"author\" content=\"dbolivar\" \/>\n<meta name=\"twitter:card\" content=\"summary_large_image\" \/>\n<meta name=\"twitter:label1\" content=\"Escrito por\" \/>\n\t<meta name=\"twitter:data1\" content=\"dbolivar\" \/>\n\t<meta name=\"twitter:label2\" content=\"Tiempo de lectura\" \/>\n\t<meta name=\"twitter:data2\" content=\"1 minuto\" \/>\n<script type=\"application\/ld+json\" class=\"yoast-schema-graph\">{\"@context\":\"https:\\\/\\\/schema.org\",\"@graph\":[{\"@type\":\"Article\",\"@id\":\"https:\\\/\\\/ugtaytosantander.es\\\/portal\\\/resumen-mesa-general-de-asuntos-comunes-de-10-de-abril-de-2019\\\/#article\",\"isPartOf\":{\"@id\":\"https:\\\/\\\/ugtaytosantander.es\\\/portal\\\/resumen-mesa-general-de-asuntos-comunes-de-10-de-abril-de-2019\\\/\"},\"author\":{\"name\":\"dbolivar\",\"@id\":\"https:\\\/\\\/ugtaytosantander.es\\\/portal\\\/#\\\/schema\\\/person\\\/24c95b10a8fcd8f39624cfde527769f7\"},\"headline\":\"Res\u00famen Mesa General de Asuntos Comunes de 10 de Abril de 2019\",\"datePublished\":\"2019-05-21T11:20:08+00:00\",\"mainEntityOfPage\":{\"@id\":\"https:\\\/\\\/ugtaytosantander.es\\\/portal\\\/resumen-mesa-general-de-asuntos-comunes-de-10-de-abril-de-2019\\\/\"},\"wordCount\":208,\"publisher\":{\"@id\":\"https:\\\/\\\/ugtaytosantander.es\\\/portal\\\/#organization\"},\"articleSection\":[\"Actas Mesas Negociaci\u00f3n\",\"Mesa General de Asuntos Comunes\"],\"inLanguage\":\"es\"},{\"@type\":\"WebPage\",\"@id\":\"https:\\\/\\\/ugtaytosantander.es\\\/portal\\\/resumen-mesa-general-de-asuntos-comunes-de-10-de-abril-de-2019\\\/\",\"url\":\"https:\\\/\\\/ugtaytosantander.es\\\/portal\\\/resumen-mesa-general-de-asuntos-comunes-de-10-de-abril-de-2019\\\/\",\"name\":\"Res\u00famen Mesa General de Asuntos Comunes de 10 de Abril de 2019 - UGT Ayuntamiento de Santander\",\"isPartOf\":{\"@id\":\"https:\\\/\\\/ugtaytosantander.es\\\/portal\\\/#website\"},\"datePublished\":\"2019-05-21T11:20:08+00:00\",\"breadcrumb\":{\"@id\":\"https:\\\/\\\/ugtaytosantander.es\\\/portal\\\/resumen-mesa-general-de-asuntos-comunes-de-10-de-abril-de-2019\\\/#breadcrumb\"},\"inLanguage\":\"es\",\"potentialAction\":[{\"@type\":\"ReadAction\",\"target\":[\"https:\\\/\\\/ugtaytosantander.es\\\/portal\\\/resumen-mesa-general-de-asuntos-comunes-de-10-de-abril-de-2019\\\/\"]}]},{\"@type\":\"BreadcrumbList\",\"@id\":\"https:\\\/\\\/ugtaytosantander.es\\\/portal\\\/resumen-mesa-general-de-asuntos-comunes-de-10-de-abril-de-2019\\\/#breadcrumb\",\"itemListElement\":[{\"@type\":\"ListItem\",\"position\":1,\"name\":\"Portada\",\"item\":\"https:\\\/\\\/ugtaytosantander.es\\\/portal\\\/\"},{\"@type\":\"ListItem\",\"position\":2,\"name\":\"Res\u00famen Mesa General de Asuntos Comunes de 10 de Abril de 2019\"}]},{\"@type\":\"WebSite\",\"@id\":\"https:\\\/\\\/ugtaytosantander.es\\\/portal\\\/#website\",\"url\":\"https:\\\/\\\/ugtaytosantander.es\\\/portal\\\/\",\"name\":\"UGT Ayuntamiento de Santander\",\"description\":\"Seccion Sindical UGT Ayto Santander\",\"publisher\":{\"@id\":\"https:\\\/\\\/ugtaytosantander.es\\\/portal\\\/#organization\"},\"potentialAction\":[{\"@type\":\"SearchAction\",\"target\":{\"@type\":\"EntryPoint\",\"urlTemplate\":\"https:\\\/\\\/ugtaytosantander.es\\\/portal\\\/?s={search_term_string}\"},\"query-input\":{\"@type\":\"PropertyValueSpecification\",\"valueRequired\":true,\"valueName\":\"search_term_string\"}}],\"inLanguage\":\"es\"},{\"@type\":\"Organization\",\"@id\":\"https:\\\/\\\/ugtaytosantander.es\\\/portal\\\/#organization\",\"name\":\"Secci\u00f3n Sindical de UGT del Ayuntamiento de Santander\",\"url\":\"https:\\\/\\\/ugtaytosantander.es\\\/portal\\\/\",\"logo\":{\"@type\":\"ImageObject\",\"inLanguage\":\"es\",\"@id\":\"https:\\\/\\\/ugtaytosantander.es\\\/portal\\\/#\\\/schema\\\/logo\\\/image\\\/\",\"url\":\"https:\\\/\\\/ugtaytosantander.es\\\/portal\\\/wp-content\\\/uploads\\\/2019\\\/03\\\/Logo-FESP200.png\",\"contentUrl\":\"https:\\\/\\\/ugtaytosantander.es\\\/portal\\\/wp-content\\\/uploads\\\/2019\\\/03\\\/Logo-FESP200.png\",\"width\":200,\"height\":123,\"caption\":\"Secci\u00f3n Sindical de UGT del Ayuntamiento de Santander\"},\"image\":{\"@id\":\"https:\\\/\\\/ugtaytosantander.es\\\/portal\\\/#\\\/schema\\\/logo\\\/image\\\/\"}},{\"@type\":\"Person\",\"@id\":\"https:\\\/\\\/ugtaytosantander.es\\\/portal\\\/#\\\/schema\\\/person\\\/24c95b10a8fcd8f39624cfde527769f7\",\"name\":\"dbolivar\",\"url\":\"https:\\\/\\\/ugtaytosantander.es\\\/portal\\\/author\\\/dbolivar\\\/\"}]}<\/script>\n<!-- \/ Yoast SEO plugin. -->","yoast_head_json":{"title":"Res\u00famen Mesa General de Asuntos Comunes de 10 de Abril de 2019 - UGT Ayuntamiento de Santander","robots":{"index":"index","follow":"follow","max-snippet":"max-snippet:-1","max-image-preview":"max-image-preview:large","max-video-preview":"max-video-preview:-1"},"canonical":"https:\/\/ugtaytosantander.es\/portal\/resumen-mesa-general-de-asuntos-comunes-de-10-de-abril-de-2019\/","og_locale":"es_ES","og_type":"article","og_title":"Res\u00famen Mesa General de Asuntos Comunes de 10 de Abril de 2019 - UGT Ayuntamiento de Santander","og_description":"Res\u00famen Mesa General de Asuntos Comunes de 10 de Abril de 2019 Se ha aprobado el acta de la sesion anterior Se ha aprobado la Oferta Publica de Empleo adicional a la de 2018&nbsp; 36 plazas de policia por el turno libre) 1 &nbsp;Subinspector, 1 oficial y 9 policia por provision por movilidad 1 Subinspector [&hellip;]","og_url":"https:\/\/ugtaytosantander.es\/portal\/resumen-mesa-general-de-asuntos-comunes-de-10-de-abril-de-2019\/","og_site_name":"UGT Ayuntamiento de Santander","article_published_time":"2019-05-21T11:20:08+00:00","author":"dbolivar","twitter_card":"summary_large_image","twitter_misc":{"Escrito por":"dbolivar","Tiempo de lectura":"1 minuto"},"schema":{"@context":"https:\/\/schema.org","@graph":[{"@type":"Article","@id":"https:\/\/ugtaytosantander.es\/portal\/resumen-mesa-general-de-asuntos-comunes-de-10-de-abril-de-2019\/#article","isPartOf":{"@id":"https:\/\/ugtaytosantander.es\/portal\/resumen-mesa-general-de-asuntos-comunes-de-10-de-abril-de-2019\/"},"author":{"name":"dbolivar","@id":"https:\/\/ugtaytosantander.es\/portal\/#\/schema\/person\/24c95b10a8fcd8f39624cfde527769f7"},"headline":"Res\u00famen Mesa General de Asuntos Comunes de 10 de Abril de 2019","datePublished":"2019-05-21T11:20:08+00:00","mainEntityOfPage":{"@id":"https:\/\/ugtaytosantander.es\/portal\/resumen-mesa-general-de-asuntos-comunes-de-10-de-abril-de-2019\/"},"wordCount":208,"publisher":{"@id":"https:\/\/ugtaytosantander.es\/portal\/#organization"},"articleSection":["Actas Mesas Negociaci\u00f3n","Mesa General de Asuntos Comunes"],"inLanguage":"es"},{"@type":"WebPage","@id":"https:\/\/ugtaytosantander.es\/portal\/resumen-mesa-general-de-asuntos-comunes-de-10-de-abril-de-2019\/","url":"https:\/\/ugtaytosantander.es\/portal\/resumen-mesa-general-de-asuntos-comunes-de-10-de-abril-de-2019\/","name":"Res\u00famen Mesa General de Asuntos Comunes de 10 de Abril de 2019 - UGT Ayuntamiento de Santander","isPartOf":{"@id":"https:\/\/ugtaytosantander.es\/portal\/#website"},"datePublished":"2019-05-21T11:20:08+00:00","breadcrumb":{"@id":"https:\/\/ugtaytosantander.es\/portal\/resumen-mesa-general-de-asuntos-comunes-de-10-de-abril-de-2019\/#breadcrumb"},"inLanguage":"es","potentialAction":[{"@type":"ReadAction","target":["https:\/\/ugtaytosantander.es\/portal\/resumen-mesa-general-de-asuntos-comunes-de-10-de-abril-de-2019\/"]}]},{"@type":"BreadcrumbList","@id":"https:\/\/ugtaytosantander.es\/portal\/resumen-mesa-general-de-asuntos-comunes-de-10-de-abril-de-2019\/#breadcrumb","itemListElement":[{"@type":"ListItem","position":1,"name":"Portada","item":"https:\/\/ugtaytosantander.es\/portal\/"},{"@type":"ListItem","position":2,"name":"Res\u00famen Mesa General de Asuntos Comunes de 10 de Abril de 2019"}]},{"@type":"WebSite","@id":"https:\/\/ugtaytosantander.es\/portal\/#website","url":"https:\/\/ugtaytosantander.es\/portal\/","name":"UGT Ayuntamiento de Santander","description":"Seccion Sindical UGT Ayto Santander","publisher":{"@id":"https:\/\/ugtaytosantander.es\/portal\/#organization"},"potentialAction":[{"@type":"SearchAction","target":{"@type":"EntryPoint","urlTemplate":"https:\/\/ugtaytosantander.es\/portal\/?s={search_term_string}"},"query-input":{"@type":"PropertyValueSpecification","valueRequired":true,"valueName":"search_term_string"}}],"inLanguage":"es"},{"@type":"Organization","@id":"https:\/\/ugtaytosantander.es\/portal\/#organization","name":"Secci\u00f3n Sindical de UGT del Ayuntamiento de Santander","url":"https:\/\/ugtaytosantander.es\/portal\/","logo":{"@type":"ImageObject","inLanguage":"es","@id":"https:\/\/ugtaytosantander.es\/portal\/#\/schema\/logo\/image\/","url":"https:\/\/ugtaytosantander.es\/portal\/wp-content\/uploads\/2019\/03\/Logo-FESP200.png","contentUrl":"https:\/\/ugtaytosantander.es\/portal\/wp-content\/uploads\/2019\/03\/Logo-FESP200.png","width":200,"height":123,"caption":"Secci\u00f3n Sindical de UGT del Ayuntamiento de Santander"},"image":{"@id":"https:\/\/ugtaytosantander.es\/portal\/#\/schema\/logo\/image\/"}},{"@type":"Person","@id":"https:\/\/ugtaytosantander.es\/portal\/#\/schema\/person\/24c95b10a8fcd8f39624cfde527769f7","name":"dbolivar","url":"https:\/\/ugtaytosantander.es\/portal\/author\/dbolivar\/"}]}},"publishpress_future_action":{"enabled":false,"date":"2026-05-10 13:25:13","action":"change-status","newStatus":"trash","terms":[],"taxonomy":"category","extraData":[]},"publishpress_future_workflow_manual_trigger":{"enabledWorkflows":[]},"_links":{"self":[{"href":"https:\/\/ugtaytosantander.es\/portal\/wp-json\/wp\/v2\/posts\/1823","targetHints":{"allow":["GET"]}}],"collection":[{"href":"https:\/\/ugtaytosantander.es\/portal\/wp-json\/wp\/v2\/posts"}],"about":[{"href":"https:\/\/ugtaytosantander.es\/portal\/wp-json\/wp\/v2\/types\/post"}],"author":[{"embeddable":true,"href":"https:\/\/ugtaytosantander.es\/portal\/wp-json\/wp\/v2\/users\/1"}],"replies":[{"embeddable":true,"href":"https:\/\/ugtaytosantander.es\/portal\/wp-json\/wp\/v2\/comments?post=1823"}],"version-history":[{"count":1,"href":"https:\/\/ugtaytosantander.es\/portal\/wp-json\/wp\/v2\/posts\/1823\/revisions"}],"predecessor-version":[{"id":1824,"href":"https:\/\/ugtaytosantander.es\/portal\/wp-json\/wp\/v2\/posts\/1823\/revisions\/1824"}],"wp:attachment":[{"href":"https:\/\/ugtaytosantander.es\/portal\/wp-json\/wp\/v2\/media?parent=1823"}],"wp:term":[{"taxonomy":"category","embeddable":true,"href":"https:\/\/ugtaytosantander.es\/portal\/wp-json\/wp\/v2\/categories?post=1823"},{"taxonomy":"post_tag","embeddable":true,"href":"https:\/\/ugtaytosantander.es\/portal\/wp-json\/wp\/v2\/tags?post=1823"}],"curies":[{"name":"wp","href":"https:\/\/api.w.org\/{rel}","templated":true}]}}