{"id":1825,"date":"2019-05-21T13:20:54","date_gmt":"2019-05-21T11:20:54","guid":{"rendered":"http:\/\/ugtaytosantander.es\/portal\/?p=1825"},"modified":"2019-05-21T13:20:55","modified_gmt":"2019-05-21T11:20:55","slug":"resumen-mesa-general-de-asuntos-comunes-de-10-de-mayo-de-2019","status":"publish","type":"post","link":"https:\/\/ugtaytosantander.es\/portal\/resumen-mesa-general-de-asuntos-comunes-de-10-de-mayo-de-2019\/","title":{"rendered":"Res\u00famen Mesa General de Asuntos Comunes de 10 de Mayo de 2019"},"content":{"rendered":"\n<p><strong>MESA GENERAL DE ASUNTOS COMUNES AL PERSONAL FUNCIONARIO Y LABORAL CONVOCADA EL 10 DE MAYO DE 2019&nbsp;<\/strong><\/p>\n\n\n\n<p><strong>ORDEN DEL D\u00cdA<\/strong><\/p>\n\n\n\n<ol class=\"wp-block-list\"><li><strong>Lectura y aprobaci\u00f3n del acta de la \u00faltima reuni\u00f3n<\/strong>Se ha aprobado el acta de la sesi\u00f3n de 10 de abril de 2019.<\/li><li><strong>Propuesta Productividad Festivos Polic\u00eda Local<\/strong><\/li><\/ol>\n\n\n\n<p>Este acuerdo supone la asignaci\u00f3n a los funcionarios de la Polic\u00eda Local y a los de Agentes de movilidad (para quienes inicialmente no estaba previsto)&nbsp; de un complemento de productividad por objetivos, respecto del factor \u201casiduidad-puntualidad\u201d, por 12 mensualidades anuales de cuant\u00eda 60 euros a percibir con efectos retroactivos desde el d\u00eda 1 de enero de 2019. Es fruto de las conversaciones mantenidas por la Sra. Alcaldesa con los polic\u00edas de los seis sindicatos con representatividad en el Ayuntamiento de Santander, que manifestaron su conformidad con una cantidad mensual de 51 euros.&nbsp; Se aprob\u00f3 en Mesa Sectorial de Polic\u00edas y Agentes de movilidad el 12 de julio de 2018, con la condici\u00f3n de que<em>ser\u00e1n los servicios t\u00e9cnicos municipales los que establezcan cuales han de ser los mecanismos para materializar esta propuesta<\/em>.. Un informe del Jefe de Servicio de Inspecci\u00f3n, Evaluaci\u00f3n y Calidad se\u00f1ala que&nbsp;<em>se estima inviable la modificaci\u00f3n del factor de trabajo en festivo integrante del complemento espec\u00edfico, y se plantea como alternativa la aplicaci\u00f3n de un complemento de productividad asociado al cumplimiento de una serie de objetivos a cuyo efecto, l\u00f3gicamente, deber\u00e1 presentarse la oportuna propuesta motivada para su estudio y valoraci\u00f3n&nbsp;<\/em>(acta de la Mesa General de asuntos comunes al personal funcionario y laboral convocada el d\u00eda 10 de abril de 2019).<\/p>\n\n\n\n<p>Y es esta la \u00fanica propuesta que se ha presentado en la Mesa de Negociaci\u00f3n. No, como han difundido otras Secciones Sindicales en una de sus habituales campa\u00f1as de&nbsp;<strong>desinformaci\u00f3n<\/strong>, otras propuestas (como la que asigna 60 euros ahora, 70 en el a\u00f1o 2020 y 80 en el 2021 o la que retribuye la jornada en festivo como horas extraordinarias), que s\u00f3lo existen en su imaginaci\u00f3n y nunca han sido planteadas por el Ayuntamiento.<\/p>\n\n\n\n<p>Desde UGT, como no pod\u00eda ser de otra manera, hemos&nbsp; solicitado por escrito y vamos a trabajar para exigir que la&nbsp;<strong>SRA. ALCALDESA EXTIENDA EL COMPROMISO ALCANZADO CON LOS POLIC\u00cdAS LOCALES Y AGENTES DE MOVILIDAD A LA&nbsp;TOTALIDAD DE LOS EMPLEADOS P\u00daBLICOS DEL AYUNTAMIENTO, CON LA ASIGNACI\u00d3N A TODOS LOS PUESTOS DE TRABAJO DEL MISMO COMPLEMENTO DE PRODUCTIVIDAD.<\/strong><\/p>\n\n\n\n<p>Mientras que CSIF se ha limitado a solicitar un aumento de la cantidad de esta productividad a 70 euros en el a\u00f1o 2020 y 80 euros en el a\u00f1o 2021 solamente para polic\u00edas y agentes de movilidad, CCOO SI QUE HOS HA APOYADO EN NUESTRA EXIGENCIA A LA ALCALDESA<strong>. UGT y CCOO hemos solicitado una reuni\u00f3n a la Alcaldesa,&nbsp;<\/strong>de la que os daremos cuenta en cuanto se celebre.<\/p>\n\n\n\n<ol class=\"wp-block-list\"><li><strong>Ruegos y Preguntas<\/strong>En este punto, UGT ha manifestado que se acaba la legislatura y quedan asuntos muy importantes pendientes de negociaci\u00f3n, por ejemplo, y con car\u00e1cter general, la&nbsp;<strong>aplicaci\u00f3n,<\/strong>&nbsp;previsiblemente &nbsp;a &nbsp;un incremento lineal del complemento espec\u00edfico,<strong>del aumento del 0.3% de la masa salarial<\/strong>, , la implantaci\u00f3n de&nbsp;<strong>la jornada de 35 horas semanales<\/strong>&nbsp;y los puestos de trabajo existentes en nuestro Ayuntamiento con menor remuneraci\u00f3n e id\u00e9nticas funciones tras despojarles &nbsp;del&nbsp;<strong>plus de especial cualificaci\u00f3n inform\u00e1tica<\/strong>, a los que hay que buscar soluci\u00f3n inmediata. Otros que ni siquiera suponen un coste econ\u00f3mico para el &nbsp;Ayuntamiento, como la&nbsp;<strong>equiparaci\u00f3n de la parte de la jornada de obligada presencia a otras Administraciones<\/strong>. Y otros m\u00e1s concretos, como que a estas alturas del a\u00f1o siga sin aprobarse el&nbsp;<strong>Calendario de la Banda de M\u00fasica<\/strong>, sobre lo &nbsp;que se nos ha informado que existe una propuesta de horario y de calendario &nbsp;que se informar\u00e1 por los t\u00e9cnicos municipales para tratarlo en Mesa de Negociaci\u00f3n.El Concejal de Personal ha informado, adem\u00e1s, de &nbsp;que se constituir\u00e1n Mesas Sectoriales y el Comit\u00e9 de Seguridad y Salud.<\/li><\/ol>\n","protected":false},"excerpt":{"rendered":"<p>MESA GENERAL DE ASUNTOS COMUNES AL PERSONAL FUNCIONARIO Y LABORAL CONVOCADA EL 10 DE MAYO DE 2019&nbsp; ORDEN DEL D\u00cdA Lectura y aprobaci\u00f3n del acta de la \u00faltima reuni\u00f3nSe ha aprobado el acta de la sesi\u00f3n de 10 de abril de 2019. Propuesta Productividad Festivos Polic\u00eda Local Este acuerdo supone la asignaci\u00f3n a los funcionarios [&hellip;]<\/p>\n","protected":false},"author":1,"featured_media":0,"comment_status":"closed","ping_status":"open","sticky":false,"template":"","format":"standard","meta":{"_exactmetrics_skip_tracking":false,"_exactmetrics_sitenote_active":false,"_exactmetrics_sitenote_note":"","_exactmetrics_sitenote_category":0,"_genesis_hide_title":false,"_genesis_hide_breadcrumbs":false,"_genesis_hide_singular_image":false,"_genesis_hide_footer_widgets":false,"_genesis_custom_body_class":"","_genesis_custom_post_class":"","_genesis_layout":"","footnotes":""},"categories":[70,74],"tags":[],"class_list":{"0":"post-1825","1":"post","2":"type-post","3":"status-publish","4":"format-standard","6":"category-actas","7":"category-mesa-general-de-asuntos-comunes","8":"entry"},"yoast_head":"<!-- This site is optimized with the Yoast SEO plugin v27.5 - https:\/\/yoast.com\/product\/yoast-seo-wordpress\/ -->\n<title>Res\u00famen Mesa General de Asuntos Comunes de 10 de Mayo de 2019 - UGT Ayuntamiento de Santander<\/title>\n<meta name=\"robots\" content=\"index, follow, max-snippet:-1, max-image-preview:large, max-video-preview:-1\" \/>\n<link rel=\"canonical\" href=\"https:\/\/ugtaytosantander.es\/portal\/resumen-mesa-general-de-asuntos-comunes-de-10-de-mayo-de-2019\/\" \/>\n<meta property=\"og:locale\" content=\"es_ES\" \/>\n<meta property=\"og:type\" content=\"article\" \/>\n<meta property=\"og:title\" content=\"Res\u00famen Mesa General de Asuntos Comunes de 10 de Mayo de 2019 - UGT Ayuntamiento de Santander\" \/>\n<meta property=\"og:description\" content=\"MESA GENERAL DE ASUNTOS COMUNES AL PERSONAL FUNCIONARIO Y LABORAL CONVOCADA EL 10 DE MAYO DE 2019&nbsp; ORDEN DEL D\u00cdA Lectura y aprobaci\u00f3n del acta de la \u00faltima reuni\u00f3nSe ha aprobado el acta de la sesi\u00f3n de 10 de abril de 2019. Propuesta Productividad Festivos Polic\u00eda Local Este acuerdo supone la asignaci\u00f3n a los funcionarios [&hellip;]\" \/>\n<meta property=\"og:url\" content=\"https:\/\/ugtaytosantander.es\/portal\/resumen-mesa-general-de-asuntos-comunes-de-10-de-mayo-de-2019\/\" \/>\n<meta property=\"og:site_name\" content=\"UGT Ayuntamiento de Santander\" \/>\n<meta property=\"article:published_time\" content=\"2019-05-21T11:20:54+00:00\" \/>\n<meta property=\"article:modified_time\" content=\"2019-05-21T11:20:55+00:00\" \/>\n<meta name=\"author\" content=\"dbolivar\" \/>\n<meta name=\"twitter:card\" content=\"summary_large_image\" \/>\n<meta name=\"twitter:label1\" content=\"Escrito por\" \/>\n\t<meta name=\"twitter:data1\" content=\"dbolivar\" \/>\n\t<meta name=\"twitter:label2\" content=\"Tiempo de lectura\" \/>\n\t<meta name=\"twitter:data2\" content=\"4 minutos\" \/>\n<script type=\"application\/ld+json\" class=\"yoast-schema-graph\">{\"@context\":\"https:\\\/\\\/schema.org\",\"@graph\":[{\"@type\":\"Article\",\"@id\":\"https:\\\/\\\/ugtaytosantander.es\\\/portal\\\/resumen-mesa-general-de-asuntos-comunes-de-10-de-mayo-de-2019\\\/#article\",\"isPartOf\":{\"@id\":\"https:\\\/\\\/ugtaytosantander.es\\\/portal\\\/resumen-mesa-general-de-asuntos-comunes-de-10-de-mayo-de-2019\\\/\"},\"author\":{\"name\":\"dbolivar\",\"@id\":\"https:\\\/\\\/ugtaytosantander.es\\\/portal\\\/#\\\/schema\\\/person\\\/24c95b10a8fcd8f39624cfde527769f7\"},\"headline\":\"Res\u00famen Mesa General de Asuntos Comunes de 10 de Mayo de 2019\",\"datePublished\":\"2019-05-21T11:20:54+00:00\",\"dateModified\":\"2019-05-21T11:20:55+00:00\",\"mainEntityOfPage\":{\"@id\":\"https:\\\/\\\/ugtaytosantander.es\\\/portal\\\/resumen-mesa-general-de-asuntos-comunes-de-10-de-mayo-de-2019\\\/\"},\"wordCount\":711,\"publisher\":{\"@id\":\"https:\\\/\\\/ugtaytosantander.es\\\/portal\\\/#organization\"},\"articleSection\":[\"Actas Mesas Negociaci\u00f3n\",\"Mesa General de Asuntos Comunes\"],\"inLanguage\":\"es\"},{\"@type\":\"WebPage\",\"@id\":\"https:\\\/\\\/ugtaytosantander.es\\\/portal\\\/resumen-mesa-general-de-asuntos-comunes-de-10-de-mayo-de-2019\\\/\",\"url\":\"https:\\\/\\\/ugtaytosantander.es\\\/portal\\\/resumen-mesa-general-de-asuntos-comunes-de-10-de-mayo-de-2019\\\/\",\"name\":\"Res\u00famen Mesa General de Asuntos Comunes de 10 de Mayo de 2019 - UGT Ayuntamiento de Santander\",\"isPartOf\":{\"@id\":\"https:\\\/\\\/ugtaytosantander.es\\\/portal\\\/#website\"},\"datePublished\":\"2019-05-21T11:20:54+00:00\",\"dateModified\":\"2019-05-21T11:20:55+00:00\",\"breadcrumb\":{\"@id\":\"https:\\\/\\\/ugtaytosantander.es\\\/portal\\\/resumen-mesa-general-de-asuntos-comunes-de-10-de-mayo-de-2019\\\/#breadcrumb\"},\"inLanguage\":\"es\",\"potentialAction\":[{\"@type\":\"ReadAction\",\"target\":[\"https:\\\/\\\/ugtaytosantander.es\\\/portal\\\/resumen-mesa-general-de-asuntos-comunes-de-10-de-mayo-de-2019\\\/\"]}]},{\"@type\":\"BreadcrumbList\",\"@id\":\"https:\\\/\\\/ugtaytosantander.es\\\/portal\\\/resumen-mesa-general-de-asuntos-comunes-de-10-de-mayo-de-2019\\\/#breadcrumb\",\"itemListElement\":[{\"@type\":\"ListItem\",\"position\":1,\"name\":\"Portada\",\"item\":\"https:\\\/\\\/ugtaytosantander.es\\\/portal\\\/\"},{\"@type\":\"ListItem\",\"position\":2,\"name\":\"Res\u00famen Mesa General de Asuntos Comunes de 10 de Mayo de 2019\"}]},{\"@type\":\"WebSite\",\"@id\":\"https:\\\/\\\/ugtaytosantander.es\\\/portal\\\/#website\",\"url\":\"https:\\\/\\\/ugtaytosantander.es\\\/portal\\\/\",\"name\":\"UGT Ayuntamiento de Santander\",\"description\":\"Seccion Sindical UGT Ayto Santander\",\"publisher\":{\"@id\":\"https:\\\/\\\/ugtaytosantander.es\\\/portal\\\/#organization\"},\"potentialAction\":[{\"@type\":\"SearchAction\",\"target\":{\"@type\":\"EntryPoint\",\"urlTemplate\":\"https:\\\/\\\/ugtaytosantander.es\\\/portal\\\/?s={search_term_string}\"},\"query-input\":{\"@type\":\"PropertyValueSpecification\",\"valueRequired\":true,\"valueName\":\"search_term_string\"}}],\"inLanguage\":\"es\"},{\"@type\":\"Organization\",\"@id\":\"https:\\\/\\\/ugtaytosantander.es\\\/portal\\\/#organization\",\"name\":\"Secci\u00f3n Sindical de UGT del Ayuntamiento de Santander\",\"url\":\"https:\\\/\\\/ugtaytosantander.es\\\/portal\\\/\",\"logo\":{\"@type\":\"ImageObject\",\"inLanguage\":\"es\",\"@id\":\"https:\\\/\\\/ugtaytosantander.es\\\/portal\\\/#\\\/schema\\\/logo\\\/image\\\/\",\"url\":\"https:\\\/\\\/ugtaytosantander.es\\\/portal\\\/wp-content\\\/uploads\\\/2019\\\/03\\\/Logo-FESP200.png\",\"contentUrl\":\"https:\\\/\\\/ugtaytosantander.es\\\/portal\\\/wp-content\\\/uploads\\\/2019\\\/03\\\/Logo-FESP200.png\",\"width\":200,\"height\":123,\"caption\":\"Secci\u00f3n Sindical de UGT del Ayuntamiento de Santander\"},\"image\":{\"@id\":\"https:\\\/\\\/ugtaytosantander.es\\\/portal\\\/#\\\/schema\\\/logo\\\/image\\\/\"}},{\"@type\":\"Person\",\"@id\":\"https:\\\/\\\/ugtaytosantander.es\\\/portal\\\/#\\\/schema\\\/person\\\/24c95b10a8fcd8f39624cfde527769f7\",\"name\":\"dbolivar\",\"url\":\"https:\\\/\\\/ugtaytosantander.es\\\/portal\\\/author\\\/dbolivar\\\/\"}]}<\/script>\n<!-- \/ Yoast SEO plugin. -->","yoast_head_json":{"title":"Res\u00famen Mesa General de Asuntos Comunes de 10 de Mayo de 2019 - UGT Ayuntamiento de Santander","robots":{"index":"index","follow":"follow","max-snippet":"max-snippet:-1","max-image-preview":"max-image-preview:large","max-video-preview":"max-video-preview:-1"},"canonical":"https:\/\/ugtaytosantander.es\/portal\/resumen-mesa-general-de-asuntos-comunes-de-10-de-mayo-de-2019\/","og_locale":"es_ES","og_type":"article","og_title":"Res\u00famen Mesa General de Asuntos Comunes de 10 de Mayo de 2019 - UGT Ayuntamiento de Santander","og_description":"MESA GENERAL DE ASUNTOS COMUNES AL PERSONAL FUNCIONARIO Y LABORAL CONVOCADA EL 10 DE MAYO DE 2019&nbsp; ORDEN DEL D\u00cdA Lectura y aprobaci\u00f3n del acta de la \u00faltima reuni\u00f3nSe ha aprobado el acta de la sesi\u00f3n de 10 de abril de 2019. Propuesta Productividad Festivos Polic\u00eda Local Este acuerdo supone la asignaci\u00f3n a los funcionarios [&hellip;]","og_url":"https:\/\/ugtaytosantander.es\/portal\/resumen-mesa-general-de-asuntos-comunes-de-10-de-mayo-de-2019\/","og_site_name":"UGT Ayuntamiento de Santander","article_published_time":"2019-05-21T11:20:54+00:00","article_modified_time":"2019-05-21T11:20:55+00:00","author":"dbolivar","twitter_card":"summary_large_image","twitter_misc":{"Escrito por":"dbolivar","Tiempo de lectura":"4 minutos"},"schema":{"@context":"https:\/\/schema.org","@graph":[{"@type":"Article","@id":"https:\/\/ugtaytosantander.es\/portal\/resumen-mesa-general-de-asuntos-comunes-de-10-de-mayo-de-2019\/#article","isPartOf":{"@id":"https:\/\/ugtaytosantander.es\/portal\/resumen-mesa-general-de-asuntos-comunes-de-10-de-mayo-de-2019\/"},"author":{"name":"dbolivar","@id":"https:\/\/ugtaytosantander.es\/portal\/#\/schema\/person\/24c95b10a8fcd8f39624cfde527769f7"},"headline":"Res\u00famen Mesa General de Asuntos Comunes de 10 de Mayo de 2019","datePublished":"2019-05-21T11:20:54+00:00","dateModified":"2019-05-21T11:20:55+00:00","mainEntityOfPage":{"@id":"https:\/\/ugtaytosantander.es\/portal\/resumen-mesa-general-de-asuntos-comunes-de-10-de-mayo-de-2019\/"},"wordCount":711,"publisher":{"@id":"https:\/\/ugtaytosantander.es\/portal\/#organization"},"articleSection":["Actas Mesas Negociaci\u00f3n","Mesa General de Asuntos Comunes"],"inLanguage":"es"},{"@type":"WebPage","@id":"https:\/\/ugtaytosantander.es\/portal\/resumen-mesa-general-de-asuntos-comunes-de-10-de-mayo-de-2019\/","url":"https:\/\/ugtaytosantander.es\/portal\/resumen-mesa-general-de-asuntos-comunes-de-10-de-mayo-de-2019\/","name":"Res\u00famen Mesa General de Asuntos Comunes de 10 de Mayo de 2019 - UGT Ayuntamiento de Santander","isPartOf":{"@id":"https:\/\/ugtaytosantander.es\/portal\/#website"},"datePublished":"2019-05-21T11:20:54+00:00","dateModified":"2019-05-21T11:20:55+00:00","breadcrumb":{"@id":"https:\/\/ugtaytosantander.es\/portal\/resumen-mesa-general-de-asuntos-comunes-de-10-de-mayo-de-2019\/#breadcrumb"},"inLanguage":"es","potentialAction":[{"@type":"ReadAction","target":["https:\/\/ugtaytosantander.es\/portal\/resumen-mesa-general-de-asuntos-comunes-de-10-de-mayo-de-2019\/"]}]},{"@type":"BreadcrumbList","@id":"https:\/\/ugtaytosantander.es\/portal\/resumen-mesa-general-de-asuntos-comunes-de-10-de-mayo-de-2019\/#breadcrumb","itemListElement":[{"@type":"ListItem","position":1,"name":"Portada","item":"https:\/\/ugtaytosantander.es\/portal\/"},{"@type":"ListItem","position":2,"name":"Res\u00famen Mesa General de Asuntos Comunes de 10 de Mayo de 2019"}]},{"@type":"WebSite","@id":"https:\/\/ugtaytosantander.es\/portal\/#website","url":"https:\/\/ugtaytosantander.es\/portal\/","name":"UGT Ayuntamiento de Santander","description":"Seccion Sindical UGT Ayto Santander","publisher":{"@id":"https:\/\/ugtaytosantander.es\/portal\/#organization"},"potentialAction":[{"@type":"SearchAction","target":{"@type":"EntryPoint","urlTemplate":"https:\/\/ugtaytosantander.es\/portal\/?s={search_term_string}"},"query-input":{"@type":"PropertyValueSpecification","valueRequired":true,"valueName":"search_term_string"}}],"inLanguage":"es"},{"@type":"Organization","@id":"https:\/\/ugtaytosantander.es\/portal\/#organization","name":"Secci\u00f3n Sindical de UGT del Ayuntamiento de Santander","url":"https:\/\/ugtaytosantander.es\/portal\/","logo":{"@type":"ImageObject","inLanguage":"es","@id":"https:\/\/ugtaytosantander.es\/portal\/#\/schema\/logo\/image\/","url":"https:\/\/ugtaytosantander.es\/portal\/wp-content\/uploads\/2019\/03\/Logo-FESP200.png","contentUrl":"https:\/\/ugtaytosantander.es\/portal\/wp-content\/uploads\/2019\/03\/Logo-FESP200.png","width":200,"height":123,"caption":"Secci\u00f3n Sindical de UGT del Ayuntamiento de Santander"},"image":{"@id":"https:\/\/ugtaytosantander.es\/portal\/#\/schema\/logo\/image\/"}},{"@type":"Person","@id":"https:\/\/ugtaytosantander.es\/portal\/#\/schema\/person\/24c95b10a8fcd8f39624cfde527769f7","name":"dbolivar","url":"https:\/\/ugtaytosantander.es\/portal\/author\/dbolivar\/"}]}},"publishpress_future_action":{"enabled":false,"date":"2026-05-10 12:19:59","action":"change-status","newStatus":"trash","terms":[],"taxonomy":"category","extraData":[]},"publishpress_future_workflow_manual_trigger":{"enabledWorkflows":[]},"_links":{"self":[{"href":"https:\/\/ugtaytosantander.es\/portal\/wp-json\/wp\/v2\/posts\/1825","targetHints":{"allow":["GET"]}}],"collection":[{"href":"https:\/\/ugtaytosantander.es\/portal\/wp-json\/wp\/v2\/posts"}],"about":[{"href":"https:\/\/ugtaytosantander.es\/portal\/wp-json\/wp\/v2\/types\/post"}],"author":[{"embeddable":true,"href":"https:\/\/ugtaytosantander.es\/portal\/wp-json\/wp\/v2\/users\/1"}],"replies":[{"embeddable":true,"href":"https:\/\/ugtaytosantander.es\/portal\/wp-json\/wp\/v2\/comments?post=1825"}],"version-history":[{"count":1,"href":"https:\/\/ugtaytosantander.es\/portal\/wp-json\/wp\/v2\/posts\/1825\/revisions"}],"predecessor-version":[{"id":1826,"href":"https:\/\/ugtaytosantander.es\/portal\/wp-json\/wp\/v2\/posts\/1825\/revisions\/1826"}],"wp:attachment":[{"href":"https:\/\/ugtaytosantander.es\/portal\/wp-json\/wp\/v2\/media?parent=1825"}],"wp:term":[{"taxonomy":"category","embeddable":true,"href":"https:\/\/ugtaytosantander.es\/portal\/wp-json\/wp\/v2\/categories?post=1825"},{"taxonomy":"post_tag","embeddable":true,"href":"https:\/\/ugtaytosantander.es\/portal\/wp-json\/wp\/v2\/tags?post=1825"}],"curies":[{"name":"wp","href":"https:\/\/api.w.org\/{rel}","templated":true}]}}