{"id":2144,"date":"2019-07-19T15:44:38","date_gmt":"2019-07-19T13:44:38","guid":{"rendered":"http:\/\/ugtaytosantander.es\/portal\/?p=2144"},"modified":"2019-07-19T15:44:38","modified_gmt":"2019-07-19T13:44:38","slug":"ugt-rubrica-la-ope-de-2019-del-ayuntamiento-de-santander-que-cubrira-todas-las-vacantes-de-la-policia-local","status":"publish","type":"post","link":"https:\/\/ugtaytosantander.es\/portal\/ugt-rubrica-la-ope-de-2019-del-ayuntamiento-de-santander-que-cubrira-todas-las-vacantes-de-la-policia-local\/","title":{"rendered":"UGT rubrica la OPE de 2019 del Ayuntamiento de Santander que cubrir\u00e1 todas las vacantes de la polic\u00eda local."},"content":{"rendered":"<p style=\"text-align: justify;\">La central ugetista rechaza que otros sindicatos critiquen fuera de las mesas de negociaci\u00f3n la escasez de agentes provocada por sus propias demandas judiciales<\/p>\n<p style=\"text-align: justify;\">UGT, sindicato mayoritario en el Ayuntamiento de Santander tanto entre el personal funcionario como en el laboral, ha rubricado hoy en la mesa general de negociaci\u00f3n la implantaci\u00f3n de la jornada laboral semanal de 35 horas, el aumento de la masa salarial (+0,3%) y la nueva Oferta P\u00fablica de Empleo (OPE) de 2019 que cubrir\u00e1 todas las vacantes de la polic\u00eda local.<\/p>\n<p style=\"text-align: justify;\">El sindicato precisa que en la OPE de 2019; de las 40 plazas aprobadas por turno libre, que sumadas a las cuatro ya formalizadas alcanzan el n\u00famero m\u00e1ximo legal autorizado, 14 son de polic\u00edas y una de intendente; y que, de las 30 estipuladas por promoci\u00f3n interna, una es de oficial de polic\u00eda; con lo que \u00abtodas las plazas vacantes en la plantilla de polic\u00eda local quedan incluidas\u00bb.<\/p>\n<p style=\"text-align: justify;\">UGT aclara que, \u00ab<em>al margen de la actitud de representantes de autodenominados sindicatos policiales<\/em>\u00ab, solicit\u00f3 la reuni\u00f3n de la mesa general celebrada hoy \u00ab<em>por la trascendencia de los asuntos a tratar<\/em>\u00ab, tras rechazar \u00ab<em>el doble discurso que mantienen quienes exigen negociar y no tienen legitimidad para ello porque no cuentan con la suficiente representatividad sindical<\/em>\u00ab.<\/p>\n<p style=\"text-align: justify;\">En este sentido, UGT reprueba que \u00ab<em>estos sindicatos han tenido la incoherencia de plantear en una asamblea de trabajadores unas reivindicaciones econ\u00f3micas inasumibles por los sindicatos mayoritarios, salvo sorprendentemente por CSIF que s\u00ed tiene representaci\u00f3n en la mesa general y en la de polic\u00edas, porque simplemente lo que proponen es ilegal y, adem\u00e1s, exigen plazos para que se lleven a cabo<\/em>\u00ab.<\/p>\n<p style=\"text-align: justify;\">\u00ab<em>No es de recibo que estos sindicatos exijan plazos sin haberse constituido el nuevo equipo de Gobierno con la amenaza de no realizar horas extraordinarias y con unas reivindicaciones que nunca han planteado en la mesa de negociaci\u00f3n sectorial de polic\u00edas cuando en el mes de julio ha habido dos reuniones<\/em>\u00ab, matiza UGT en el consistorio santanderino.<\/p>\n<p style=\"text-align: justify;\"><span style=\"text-decoration: underline;\">Nuevas incorporaciones paralizadas judicialmente:<\/span><\/p>\n<p style=\"text-align: justify;\">El sindicato ugetista agrega que \u00ab<em>no s\u00f3lo no se plantean las propuestas en el \u00fanico foro de negociaci\u00f3n donde se pueden plantear, sino que adem\u00e1s lo transforman en una denuncia sobre las carencias de la plantilla de polic\u00eda local cuando los procesos selectivos para incorporar nuevos agentes est\u00e1n paralizados por las demandas judiciales que algunos de estos sindicatos han interpuesto, en concreto APLB y SIEP, \u00e9sta \u00faltima organizaci\u00f3n con representaci\u00f3n en la mesa sectorial de polic\u00edas<\/em>\u00ab.<\/p>\n<p style=\"text-align: justify;\">UGT reitera tambi\u00e9n su exigencia de que se cubra de <strong>manera definitiva<\/strong> la Jefatura de Polic\u00eda Local, actualmente ejercida por una asignaci\u00f3n de funciones de car\u00e1cter temporal como \u00ab<em>primera medida para poner fin al caos que algunos intentan que impere en la Polic\u00eda Local de Santander<\/em>\u00ab.<\/p>\n<p style=\"text-align: justify;\">\n","protected":false},"excerpt":{"rendered":"<p>La central ugetista rechaza que otros sindicatos critiquen fuera de las mesas de negociaci\u00f3n la escasez de agentes provocada por sus propias demandas judiciales UGT, sindicato mayoritario en el Ayuntamiento de Santander tanto entre el personal funcionario como en el laboral, ha rubricado hoy en la mesa general de negociaci\u00f3n la implantaci\u00f3n de la jornada [&hellip;]<\/p>\n","protected":false},"author":2,"featured_media":0,"comment_status":"closed","ping_status":"open","sticky":false,"template":"","format":"standard","meta":{"_exactmetrics_skip_tracking":false,"_exactmetrics_sitenote_active":false,"_exactmetrics_sitenote_note":"","_exactmetrics_sitenote_category":0,"_genesis_hide_title":false,"_genesis_hide_breadcrumbs":false,"_genesis_hide_singular_image":false,"_genesis_hide_footer_widgets":false,"_genesis_custom_body_class":"","_genesis_custom_post_class":"","_genesis_layout":"","footnotes":""},"categories":[74,54],"tags":[112],"class_list":{"0":"post-2144","1":"post","2":"type-post","3":"status-publish","4":"format-standard","6":"category-mesa-general-de-asuntos-comunes","7":"category-noticias","8":"tag-mesa-general-de-aacc","9":"entry"},"yoast_head":"<!-- This site is optimized with the Yoast SEO plugin v27.5 - https:\/\/yoast.com\/product\/yoast-seo-wordpress\/ -->\n<title>UGT rubrica la OPE de 2019 del Ayuntamiento de Santander que cubrir\u00e1 todas las vacantes de la polic\u00eda local. - UGT Ayuntamiento de Santander<\/title>\n<meta name=\"robots\" content=\"index, follow, max-snippet:-1, max-image-preview:large, max-video-preview:-1\" \/>\n<link rel=\"canonical\" href=\"https:\/\/ugtaytosantander.es\/portal\/ugt-rubrica-la-ope-de-2019-del-ayuntamiento-de-santander-que-cubrira-todas-las-vacantes-de-la-policia-local\/\" \/>\n<meta property=\"og:locale\" content=\"es_ES\" \/>\n<meta property=\"og:type\" content=\"article\" \/>\n<meta property=\"og:title\" content=\"UGT rubrica la OPE de 2019 del Ayuntamiento de Santander que cubrir\u00e1 todas las vacantes de la polic\u00eda local. - UGT Ayuntamiento de Santander\" \/>\n<meta property=\"og:description\" content=\"La central ugetista rechaza que otros sindicatos critiquen fuera de las mesas de negociaci\u00f3n la escasez de agentes provocada por sus propias demandas judiciales UGT, sindicato mayoritario en el Ayuntamiento de Santander tanto entre el personal funcionario como en el laboral, ha rubricado hoy en la mesa general de negociaci\u00f3n la implantaci\u00f3n de la jornada [&hellip;]\" \/>\n<meta property=\"og:url\" content=\"https:\/\/ugtaytosantander.es\/portal\/ugt-rubrica-la-ope-de-2019-del-ayuntamiento-de-santander-que-cubrira-todas-las-vacantes-de-la-policia-local\/\" \/>\n<meta property=\"og:site_name\" content=\"UGT Ayuntamiento de Santander\" \/>\n<meta property=\"article:published_time\" content=\"2019-07-19T13:44:38+00:00\" \/>\n<meta name=\"author\" content=\"Julio Barcena\" \/>\n<meta name=\"twitter:card\" content=\"summary_large_image\" \/>\n<meta name=\"twitter:label1\" content=\"Escrito por\" \/>\n\t<meta name=\"twitter:data1\" content=\"Julio Barcena\" \/>\n\t<meta name=\"twitter:label2\" content=\"Tiempo de lectura\" \/>\n\t<meta name=\"twitter:data2\" content=\"2 minutos\" \/>\n<script type=\"application\/ld+json\" class=\"yoast-schema-graph\">{\"@context\":\"https:\\\/\\\/schema.org\",\"@graph\":[{\"@type\":\"Article\",\"@id\":\"https:\\\/\\\/ugtaytosantander.es\\\/portal\\\/ugt-rubrica-la-ope-de-2019-del-ayuntamiento-de-santander-que-cubrira-todas-las-vacantes-de-la-policia-local\\\/#article\",\"isPartOf\":{\"@id\":\"https:\\\/\\\/ugtaytosantander.es\\\/portal\\\/ugt-rubrica-la-ope-de-2019-del-ayuntamiento-de-santander-que-cubrira-todas-las-vacantes-de-la-policia-local\\\/\"},\"author\":{\"name\":\"Julio Barcena\",\"@id\":\"https:\\\/\\\/ugtaytosantander.es\\\/portal\\\/#\\\/schema\\\/person\\\/ab095264bcbc15f126e32f8c4d53b250\"},\"headline\":\"UGT rubrica la OPE de 2019 del Ayuntamiento de Santander que cubrir\u00e1 todas las vacantes de la polic\u00eda local.\",\"datePublished\":\"2019-07-19T13:44:38+00:00\",\"mainEntityOfPage\":{\"@id\":\"https:\\\/\\\/ugtaytosantander.es\\\/portal\\\/ugt-rubrica-la-ope-de-2019-del-ayuntamiento-de-santander-que-cubrira-todas-las-vacantes-de-la-policia-local\\\/\"},\"wordCount\":496,\"publisher\":{\"@id\":\"https:\\\/\\\/ugtaytosantander.es\\\/portal\\\/#organization\"},\"keywords\":[\"Mesa General de AACC\"],\"articleSection\":[\"Mesa General de Asuntos Comunes\",\"Noticias\"],\"inLanguage\":\"es\"},{\"@type\":\"WebPage\",\"@id\":\"https:\\\/\\\/ugtaytosantander.es\\\/portal\\\/ugt-rubrica-la-ope-de-2019-del-ayuntamiento-de-santander-que-cubrira-todas-las-vacantes-de-la-policia-local\\\/\",\"url\":\"https:\\\/\\\/ugtaytosantander.es\\\/portal\\\/ugt-rubrica-la-ope-de-2019-del-ayuntamiento-de-santander-que-cubrira-todas-las-vacantes-de-la-policia-local\\\/\",\"name\":\"UGT rubrica la OPE de 2019 del Ayuntamiento de Santander que cubrir\u00e1 todas las vacantes de la polic\u00eda local. - UGT Ayuntamiento de Santander\",\"isPartOf\":{\"@id\":\"https:\\\/\\\/ugtaytosantander.es\\\/portal\\\/#website\"},\"datePublished\":\"2019-07-19T13:44:38+00:00\",\"breadcrumb\":{\"@id\":\"https:\\\/\\\/ugtaytosantander.es\\\/portal\\\/ugt-rubrica-la-ope-de-2019-del-ayuntamiento-de-santander-que-cubrira-todas-las-vacantes-de-la-policia-local\\\/#breadcrumb\"},\"inLanguage\":\"es\",\"potentialAction\":[{\"@type\":\"ReadAction\",\"target\":[\"https:\\\/\\\/ugtaytosantander.es\\\/portal\\\/ugt-rubrica-la-ope-de-2019-del-ayuntamiento-de-santander-que-cubrira-todas-las-vacantes-de-la-policia-local\\\/\"]}]},{\"@type\":\"BreadcrumbList\",\"@id\":\"https:\\\/\\\/ugtaytosantander.es\\\/portal\\\/ugt-rubrica-la-ope-de-2019-del-ayuntamiento-de-santander-que-cubrira-todas-las-vacantes-de-la-policia-local\\\/#breadcrumb\",\"itemListElement\":[{\"@type\":\"ListItem\",\"position\":1,\"name\":\"Portada\",\"item\":\"https:\\\/\\\/ugtaytosantander.es\\\/portal\\\/\"},{\"@type\":\"ListItem\",\"position\":2,\"name\":\"UGT rubrica la OPE de 2019 del Ayuntamiento de Santander que cubrir\u00e1 todas las vacantes de la polic\u00eda local.\"}]},{\"@type\":\"WebSite\",\"@id\":\"https:\\\/\\\/ugtaytosantander.es\\\/portal\\\/#website\",\"url\":\"https:\\\/\\\/ugtaytosantander.es\\\/portal\\\/\",\"name\":\"UGT Ayuntamiento de Santander\",\"description\":\"Seccion Sindical UGT Ayto Santander\",\"publisher\":{\"@id\":\"https:\\\/\\\/ugtaytosantander.es\\\/portal\\\/#organization\"},\"potentialAction\":[{\"@type\":\"SearchAction\",\"target\":{\"@type\":\"EntryPoint\",\"urlTemplate\":\"https:\\\/\\\/ugtaytosantander.es\\\/portal\\\/?s={search_term_string}\"},\"query-input\":{\"@type\":\"PropertyValueSpecification\",\"valueRequired\":true,\"valueName\":\"search_term_string\"}}],\"inLanguage\":\"es\"},{\"@type\":\"Organization\",\"@id\":\"https:\\\/\\\/ugtaytosantander.es\\\/portal\\\/#organization\",\"name\":\"Secci\u00f3n Sindical de UGT del Ayuntamiento de Santander\",\"url\":\"https:\\\/\\\/ugtaytosantander.es\\\/portal\\\/\",\"logo\":{\"@type\":\"ImageObject\",\"inLanguage\":\"es\",\"@id\":\"https:\\\/\\\/ugtaytosantander.es\\\/portal\\\/#\\\/schema\\\/logo\\\/image\\\/\",\"url\":\"https:\\\/\\\/ugtaytosantander.es\\\/portal\\\/wp-content\\\/uploads\\\/2019\\\/03\\\/Logo-FESP200.png\",\"contentUrl\":\"https:\\\/\\\/ugtaytosantander.es\\\/portal\\\/wp-content\\\/uploads\\\/2019\\\/03\\\/Logo-FESP200.png\",\"width\":200,\"height\":123,\"caption\":\"Secci\u00f3n Sindical de UGT del Ayuntamiento de Santander\"},\"image\":{\"@id\":\"https:\\\/\\\/ugtaytosantander.es\\\/portal\\\/#\\\/schema\\\/logo\\\/image\\\/\"}},{\"@type\":\"Person\",\"@id\":\"https:\\\/\\\/ugtaytosantander.es\\\/portal\\\/#\\\/schema\\\/person\\\/ab095264bcbc15f126e32f8c4d53b250\",\"name\":\"Julio Barcena\",\"sameAs\":[\"http:\\\/\\\/ugtaytosantander.es\\\/portal\\\/\"],\"url\":\"https:\\\/\\\/ugtaytosantander.es\\\/portal\\\/author\\\/jbr1254\\\/\"}]}<\/script>\n<!-- \/ Yoast SEO plugin. -->","yoast_head_json":{"title":"UGT rubrica la OPE de 2019 del Ayuntamiento de Santander que cubrir\u00e1 todas las vacantes de la polic\u00eda local. - UGT Ayuntamiento de Santander","robots":{"index":"index","follow":"follow","max-snippet":"max-snippet:-1","max-image-preview":"max-image-preview:large","max-video-preview":"max-video-preview:-1"},"canonical":"https:\/\/ugtaytosantander.es\/portal\/ugt-rubrica-la-ope-de-2019-del-ayuntamiento-de-santander-que-cubrira-todas-las-vacantes-de-la-policia-local\/","og_locale":"es_ES","og_type":"article","og_title":"UGT rubrica la OPE de 2019 del Ayuntamiento de Santander que cubrir\u00e1 todas las vacantes de la polic\u00eda local. - UGT Ayuntamiento de Santander","og_description":"La central ugetista rechaza que otros sindicatos critiquen fuera de las mesas de negociaci\u00f3n la escasez de agentes provocada por sus propias demandas judiciales UGT, sindicato mayoritario en el Ayuntamiento de Santander tanto entre el personal funcionario como en el laboral, ha rubricado hoy en la mesa general de negociaci\u00f3n la implantaci\u00f3n de la jornada [&hellip;]","og_url":"https:\/\/ugtaytosantander.es\/portal\/ugt-rubrica-la-ope-de-2019-del-ayuntamiento-de-santander-que-cubrira-todas-las-vacantes-de-la-policia-local\/","og_site_name":"UGT Ayuntamiento de Santander","article_published_time":"2019-07-19T13:44:38+00:00","author":"Julio Barcena","twitter_card":"summary_large_image","twitter_misc":{"Escrito por":"Julio Barcena","Tiempo de lectura":"2 minutos"},"schema":{"@context":"https:\/\/schema.org","@graph":[{"@type":"Article","@id":"https:\/\/ugtaytosantander.es\/portal\/ugt-rubrica-la-ope-de-2019-del-ayuntamiento-de-santander-que-cubrira-todas-las-vacantes-de-la-policia-local\/#article","isPartOf":{"@id":"https:\/\/ugtaytosantander.es\/portal\/ugt-rubrica-la-ope-de-2019-del-ayuntamiento-de-santander-que-cubrira-todas-las-vacantes-de-la-policia-local\/"},"author":{"name":"Julio Barcena","@id":"https:\/\/ugtaytosantander.es\/portal\/#\/schema\/person\/ab095264bcbc15f126e32f8c4d53b250"},"headline":"UGT rubrica la OPE de 2019 del Ayuntamiento de Santander que cubrir\u00e1 todas las vacantes de la polic\u00eda local.","datePublished":"2019-07-19T13:44:38+00:00","mainEntityOfPage":{"@id":"https:\/\/ugtaytosantander.es\/portal\/ugt-rubrica-la-ope-de-2019-del-ayuntamiento-de-santander-que-cubrira-todas-las-vacantes-de-la-policia-local\/"},"wordCount":496,"publisher":{"@id":"https:\/\/ugtaytosantander.es\/portal\/#organization"},"keywords":["Mesa General de AACC"],"articleSection":["Mesa General de Asuntos Comunes","Noticias"],"inLanguage":"es"},{"@type":"WebPage","@id":"https:\/\/ugtaytosantander.es\/portal\/ugt-rubrica-la-ope-de-2019-del-ayuntamiento-de-santander-que-cubrira-todas-las-vacantes-de-la-policia-local\/","url":"https:\/\/ugtaytosantander.es\/portal\/ugt-rubrica-la-ope-de-2019-del-ayuntamiento-de-santander-que-cubrira-todas-las-vacantes-de-la-policia-local\/","name":"UGT rubrica la OPE de 2019 del Ayuntamiento de Santander que cubrir\u00e1 todas las vacantes de la polic\u00eda local. - UGT Ayuntamiento de Santander","isPartOf":{"@id":"https:\/\/ugtaytosantander.es\/portal\/#website"},"datePublished":"2019-07-19T13:44:38+00:00","breadcrumb":{"@id":"https:\/\/ugtaytosantander.es\/portal\/ugt-rubrica-la-ope-de-2019-del-ayuntamiento-de-santander-que-cubrira-todas-las-vacantes-de-la-policia-local\/#breadcrumb"},"inLanguage":"es","potentialAction":[{"@type":"ReadAction","target":["https:\/\/ugtaytosantander.es\/portal\/ugt-rubrica-la-ope-de-2019-del-ayuntamiento-de-santander-que-cubrira-todas-las-vacantes-de-la-policia-local\/"]}]},{"@type":"BreadcrumbList","@id":"https:\/\/ugtaytosantander.es\/portal\/ugt-rubrica-la-ope-de-2019-del-ayuntamiento-de-santander-que-cubrira-todas-las-vacantes-de-la-policia-local\/#breadcrumb","itemListElement":[{"@type":"ListItem","position":1,"name":"Portada","item":"https:\/\/ugtaytosantander.es\/portal\/"},{"@type":"ListItem","position":2,"name":"UGT rubrica la OPE de 2019 del Ayuntamiento de Santander que cubrir\u00e1 todas las vacantes de la polic\u00eda local."}]},{"@type":"WebSite","@id":"https:\/\/ugtaytosantander.es\/portal\/#website","url":"https:\/\/ugtaytosantander.es\/portal\/","name":"UGT Ayuntamiento de Santander","description":"Seccion Sindical UGT Ayto Santander","publisher":{"@id":"https:\/\/ugtaytosantander.es\/portal\/#organization"},"potentialAction":[{"@type":"SearchAction","target":{"@type":"EntryPoint","urlTemplate":"https:\/\/ugtaytosantander.es\/portal\/?s={search_term_string}"},"query-input":{"@type":"PropertyValueSpecification","valueRequired":true,"valueName":"search_term_string"}}],"inLanguage":"es"},{"@type":"Organization","@id":"https:\/\/ugtaytosantander.es\/portal\/#organization","name":"Secci\u00f3n Sindical de UGT del Ayuntamiento de Santander","url":"https:\/\/ugtaytosantander.es\/portal\/","logo":{"@type":"ImageObject","inLanguage":"es","@id":"https:\/\/ugtaytosantander.es\/portal\/#\/schema\/logo\/image\/","url":"https:\/\/ugtaytosantander.es\/portal\/wp-content\/uploads\/2019\/03\/Logo-FESP200.png","contentUrl":"https:\/\/ugtaytosantander.es\/portal\/wp-content\/uploads\/2019\/03\/Logo-FESP200.png","width":200,"height":123,"caption":"Secci\u00f3n Sindical de UGT del Ayuntamiento de Santander"},"image":{"@id":"https:\/\/ugtaytosantander.es\/portal\/#\/schema\/logo\/image\/"}},{"@type":"Person","@id":"https:\/\/ugtaytosantander.es\/portal\/#\/schema\/person\/ab095264bcbc15f126e32f8c4d53b250","name":"Julio Barcena","sameAs":["http:\/\/ugtaytosantander.es\/portal\/"],"url":"https:\/\/ugtaytosantander.es\/portal\/author\/jbr1254\/"}]}},"publishpress_future_action":{"enabled":false,"date":"2026-05-10 11:13:59","action":"change-status","newStatus":"trash","terms":[],"taxonomy":"category","extraData":[]},"publishpress_future_workflow_manual_trigger":{"enabledWorkflows":[]},"_links":{"self":[{"href":"https:\/\/ugtaytosantander.es\/portal\/wp-json\/wp\/v2\/posts\/2144","targetHints":{"allow":["GET"]}}],"collection":[{"href":"https:\/\/ugtaytosantander.es\/portal\/wp-json\/wp\/v2\/posts"}],"about":[{"href":"https:\/\/ugtaytosantander.es\/portal\/wp-json\/wp\/v2\/types\/post"}],"author":[{"embeddable":true,"href":"https:\/\/ugtaytosantander.es\/portal\/wp-json\/wp\/v2\/users\/2"}],"replies":[{"embeddable":true,"href":"https:\/\/ugtaytosantander.es\/portal\/wp-json\/wp\/v2\/comments?post=2144"}],"version-history":[{"count":1,"href":"https:\/\/ugtaytosantander.es\/portal\/wp-json\/wp\/v2\/posts\/2144\/revisions"}],"predecessor-version":[{"id":2145,"href":"https:\/\/ugtaytosantander.es\/portal\/wp-json\/wp\/v2\/posts\/2144\/revisions\/2145"}],"wp:attachment":[{"href":"https:\/\/ugtaytosantander.es\/portal\/wp-json\/wp\/v2\/media?parent=2144"}],"wp:term":[{"taxonomy":"category","embeddable":true,"href":"https:\/\/ugtaytosantander.es\/portal\/wp-json\/wp\/v2\/categories?post=2144"},{"taxonomy":"post_tag","embeddable":true,"href":"https:\/\/ugtaytosantander.es\/portal\/wp-json\/wp\/v2\/tags?post=2144"}],"curies":[{"name":"wp","href":"https:\/\/api.w.org\/{rel}","templated":true}]}}