{"id":2230,"date":"2019-10-18T09:50:28","date_gmt":"2019-10-18T07:50:28","guid":{"rendered":"http:\/\/ugtaytosantander.es\/portal\/?p=2230"},"modified":"2019-10-18T10:17:03","modified_gmt":"2019-10-18T08:17:03","slug":"resumen-mesa-general-de-asuntos-comunes-celebrada-17-octubre-de-2019","status":"publish","type":"post","link":"https:\/\/ugtaytosantander.es\/portal\/resumen-mesa-general-de-asuntos-comunes-celebrada-17-octubre-de-2019\/","title":{"rendered":"Res\u00famen Mesa General de Asuntos Comunes celebrada 17 octubre de 2019"},"content":{"rendered":"<div dir=\"auto\"><strong>UGT INFORMA:<\/strong><\/div>\n<div dir=\"auto\"><\/div>\n<div dir=\"auto\">En la Mesa General de Negociaci\u00f3n de asuntos comunes al personal funcionario y laboral convocada hoy dia 17 de octubre, se han tratado los siguientes asuntos:<\/div>\n<div dir=\"auto\"><\/div>\n<div dir=\"auto\"><strong>1.- \u00a0LECTURA Y APROBACI\u00d3N DEL ACTA DE LA \u00daLTIMA REUNI\u00d3N, de 18 de julio de 2019.<\/strong><\/div>\n<div dir=\"auto\"><\/div>\n<div dir=\"auto\"><strong>2.- PLANTILLA 2020.<\/strong><\/div>\n<div dir=\"auto\" style=\"text-align: justify;\">Se nos ha presentado una propuesta de creaci\u00f3n de 3 plazas:\u00a0 SUBCOMISARIO SUBINSPECTOR DIRECTOR DE LA BIBLIOTECA MEN\u00c9NDEZ PELAYO.\u00a0Y la amortizaci\u00f3n de 13 plazas. (9) PROFESORES DE LA BANDA DE M\u00daSICA, (1) SARGENTO, (1) VIGILANTE, (1) CONDUCTOR Y (1) OFICIAL ALBA\u00d1IL.<\/div>\n<div dir=\"auto\" style=\"text-align: justify;\">UGT ha solicitado que se mantengan todas en Plantilla, pero s\u00f3lo hemos conseguido el compromiso de mantener las 9 plazas de Profesor de la Banda, dado que las otras son declaradas a extinguir. Tambi\u00e9n hemos solicitado conocer las peticiones existentes sobre necesidades de personal y las dotaciones presupuestarias para el a\u00f1o 2020, que aun no estan cerradas.<\/div>\n<div dir=\"auto\" style=\"text-align: justify;\">La creaci\u00f3n de la Plaza de DIRECTOR DE LA BIBLIOTECA MEN\u00c9NDEZ PELAYO fue un compromiso adquirido por el Ayuntamiento en agosto al firmar el Convenio con la Consejer\u00eda de Cultura del que no tuvo la cortes\u00eda de informarnos.<\/div>\n<div dir=\"auto\" style=\"text-align: justify;\">Y, como la creaci\u00f3n de la plaza de SUBCOMISARIO se ha motivado perfectamente porque ante la pr\u00f3xima incorporaci\u00f3n de un considerable n\u00famero de efectivos se estima necesario reforzar la estructura de mando, hemos exigido que se negocien de manera inmediata las bases para la plaza de INTENDENTE incluida en la OPE 2019.<\/div>\n<div dir=\"auto\"><\/div>\n<div dir=\"auto\" style=\"text-align: justify;\"><strong>3.- \u00a0BASES Y CONVOCATORIA PROVISI\u00d3N DEFINITIVA DE PUESTOS DE TRABAJO (CONCURSO).<\/strong><\/div>\n<div dir=\"auto\">Se han aprobado con el compromiso de convocatoria inmediata de un concurso para la provision de los siguientes puestos de trabajo:<\/div>\n<div dir=\"auto\">1 T\u00c9CNICO ADMINISTRACI\u00d3N GENERAL OBRAS<\/div>\n<div dir=\"auto\">1 T\u00c9CNICO ADMINISTRACI\u00d3N GENERAL CONTRATACI\u00d3N<\/div>\n<div dir=\"auto\">1 AUXILIAR ADMINISTRATIVO OBRAS<\/div>\n<div dir=\"auto\">1 AUXILIAR ADMINISTRATIVO GOBIERNO INTERIOR<\/div>\n<div dir=\"auto\">1 AUXILIAR ADMINISTRATIVO FESTEJOS<\/div>\n<div dir=\"auto\">1 AUXILIAR ADMINISTRATIVO SANCIONES<\/div>\n<div dir=\"auto\">1 AUXILIAR ADMINISTRATIVO SERVICIOS SOCIALES<\/div>\n<div dir=\"auto\">1 ORDENANZA CONSERJER\u00cdA<\/div>\n<div dir=\"auto\">1 ORDENANZA SERVICIOS SOCIALES<\/div>\n<div dir=\"auto\">1 VIGILANTE COLEGIOS<\/div>\n<div dir=\"auto\">1 VIGILANTE BIBLIOTECAS<\/div>\n<div dir=\"auto\">1 AUXILIAR ACTIVIDADES PARA LA SALUDM<\/div>\n<div dir=\"auto\">1 JEFE DE SERVICIO TURISMO<\/div>\n<div dir=\"auto\">1 ARQUITECTO TECNICO INSPECCION TRIBUTARIA<\/div>\n<div dir=\"auto\">1 ARQUITECTO TECNICO JEFE DE TALLERES<\/div>\n<div dir=\"auto\">1 TECNICO COORDINACION EMPRESARIAL<\/div>\n<div dir=\"auto\">1 MAESTRO JARDINES<\/div>\n<div dir=\"auto\">2 AGENTE TRIBUTARIO<\/div>\n<div dir=\"auto\" style=\"text-align: justify;\">Hemos reiterado nuestra oposici\u00f3n a la entrevista para los m\u00e9ritos espec\u00edficos en los cinco \u00faltimos puestos<\/div>\n<div dir=\"auto\" style=\"text-align: justify;\">Tambi\u00e9n se ha plasmado en acta el compromiso de convocar otro concurso el a\u00f1o pr\u00f3ximo y ofertar puestos de administrativo, simult\u00e1neamente a los procesos selectivos de promocion interna y turno libre.<\/div>\n<div dir=\"auto\"><\/div>\n<div dir=\"auto\" style=\"text-align: justify;\"><strong>4.- BASES Y CONVOCATORIA PROVISI\u00d3N TEMPORAL EN COMISI\u00d3N DE SERVICIOS DE PUESTOS DE TRABAJO.<\/strong><\/div>\n<div dir=\"auto\" style=\"text-align: justify;\">Se nos presenta una propuesta de cobertura de puestos\u00a0 por comisi\u00f3n de servicios con convocatoria publica, seg\u00fan establece una sentencia reciente\u00a0 del Tribunal Supremo.<\/div>\n<div dir=\"auto\" style=\"text-align: justify;\">Pero el Jefe de Servicio determinar\u00e1 quien resulte idoneo para el desempe\u00f1o del mismo. UGT ha votado en contra y ha invocado a dicha sentencia, que recoge que a la convocatoria publica hay que a\u00f1adir otras garant\u00edas, pudiendo emplearse par\u00e1metros como el de la antiguedad.<\/div>\n<div dir=\"auto\" style=\"text-align: justify;\">Los dos sindicatos que junto a UGT tienen representatividad en esta Mesa han presentado una propuesta que incluye entrevista, con la que no estamos de acuerdo.<\/div>\n<div dir=\"auto\" style=\"text-align: justify;\">Finalmente se ha acordado posponer este asunto.<\/div>\n<div dir=\"auto\" style=\"text-align: justify;\"><\/div>\n<div dir=\"auto\" style=\"text-align: justify;\">Sobre la cuesti\u00f3n de los trienios del personal funcionarizado e integrados en el CPT, se nos ha informado que la Sentencia es directamente ejecutiva, por lo que no era necesaria la solicitud de ning\u00fan sindicato y mucho menos, como malinforman algunos, solicitudes individuales.<\/div>\n<div dir=\"auto\" style=\"text-align: justify;\">Las cantidades de los trienios y los atrasos se intentaran abonar en diciembre.<\/div>\n<div dir=\"auto\" style=\"text-align: justify;\"><\/div>\n<div dir=\"auto\" style=\"text-align: justify;\">La Mesa volver\u00e1 a reunirse ma\u00f1ana a las 11.30 horas para continuar con los puntos 4, 6- MODIFICACIONES DE R.P.T. (40 modificaciones, para ser exactos) y 7. RUEGOS Y PREGUNTAS<\/div>\n<div dir=\"auto\" style=\"text-align: justify;\">Seguiremos informando, si teneis alguna duda poneros en contacto con nuestros Delegados<\/div>\n","protected":false},"excerpt":{"rendered":"<p>UGT INFORMA: En la Mesa General de Negociaci\u00f3n de asuntos comunes al personal funcionario y laboral convocada hoy dia 17 de octubre, se han tratado los siguientes asuntos: 1.- \u00a0LECTURA Y APROBACI\u00d3N DEL ACTA DE LA \u00daLTIMA REUNI\u00d3N, de 18 de julio de 2019. 2.- PLANTILLA 2020. Se nos ha presentado una propuesta de creaci\u00f3n [&hellip;]<\/p>\n","protected":false},"author":2,"featured_media":0,"comment_status":"closed","ping_status":"open","sticky":false,"template":"","format":"standard","meta":{"_exactmetrics_skip_tracking":false,"_exactmetrics_sitenote_active":false,"_exactmetrics_sitenote_note":"","_exactmetrics_sitenote_category":0,"_genesis_hide_title":false,"_genesis_hide_breadcrumbs":false,"_genesis_hide_singular_image":false,"_genesis_hide_footer_widgets":false,"_genesis_custom_body_class":"","_genesis_custom_post_class":"","_genesis_layout":"","footnotes":""},"categories":[74,54],"tags":[112],"class_list":{"0":"post-2230","1":"post","2":"type-post","3":"status-publish","4":"format-standard","6":"category-mesa-general-de-asuntos-comunes","7":"category-noticias","8":"tag-mesa-general-de-aacc","9":"entry"},"yoast_head":"<!-- This site is optimized with the Yoast SEO plugin v27.5 - https:\/\/yoast.com\/product\/yoast-seo-wordpress\/ -->\n<title>Res\u00famen Mesa General de Asuntos Comunes celebrada 17 octubre de 2019 - UGT Ayuntamiento de Santander<\/title>\n<meta name=\"robots\" content=\"index, follow, max-snippet:-1, max-image-preview:large, max-video-preview:-1\" \/>\n<link rel=\"canonical\" href=\"https:\/\/ugtaytosantander.es\/portal\/resumen-mesa-general-de-asuntos-comunes-celebrada-17-octubre-de-2019\/\" \/>\n<meta property=\"og:locale\" content=\"es_ES\" \/>\n<meta property=\"og:type\" content=\"article\" \/>\n<meta property=\"og:title\" content=\"Res\u00famen Mesa General de Asuntos Comunes celebrada 17 octubre de 2019 - UGT Ayuntamiento de Santander\" \/>\n<meta property=\"og:description\" content=\"UGT INFORMA: En la Mesa General de Negociaci\u00f3n de asuntos comunes al personal funcionario y laboral convocada hoy dia 17 de octubre, se han tratado los siguientes asuntos: 1.- \u00a0LECTURA Y APROBACI\u00d3N DEL ACTA DE LA \u00daLTIMA REUNI\u00d3N, de 18 de julio de 2019. 2.- PLANTILLA 2020. Se nos ha presentado una propuesta de creaci\u00f3n [&hellip;]\" \/>\n<meta property=\"og:url\" content=\"https:\/\/ugtaytosantander.es\/portal\/resumen-mesa-general-de-asuntos-comunes-celebrada-17-octubre-de-2019\/\" \/>\n<meta property=\"og:site_name\" content=\"UGT Ayuntamiento de Santander\" \/>\n<meta property=\"article:published_time\" content=\"2019-10-18T07:50:28+00:00\" \/>\n<meta property=\"article:modified_time\" content=\"2019-10-18T08:17:03+00:00\" \/>\n<meta name=\"author\" content=\"Julio Barcena\" \/>\n<meta name=\"twitter:card\" content=\"summary_large_image\" \/>\n<meta name=\"twitter:label1\" content=\"Escrito por\" \/>\n\t<meta name=\"twitter:data1\" content=\"Julio Barcena\" \/>\n\t<meta name=\"twitter:label2\" content=\"Tiempo de lectura\" \/>\n\t<meta name=\"twitter:data2\" content=\"3 minutos\" \/>\n<script type=\"application\/ld+json\" class=\"yoast-schema-graph\">{\"@context\":\"https:\\\/\\\/schema.org\",\"@graph\":[{\"@type\":\"Article\",\"@id\":\"https:\\\/\\\/ugtaytosantander.es\\\/portal\\\/resumen-mesa-general-de-asuntos-comunes-celebrada-17-octubre-de-2019\\\/#article\",\"isPartOf\":{\"@id\":\"https:\\\/\\\/ugtaytosantander.es\\\/portal\\\/resumen-mesa-general-de-asuntos-comunes-celebrada-17-octubre-de-2019\\\/\"},\"author\":{\"name\":\"Julio Barcena\",\"@id\":\"https:\\\/\\\/ugtaytosantander.es\\\/portal\\\/#\\\/schema\\\/person\\\/ab095264bcbc15f126e32f8c4d53b250\"},\"headline\":\"Res\u00famen Mesa General de Asuntos Comunes celebrada 17 octubre de 2019\",\"datePublished\":\"2019-10-18T07:50:28+00:00\",\"dateModified\":\"2019-10-18T08:17:03+00:00\",\"mainEntityOfPage\":{\"@id\":\"https:\\\/\\\/ugtaytosantander.es\\\/portal\\\/resumen-mesa-general-de-asuntos-comunes-celebrada-17-octubre-de-2019\\\/\"},\"wordCount\":626,\"publisher\":{\"@id\":\"https:\\\/\\\/ugtaytosantander.es\\\/portal\\\/#organization\"},\"keywords\":[\"Mesa General de AACC\"],\"articleSection\":[\"Mesa General de Asuntos Comunes\",\"Noticias\"],\"inLanguage\":\"es\"},{\"@type\":\"WebPage\",\"@id\":\"https:\\\/\\\/ugtaytosantander.es\\\/portal\\\/resumen-mesa-general-de-asuntos-comunes-celebrada-17-octubre-de-2019\\\/\",\"url\":\"https:\\\/\\\/ugtaytosantander.es\\\/portal\\\/resumen-mesa-general-de-asuntos-comunes-celebrada-17-octubre-de-2019\\\/\",\"name\":\"Res\u00famen Mesa General de Asuntos Comunes celebrada 17 octubre de 2019 - UGT Ayuntamiento de Santander\",\"isPartOf\":{\"@id\":\"https:\\\/\\\/ugtaytosantander.es\\\/portal\\\/#website\"},\"datePublished\":\"2019-10-18T07:50:28+00:00\",\"dateModified\":\"2019-10-18T08:17:03+00:00\",\"breadcrumb\":{\"@id\":\"https:\\\/\\\/ugtaytosantander.es\\\/portal\\\/resumen-mesa-general-de-asuntos-comunes-celebrada-17-octubre-de-2019\\\/#breadcrumb\"},\"inLanguage\":\"es\",\"potentialAction\":[{\"@type\":\"ReadAction\",\"target\":[\"https:\\\/\\\/ugtaytosantander.es\\\/portal\\\/resumen-mesa-general-de-asuntos-comunes-celebrada-17-octubre-de-2019\\\/\"]}]},{\"@type\":\"BreadcrumbList\",\"@id\":\"https:\\\/\\\/ugtaytosantander.es\\\/portal\\\/resumen-mesa-general-de-asuntos-comunes-celebrada-17-octubre-de-2019\\\/#breadcrumb\",\"itemListElement\":[{\"@type\":\"ListItem\",\"position\":1,\"name\":\"Portada\",\"item\":\"https:\\\/\\\/ugtaytosantander.es\\\/portal\\\/\"},{\"@type\":\"ListItem\",\"position\":2,\"name\":\"Res\u00famen Mesa General de Asuntos Comunes celebrada 17 octubre de 2019\"}]},{\"@type\":\"WebSite\",\"@id\":\"https:\\\/\\\/ugtaytosantander.es\\\/portal\\\/#website\",\"url\":\"https:\\\/\\\/ugtaytosantander.es\\\/portal\\\/\",\"name\":\"UGT Ayuntamiento de Santander\",\"description\":\"Seccion Sindical UGT Ayto Santander\",\"publisher\":{\"@id\":\"https:\\\/\\\/ugtaytosantander.es\\\/portal\\\/#organization\"},\"potentialAction\":[{\"@type\":\"SearchAction\",\"target\":{\"@type\":\"EntryPoint\",\"urlTemplate\":\"https:\\\/\\\/ugtaytosantander.es\\\/portal\\\/?s={search_term_string}\"},\"query-input\":{\"@type\":\"PropertyValueSpecification\",\"valueRequired\":true,\"valueName\":\"search_term_string\"}}],\"inLanguage\":\"es\"},{\"@type\":\"Organization\",\"@id\":\"https:\\\/\\\/ugtaytosantander.es\\\/portal\\\/#organization\",\"name\":\"Secci\u00f3n Sindical de UGT del Ayuntamiento de Santander\",\"url\":\"https:\\\/\\\/ugtaytosantander.es\\\/portal\\\/\",\"logo\":{\"@type\":\"ImageObject\",\"inLanguage\":\"es\",\"@id\":\"https:\\\/\\\/ugtaytosantander.es\\\/portal\\\/#\\\/schema\\\/logo\\\/image\\\/\",\"url\":\"https:\\\/\\\/ugtaytosantander.es\\\/portal\\\/wp-content\\\/uploads\\\/2019\\\/03\\\/Logo-FESP200.png\",\"contentUrl\":\"https:\\\/\\\/ugtaytosantander.es\\\/portal\\\/wp-content\\\/uploads\\\/2019\\\/03\\\/Logo-FESP200.png\",\"width\":200,\"height\":123,\"caption\":\"Secci\u00f3n Sindical de UGT del Ayuntamiento de Santander\"},\"image\":{\"@id\":\"https:\\\/\\\/ugtaytosantander.es\\\/portal\\\/#\\\/schema\\\/logo\\\/image\\\/\"}},{\"@type\":\"Person\",\"@id\":\"https:\\\/\\\/ugtaytosantander.es\\\/portal\\\/#\\\/schema\\\/person\\\/ab095264bcbc15f126e32f8c4d53b250\",\"name\":\"Julio Barcena\",\"sameAs\":[\"http:\\\/\\\/ugtaytosantander.es\\\/portal\\\/\"],\"url\":\"https:\\\/\\\/ugtaytosantander.es\\\/portal\\\/author\\\/jbr1254\\\/\"}]}<\/script>\n<!-- \/ Yoast SEO plugin. -->","yoast_head_json":{"title":"Res\u00famen Mesa General de Asuntos Comunes celebrada 17 octubre de 2019 - UGT Ayuntamiento de Santander","robots":{"index":"index","follow":"follow","max-snippet":"max-snippet:-1","max-image-preview":"max-image-preview:large","max-video-preview":"max-video-preview:-1"},"canonical":"https:\/\/ugtaytosantander.es\/portal\/resumen-mesa-general-de-asuntos-comunes-celebrada-17-octubre-de-2019\/","og_locale":"es_ES","og_type":"article","og_title":"Res\u00famen Mesa General de Asuntos Comunes celebrada 17 octubre de 2019 - UGT Ayuntamiento de Santander","og_description":"UGT INFORMA: En la Mesa General de Negociaci\u00f3n de asuntos comunes al personal funcionario y laboral convocada hoy dia 17 de octubre, se han tratado los siguientes asuntos: 1.- \u00a0LECTURA Y APROBACI\u00d3N DEL ACTA DE LA \u00daLTIMA REUNI\u00d3N, de 18 de julio de 2019. 2.- PLANTILLA 2020. Se nos ha presentado una propuesta de creaci\u00f3n [&hellip;]","og_url":"https:\/\/ugtaytosantander.es\/portal\/resumen-mesa-general-de-asuntos-comunes-celebrada-17-octubre-de-2019\/","og_site_name":"UGT Ayuntamiento de Santander","article_published_time":"2019-10-18T07:50:28+00:00","article_modified_time":"2019-10-18T08:17:03+00:00","author":"Julio Barcena","twitter_card":"summary_large_image","twitter_misc":{"Escrito por":"Julio Barcena","Tiempo de lectura":"3 minutos"},"schema":{"@context":"https:\/\/schema.org","@graph":[{"@type":"Article","@id":"https:\/\/ugtaytosantander.es\/portal\/resumen-mesa-general-de-asuntos-comunes-celebrada-17-octubre-de-2019\/#article","isPartOf":{"@id":"https:\/\/ugtaytosantander.es\/portal\/resumen-mesa-general-de-asuntos-comunes-celebrada-17-octubre-de-2019\/"},"author":{"name":"Julio Barcena","@id":"https:\/\/ugtaytosantander.es\/portal\/#\/schema\/person\/ab095264bcbc15f126e32f8c4d53b250"},"headline":"Res\u00famen Mesa General de Asuntos Comunes celebrada 17 octubre de 2019","datePublished":"2019-10-18T07:50:28+00:00","dateModified":"2019-10-18T08:17:03+00:00","mainEntityOfPage":{"@id":"https:\/\/ugtaytosantander.es\/portal\/resumen-mesa-general-de-asuntos-comunes-celebrada-17-octubre-de-2019\/"},"wordCount":626,"publisher":{"@id":"https:\/\/ugtaytosantander.es\/portal\/#organization"},"keywords":["Mesa General de AACC"],"articleSection":["Mesa General de Asuntos Comunes","Noticias"],"inLanguage":"es"},{"@type":"WebPage","@id":"https:\/\/ugtaytosantander.es\/portal\/resumen-mesa-general-de-asuntos-comunes-celebrada-17-octubre-de-2019\/","url":"https:\/\/ugtaytosantander.es\/portal\/resumen-mesa-general-de-asuntos-comunes-celebrada-17-octubre-de-2019\/","name":"Res\u00famen Mesa General de Asuntos Comunes celebrada 17 octubre de 2019 - UGT Ayuntamiento de Santander","isPartOf":{"@id":"https:\/\/ugtaytosantander.es\/portal\/#website"},"datePublished":"2019-10-18T07:50:28+00:00","dateModified":"2019-10-18T08:17:03+00:00","breadcrumb":{"@id":"https:\/\/ugtaytosantander.es\/portal\/resumen-mesa-general-de-asuntos-comunes-celebrada-17-octubre-de-2019\/#breadcrumb"},"inLanguage":"es","potentialAction":[{"@type":"ReadAction","target":["https:\/\/ugtaytosantander.es\/portal\/resumen-mesa-general-de-asuntos-comunes-celebrada-17-octubre-de-2019\/"]}]},{"@type":"BreadcrumbList","@id":"https:\/\/ugtaytosantander.es\/portal\/resumen-mesa-general-de-asuntos-comunes-celebrada-17-octubre-de-2019\/#breadcrumb","itemListElement":[{"@type":"ListItem","position":1,"name":"Portada","item":"https:\/\/ugtaytosantander.es\/portal\/"},{"@type":"ListItem","position":2,"name":"Res\u00famen Mesa General de Asuntos Comunes celebrada 17 octubre de 2019"}]},{"@type":"WebSite","@id":"https:\/\/ugtaytosantander.es\/portal\/#website","url":"https:\/\/ugtaytosantander.es\/portal\/","name":"UGT Ayuntamiento de Santander","description":"Seccion Sindical UGT Ayto Santander","publisher":{"@id":"https:\/\/ugtaytosantander.es\/portal\/#organization"},"potentialAction":[{"@type":"SearchAction","target":{"@type":"EntryPoint","urlTemplate":"https:\/\/ugtaytosantander.es\/portal\/?s={search_term_string}"},"query-input":{"@type":"PropertyValueSpecification","valueRequired":true,"valueName":"search_term_string"}}],"inLanguage":"es"},{"@type":"Organization","@id":"https:\/\/ugtaytosantander.es\/portal\/#organization","name":"Secci\u00f3n Sindical de UGT del Ayuntamiento de Santander","url":"https:\/\/ugtaytosantander.es\/portal\/","logo":{"@type":"ImageObject","inLanguage":"es","@id":"https:\/\/ugtaytosantander.es\/portal\/#\/schema\/logo\/image\/","url":"https:\/\/ugtaytosantander.es\/portal\/wp-content\/uploads\/2019\/03\/Logo-FESP200.png","contentUrl":"https:\/\/ugtaytosantander.es\/portal\/wp-content\/uploads\/2019\/03\/Logo-FESP200.png","width":200,"height":123,"caption":"Secci\u00f3n Sindical de UGT del Ayuntamiento de Santander"},"image":{"@id":"https:\/\/ugtaytosantander.es\/portal\/#\/schema\/logo\/image\/"}},{"@type":"Person","@id":"https:\/\/ugtaytosantander.es\/portal\/#\/schema\/person\/ab095264bcbc15f126e32f8c4d53b250","name":"Julio Barcena","sameAs":["http:\/\/ugtaytosantander.es\/portal\/"],"url":"https:\/\/ugtaytosantander.es\/portal\/author\/jbr1254\/"}]}},"publishpress_future_action":{"enabled":false,"date":"2026-05-10 10:16:58","action":"change-status","newStatus":"trash","terms":[],"taxonomy":"category","extraData":[]},"publishpress_future_workflow_manual_trigger":{"enabledWorkflows":[]},"_links":{"self":[{"href":"https:\/\/ugtaytosantander.es\/portal\/wp-json\/wp\/v2\/posts\/2230","targetHints":{"allow":["GET"]}}],"collection":[{"href":"https:\/\/ugtaytosantander.es\/portal\/wp-json\/wp\/v2\/posts"}],"about":[{"href":"https:\/\/ugtaytosantander.es\/portal\/wp-json\/wp\/v2\/types\/post"}],"author":[{"embeddable":true,"href":"https:\/\/ugtaytosantander.es\/portal\/wp-json\/wp\/v2\/users\/2"}],"replies":[{"embeddable":true,"href":"https:\/\/ugtaytosantander.es\/portal\/wp-json\/wp\/v2\/comments?post=2230"}],"version-history":[{"count":9,"href":"https:\/\/ugtaytosantander.es\/portal\/wp-json\/wp\/v2\/posts\/2230\/revisions"}],"predecessor-version":[{"id":2240,"href":"https:\/\/ugtaytosantander.es\/portal\/wp-json\/wp\/v2\/posts\/2230\/revisions\/2240"}],"wp:attachment":[{"href":"https:\/\/ugtaytosantander.es\/portal\/wp-json\/wp\/v2\/media?parent=2230"}],"wp:term":[{"taxonomy":"category","embeddable":true,"href":"https:\/\/ugtaytosantander.es\/portal\/wp-json\/wp\/v2\/categories?post=2230"},{"taxonomy":"post_tag","embeddable":true,"href":"https:\/\/ugtaytosantander.es\/portal\/wp-json\/wp\/v2\/tags?post=2230"}],"curies":[{"name":"wp","href":"https:\/\/api.w.org\/{rel}","templated":true}]}}