{"id":2790,"date":"2020-10-21T09:38:15","date_gmt":"2020-10-21T07:38:15","guid":{"rendered":"http:\/\/ugtaytosantander.es\/portal\/?p=2790"},"modified":"2020-10-21T09:38:15","modified_gmt":"2020-10-21T07:38:15","slug":"el-ayuntamiento-inicia-los-tramites-para-elaborar-un-plan-de-empleo-municipal","status":"publish","type":"post","link":"https:\/\/ugtaytosantander.es\/portal\/el-ayuntamiento-inicia-los-tramites-para-elaborar-un-plan-de-empleo-municipal\/","title":{"rendered":"El Ayuntamiento inicia los tr\u00e1mites para elaborar un Plan de Empleo Municipal."},"content":{"rendered":"<p style=\"text-align: justify;\">Santander ha iniciado los tr\u00e1mites para la elaboraci\u00f3n de un Plan de Empleo Municipal para revisar, actualizar y redise\u00f1ar la estructura organizativa del Ayuntamiento y la Relaci\u00f3n de Puestos de Trabajo (RPT).<\/p>\n<p style=\"text-align: justify;\">As\u00ed lo ha anunciado el concejal de Personal, Pedro Nalda, quien ha avanzado que ya est\u00e1n preparados los pliegos para licitar lo antes posible la puesta en marcha de este proyecto, cuyo objetivo es modernizar la estructura funcionarial y organizativa de esta administraci\u00f3n.<\/p>\n<p style=\"text-align: justify;\">El edil ha afirmado que se han consensuado tanto los t\u00e9rminos del plan como su alcance con los representantes sindicales que forman parte de la mesa general de negociaci\u00f3n de asuntos comunes para funcionarios y personal laboral del Ayuntamiento (UGT, CSIF y CCOO). \u00abContamos con el acuerdo de los sindicatos para impulsar este plan que es un compromiso de la alcaldesa Gema Igual y nos va a permitir dar respuesta a una reivindicaci\u00f3n hist\u00f3rica de los representantes de los trabajadores del Ayuntamiento de Santander\u00bb, ha destacado Nalda, que ha avanzado que este plan incluir\u00e1 una auditor\u00eda externa sobre la estructura municipal.<\/p>\n<p style=\"text-align: justify;\">El plan tiene por objeto el redise\u00f1o de la estructura organizativa y la elaboraci\u00f3n de la RPT y contendr\u00e1 la valoraci\u00f3n de los puestos y la reglamentaci\u00f3n o contenido normativo de la propia RPT. \u00abQueremos modernizar la estructura municipal para optimizar la eficacia en la prestaci\u00f3n de los servicios p\u00fablicos y la eficiencia en la utilizaci\u00f3n de los recursos econ\u00f3micos disponibles, con una adecuada dimensi\u00f3n de los efectivos, una mejor distribuci\u00f3n, formaci\u00f3n, promoci\u00f3n profesional y movilidad\u00bb, ha indicado el concejal.<\/p>\n<p style=\"text-align: justify;\">Nalda ha explicado que se quiere tener una propuesta de nueva estructura organizativa (que contendr\u00e1 las unidades en que se articular\u00e1 el Consistorio y los puestos de trabajo incluidos en cada unidad), y la relaci\u00f3n de puestos con su correspondiente descripci\u00f3n funcional (indicando n\u00famero de puestos homog\u00e9neos, descripci\u00f3n de funciones, requisitos de desempe\u00f1o, forma de provisi\u00f3n, nivel del puesto, importes de los complementos de destino y espec\u00edficos).<\/p>\n<p style=\"text-align: justify;\">El plan de empleo incluir\u00e1 adem\u00e1s la valoraci\u00f3n de los puestos que servir\u00e1 de base para el establecimiento de la retribuci\u00f3n correspondiente de acuerdo con lo previsto legalmente, el reglamento de los puestos de trabajo, asesoramiento y asistencia en el proceso de aprobaci\u00f3n de la RPT.<\/p>\n<p style=\"text-align: justify;\">En la elaboraci\u00f3n se contemplar\u00e1n los plazos, el cronograma de actuaci\u00f3n y las actuaciones a realizar por el Ayuntamiento con la participaci\u00f3n de los sindicatos mencionados que tambi\u00e9n est\u00e1 prevista.<img decoding=\"async\" class=\"alignnone size-full wp-image-2791\" src=\"http:\/\/ugtaytosantander.es\/portal\/wp-content\/uploads\/2020\/10\/MesaGeneralOctubre.png\" alt=\"\" width=\"260\" height=\"146\" \/><\/p>\n<p style=\"text-align: justify;\">\n","protected":false},"excerpt":{"rendered":"<p>Santander ha iniciado los tr\u00e1mites para la elaboraci\u00f3n de un Plan de Empleo Municipal para revisar, actualizar y redise\u00f1ar la estructura organizativa del Ayuntamiento y la Relaci\u00f3n de Puestos de Trabajo (RPT). As\u00ed lo ha anunciado el concejal de Personal, Pedro Nalda, quien ha avanzado que ya est\u00e1n preparados los pliegos para licitar lo antes [&hellip;]<\/p>\n","protected":false},"author":2,"featured_media":0,"comment_status":"closed","ping_status":"open","sticky":false,"template":"","format":"standard","meta":{"_exactmetrics_skip_tracking":false,"_exactmetrics_sitenote_active":false,"_exactmetrics_sitenote_note":"","_exactmetrics_sitenote_category":0,"_genesis_hide_title":false,"_genesis_hide_breadcrumbs":false,"_genesis_hide_singular_image":false,"_genesis_hide_footer_widgets":false,"_genesis_custom_body_class":"","_genesis_custom_post_class":"","_genesis_layout":"","footnotes":""},"categories":[54],"tags":[144],"class_list":{"0":"post-2790","1":"post","2":"type-post","3":"status-publish","4":"format-standard","6":"category-noticias","7":"tag-plan-de-empleo","8":"entry","9":"has-post-thumbnail"},"yoast_head":"<!-- This site is optimized with the Yoast SEO plugin v27.5 - https:\/\/yoast.com\/product\/yoast-seo-wordpress\/ -->\n<title>El Ayuntamiento inicia los tr\u00e1mites para elaborar un Plan de Empleo Municipal. - UGT Ayuntamiento de Santander<\/title>\n<meta name=\"robots\" content=\"index, follow, max-snippet:-1, max-image-preview:large, max-video-preview:-1\" \/>\n<link rel=\"canonical\" href=\"https:\/\/ugtaytosantander.es\/portal\/el-ayuntamiento-inicia-los-tramites-para-elaborar-un-plan-de-empleo-municipal\/\" \/>\n<meta property=\"og:locale\" content=\"es_ES\" \/>\n<meta property=\"og:type\" content=\"article\" \/>\n<meta property=\"og:title\" content=\"El Ayuntamiento inicia los tr\u00e1mites para elaborar un Plan de Empleo Municipal. - UGT Ayuntamiento de Santander\" \/>\n<meta property=\"og:description\" content=\"Santander ha iniciado los tr\u00e1mites para la elaboraci\u00f3n de un Plan de Empleo Municipal para revisar, actualizar y redise\u00f1ar la estructura organizativa del Ayuntamiento y la Relaci\u00f3n de Puestos de Trabajo (RPT). As\u00ed lo ha anunciado el concejal de Personal, Pedro Nalda, quien ha avanzado que ya est\u00e1n preparados los pliegos para licitar lo antes [&hellip;]\" \/>\n<meta property=\"og:url\" content=\"https:\/\/ugtaytosantander.es\/portal\/el-ayuntamiento-inicia-los-tramites-para-elaborar-un-plan-de-empleo-municipal\/\" \/>\n<meta property=\"og:site_name\" content=\"UGT Ayuntamiento de Santander\" \/>\n<meta property=\"article:published_time\" content=\"2020-10-21T07:38:15+00:00\" \/>\n<meta property=\"og:image\" content=\"http:\/\/ugtaytosantander.es\/portal\/wp-content\/uploads\/2020\/10\/MesaGeneralOctubre.png\" \/>\n<meta name=\"author\" content=\"Julio Barcena\" \/>\n<meta name=\"twitter:card\" content=\"summary_large_image\" \/>\n<meta name=\"twitter:label1\" content=\"Escrito por\" \/>\n\t<meta name=\"twitter:data1\" content=\"Julio Barcena\" \/>\n\t<meta name=\"twitter:label2\" content=\"Tiempo de lectura\" \/>\n\t<meta name=\"twitter:data2\" content=\"2 minutos\" \/>\n<script type=\"application\/ld+json\" class=\"yoast-schema-graph\">{\"@context\":\"https:\\\/\\\/schema.org\",\"@graph\":[{\"@type\":\"Article\",\"@id\":\"https:\\\/\\\/ugtaytosantander.es\\\/portal\\\/el-ayuntamiento-inicia-los-tramites-para-elaborar-un-plan-de-empleo-municipal\\\/#article\",\"isPartOf\":{\"@id\":\"https:\\\/\\\/ugtaytosantander.es\\\/portal\\\/el-ayuntamiento-inicia-los-tramites-para-elaborar-un-plan-de-empleo-municipal\\\/\"},\"author\":{\"name\":\"Julio Barcena\",\"@id\":\"https:\\\/\\\/ugtaytosantander.es\\\/portal\\\/#\\\/schema\\\/person\\\/ab095264bcbc15f126e32f8c4d53b250\"},\"headline\":\"El Ayuntamiento inicia los tr\u00e1mites para elaborar un Plan de Empleo Municipal.\",\"datePublished\":\"2020-10-21T07:38:15+00:00\",\"mainEntityOfPage\":{\"@id\":\"https:\\\/\\\/ugtaytosantander.es\\\/portal\\\/el-ayuntamiento-inicia-los-tramites-para-elaborar-un-plan-de-empleo-municipal\\\/\"},\"wordCount\":452,\"publisher\":{\"@id\":\"https:\\\/\\\/ugtaytosantander.es\\\/portal\\\/#organization\"},\"image\":{\"@id\":\"https:\\\/\\\/ugtaytosantander.es\\\/portal\\\/el-ayuntamiento-inicia-los-tramites-para-elaborar-un-plan-de-empleo-municipal\\\/#primaryimage\"},\"thumbnailUrl\":\"http:\\\/\\\/ugtaytosantander.es\\\/portal\\\/wp-content\\\/uploads\\\/2020\\\/10\\\/MesaGeneralOctubre.png\",\"keywords\":[\"Plan de Empleo\"],\"articleSection\":[\"Noticias\"],\"inLanguage\":\"es\"},{\"@type\":\"WebPage\",\"@id\":\"https:\\\/\\\/ugtaytosantander.es\\\/portal\\\/el-ayuntamiento-inicia-los-tramites-para-elaborar-un-plan-de-empleo-municipal\\\/\",\"url\":\"https:\\\/\\\/ugtaytosantander.es\\\/portal\\\/el-ayuntamiento-inicia-los-tramites-para-elaborar-un-plan-de-empleo-municipal\\\/\",\"name\":\"El Ayuntamiento inicia los tr\u00e1mites para elaborar un Plan de Empleo Municipal. - UGT Ayuntamiento de Santander\",\"isPartOf\":{\"@id\":\"https:\\\/\\\/ugtaytosantander.es\\\/portal\\\/#website\"},\"primaryImageOfPage\":{\"@id\":\"https:\\\/\\\/ugtaytosantander.es\\\/portal\\\/el-ayuntamiento-inicia-los-tramites-para-elaborar-un-plan-de-empleo-municipal\\\/#primaryimage\"},\"image\":{\"@id\":\"https:\\\/\\\/ugtaytosantander.es\\\/portal\\\/el-ayuntamiento-inicia-los-tramites-para-elaborar-un-plan-de-empleo-municipal\\\/#primaryimage\"},\"thumbnailUrl\":\"http:\\\/\\\/ugtaytosantander.es\\\/portal\\\/wp-content\\\/uploads\\\/2020\\\/10\\\/MesaGeneralOctubre.png\",\"datePublished\":\"2020-10-21T07:38:15+00:00\",\"breadcrumb\":{\"@id\":\"https:\\\/\\\/ugtaytosantander.es\\\/portal\\\/el-ayuntamiento-inicia-los-tramites-para-elaborar-un-plan-de-empleo-municipal\\\/#breadcrumb\"},\"inLanguage\":\"es\",\"potentialAction\":[{\"@type\":\"ReadAction\",\"target\":[\"https:\\\/\\\/ugtaytosantander.es\\\/portal\\\/el-ayuntamiento-inicia-los-tramites-para-elaborar-un-plan-de-empleo-municipal\\\/\"]}]},{\"@type\":\"ImageObject\",\"inLanguage\":\"es\",\"@id\":\"https:\\\/\\\/ugtaytosantander.es\\\/portal\\\/el-ayuntamiento-inicia-los-tramites-para-elaborar-un-plan-de-empleo-municipal\\\/#primaryimage\",\"url\":\"http:\\\/\\\/ugtaytosantander.es\\\/portal\\\/wp-content\\\/uploads\\\/2020\\\/10\\\/MesaGeneralOctubre.png\",\"contentUrl\":\"http:\\\/\\\/ugtaytosantander.es\\\/portal\\\/wp-content\\\/uploads\\\/2020\\\/10\\\/MesaGeneralOctubre.png\"},{\"@type\":\"BreadcrumbList\",\"@id\":\"https:\\\/\\\/ugtaytosantander.es\\\/portal\\\/el-ayuntamiento-inicia-los-tramites-para-elaborar-un-plan-de-empleo-municipal\\\/#breadcrumb\",\"itemListElement\":[{\"@type\":\"ListItem\",\"position\":1,\"name\":\"Portada\",\"item\":\"https:\\\/\\\/ugtaytosantander.es\\\/portal\\\/\"},{\"@type\":\"ListItem\",\"position\":2,\"name\":\"El Ayuntamiento inicia los tr\u00e1mites para elaborar un Plan de Empleo Municipal.\"}]},{\"@type\":\"WebSite\",\"@id\":\"https:\\\/\\\/ugtaytosantander.es\\\/portal\\\/#website\",\"url\":\"https:\\\/\\\/ugtaytosantander.es\\\/portal\\\/\",\"name\":\"UGT Ayuntamiento de Santander\",\"description\":\"Seccion Sindical UGT Ayto Santander\",\"publisher\":{\"@id\":\"https:\\\/\\\/ugtaytosantander.es\\\/portal\\\/#organization\"},\"potentialAction\":[{\"@type\":\"SearchAction\",\"target\":{\"@type\":\"EntryPoint\",\"urlTemplate\":\"https:\\\/\\\/ugtaytosantander.es\\\/portal\\\/?s={search_term_string}\"},\"query-input\":{\"@type\":\"PropertyValueSpecification\",\"valueRequired\":true,\"valueName\":\"search_term_string\"}}],\"inLanguage\":\"es\"},{\"@type\":\"Organization\",\"@id\":\"https:\\\/\\\/ugtaytosantander.es\\\/portal\\\/#organization\",\"name\":\"Secci\u00f3n Sindical de UGT del Ayuntamiento de Santander\",\"url\":\"https:\\\/\\\/ugtaytosantander.es\\\/portal\\\/\",\"logo\":{\"@type\":\"ImageObject\",\"inLanguage\":\"es\",\"@id\":\"https:\\\/\\\/ugtaytosantander.es\\\/portal\\\/#\\\/schema\\\/logo\\\/image\\\/\",\"url\":\"https:\\\/\\\/ugtaytosantander.es\\\/portal\\\/wp-content\\\/uploads\\\/2019\\\/03\\\/Logo-FESP200.png\",\"contentUrl\":\"https:\\\/\\\/ugtaytosantander.es\\\/portal\\\/wp-content\\\/uploads\\\/2019\\\/03\\\/Logo-FESP200.png\",\"width\":200,\"height\":123,\"caption\":\"Secci\u00f3n Sindical de UGT del Ayuntamiento de Santander\"},\"image\":{\"@id\":\"https:\\\/\\\/ugtaytosantander.es\\\/portal\\\/#\\\/schema\\\/logo\\\/image\\\/\"}},{\"@type\":\"Person\",\"@id\":\"https:\\\/\\\/ugtaytosantander.es\\\/portal\\\/#\\\/schema\\\/person\\\/ab095264bcbc15f126e32f8c4d53b250\",\"name\":\"Julio Barcena\",\"sameAs\":[\"http:\\\/\\\/ugtaytosantander.es\\\/portal\\\/\"],\"url\":\"https:\\\/\\\/ugtaytosantander.es\\\/portal\\\/author\\\/jbr1254\\\/\"}]}<\/script>\n<!-- \/ Yoast SEO plugin. -->","yoast_head_json":{"title":"El Ayuntamiento inicia los tr\u00e1mites para elaborar un Plan de Empleo Municipal. - UGT Ayuntamiento de Santander","robots":{"index":"index","follow":"follow","max-snippet":"max-snippet:-1","max-image-preview":"max-image-preview:large","max-video-preview":"max-video-preview:-1"},"canonical":"https:\/\/ugtaytosantander.es\/portal\/el-ayuntamiento-inicia-los-tramites-para-elaborar-un-plan-de-empleo-municipal\/","og_locale":"es_ES","og_type":"article","og_title":"El Ayuntamiento inicia los tr\u00e1mites para elaborar un Plan de Empleo Municipal. - UGT Ayuntamiento de Santander","og_description":"Santander ha iniciado los tr\u00e1mites para la elaboraci\u00f3n de un Plan de Empleo Municipal para revisar, actualizar y redise\u00f1ar la estructura organizativa del Ayuntamiento y la Relaci\u00f3n de Puestos de Trabajo (RPT). As\u00ed lo ha anunciado el concejal de Personal, Pedro Nalda, quien ha avanzado que ya est\u00e1n preparados los pliegos para licitar lo antes [&hellip;]","og_url":"https:\/\/ugtaytosantander.es\/portal\/el-ayuntamiento-inicia-los-tramites-para-elaborar-un-plan-de-empleo-municipal\/","og_site_name":"UGT Ayuntamiento de Santander","article_published_time":"2020-10-21T07:38:15+00:00","og_image":[{"url":"http:\/\/ugtaytosantander.es\/portal\/wp-content\/uploads\/2020\/10\/MesaGeneralOctubre.png","type":"","width":"","height":""}],"author":"Julio Barcena","twitter_card":"summary_large_image","twitter_misc":{"Escrito por":"Julio Barcena","Tiempo de lectura":"2 minutos"},"schema":{"@context":"https:\/\/schema.org","@graph":[{"@type":"Article","@id":"https:\/\/ugtaytosantander.es\/portal\/el-ayuntamiento-inicia-los-tramites-para-elaborar-un-plan-de-empleo-municipal\/#article","isPartOf":{"@id":"https:\/\/ugtaytosantander.es\/portal\/el-ayuntamiento-inicia-los-tramites-para-elaborar-un-plan-de-empleo-municipal\/"},"author":{"name":"Julio Barcena","@id":"https:\/\/ugtaytosantander.es\/portal\/#\/schema\/person\/ab095264bcbc15f126e32f8c4d53b250"},"headline":"El Ayuntamiento inicia los tr\u00e1mites para elaborar un Plan de Empleo Municipal.","datePublished":"2020-10-21T07:38:15+00:00","mainEntityOfPage":{"@id":"https:\/\/ugtaytosantander.es\/portal\/el-ayuntamiento-inicia-los-tramites-para-elaborar-un-plan-de-empleo-municipal\/"},"wordCount":452,"publisher":{"@id":"https:\/\/ugtaytosantander.es\/portal\/#organization"},"image":{"@id":"https:\/\/ugtaytosantander.es\/portal\/el-ayuntamiento-inicia-los-tramites-para-elaborar-un-plan-de-empleo-municipal\/#primaryimage"},"thumbnailUrl":"http:\/\/ugtaytosantander.es\/portal\/wp-content\/uploads\/2020\/10\/MesaGeneralOctubre.png","keywords":["Plan de Empleo"],"articleSection":["Noticias"],"inLanguage":"es"},{"@type":"WebPage","@id":"https:\/\/ugtaytosantander.es\/portal\/el-ayuntamiento-inicia-los-tramites-para-elaborar-un-plan-de-empleo-municipal\/","url":"https:\/\/ugtaytosantander.es\/portal\/el-ayuntamiento-inicia-los-tramites-para-elaborar-un-plan-de-empleo-municipal\/","name":"El Ayuntamiento inicia los tr\u00e1mites para elaborar un Plan de Empleo Municipal. - UGT Ayuntamiento de Santander","isPartOf":{"@id":"https:\/\/ugtaytosantander.es\/portal\/#website"},"primaryImageOfPage":{"@id":"https:\/\/ugtaytosantander.es\/portal\/el-ayuntamiento-inicia-los-tramites-para-elaborar-un-plan-de-empleo-municipal\/#primaryimage"},"image":{"@id":"https:\/\/ugtaytosantander.es\/portal\/el-ayuntamiento-inicia-los-tramites-para-elaborar-un-plan-de-empleo-municipal\/#primaryimage"},"thumbnailUrl":"http:\/\/ugtaytosantander.es\/portal\/wp-content\/uploads\/2020\/10\/MesaGeneralOctubre.png","datePublished":"2020-10-21T07:38:15+00:00","breadcrumb":{"@id":"https:\/\/ugtaytosantander.es\/portal\/el-ayuntamiento-inicia-los-tramites-para-elaborar-un-plan-de-empleo-municipal\/#breadcrumb"},"inLanguage":"es","potentialAction":[{"@type":"ReadAction","target":["https:\/\/ugtaytosantander.es\/portal\/el-ayuntamiento-inicia-los-tramites-para-elaborar-un-plan-de-empleo-municipal\/"]}]},{"@type":"ImageObject","inLanguage":"es","@id":"https:\/\/ugtaytosantander.es\/portal\/el-ayuntamiento-inicia-los-tramites-para-elaborar-un-plan-de-empleo-municipal\/#primaryimage","url":"http:\/\/ugtaytosantander.es\/portal\/wp-content\/uploads\/2020\/10\/MesaGeneralOctubre.png","contentUrl":"http:\/\/ugtaytosantander.es\/portal\/wp-content\/uploads\/2020\/10\/MesaGeneralOctubre.png"},{"@type":"BreadcrumbList","@id":"https:\/\/ugtaytosantander.es\/portal\/el-ayuntamiento-inicia-los-tramites-para-elaborar-un-plan-de-empleo-municipal\/#breadcrumb","itemListElement":[{"@type":"ListItem","position":1,"name":"Portada","item":"https:\/\/ugtaytosantander.es\/portal\/"},{"@type":"ListItem","position":2,"name":"El Ayuntamiento inicia los tr\u00e1mites para elaborar un Plan de Empleo Municipal."}]},{"@type":"WebSite","@id":"https:\/\/ugtaytosantander.es\/portal\/#website","url":"https:\/\/ugtaytosantander.es\/portal\/","name":"UGT Ayuntamiento de Santander","description":"Seccion Sindical UGT Ayto Santander","publisher":{"@id":"https:\/\/ugtaytosantander.es\/portal\/#organization"},"potentialAction":[{"@type":"SearchAction","target":{"@type":"EntryPoint","urlTemplate":"https:\/\/ugtaytosantander.es\/portal\/?s={search_term_string}"},"query-input":{"@type":"PropertyValueSpecification","valueRequired":true,"valueName":"search_term_string"}}],"inLanguage":"es"},{"@type":"Organization","@id":"https:\/\/ugtaytosantander.es\/portal\/#organization","name":"Secci\u00f3n Sindical de UGT del Ayuntamiento de Santander","url":"https:\/\/ugtaytosantander.es\/portal\/","logo":{"@type":"ImageObject","inLanguage":"es","@id":"https:\/\/ugtaytosantander.es\/portal\/#\/schema\/logo\/image\/","url":"https:\/\/ugtaytosantander.es\/portal\/wp-content\/uploads\/2019\/03\/Logo-FESP200.png","contentUrl":"https:\/\/ugtaytosantander.es\/portal\/wp-content\/uploads\/2019\/03\/Logo-FESP200.png","width":200,"height":123,"caption":"Secci\u00f3n Sindical de UGT del Ayuntamiento de Santander"},"image":{"@id":"https:\/\/ugtaytosantander.es\/portal\/#\/schema\/logo\/image\/"}},{"@type":"Person","@id":"https:\/\/ugtaytosantander.es\/portal\/#\/schema\/person\/ab095264bcbc15f126e32f8c4d53b250","name":"Julio Barcena","sameAs":["http:\/\/ugtaytosantander.es\/portal\/"],"url":"https:\/\/ugtaytosantander.es\/portal\/author\/jbr1254\/"}]}},"publishpress_future_action":{"enabled":false,"date":"2026-05-10 10:09:53","action":"change-status","newStatus":"trash","terms":[],"taxonomy":"category","extraData":[]},"publishpress_future_workflow_manual_trigger":{"enabledWorkflows":[]},"_links":{"self":[{"href":"https:\/\/ugtaytosantander.es\/portal\/wp-json\/wp\/v2\/posts\/2790","targetHints":{"allow":["GET"]}}],"collection":[{"href":"https:\/\/ugtaytosantander.es\/portal\/wp-json\/wp\/v2\/posts"}],"about":[{"href":"https:\/\/ugtaytosantander.es\/portal\/wp-json\/wp\/v2\/types\/post"}],"author":[{"embeddable":true,"href":"https:\/\/ugtaytosantander.es\/portal\/wp-json\/wp\/v2\/users\/2"}],"replies":[{"embeddable":true,"href":"https:\/\/ugtaytosantander.es\/portal\/wp-json\/wp\/v2\/comments?post=2790"}],"version-history":[{"count":1,"href":"https:\/\/ugtaytosantander.es\/portal\/wp-json\/wp\/v2\/posts\/2790\/revisions"}],"predecessor-version":[{"id":2792,"href":"https:\/\/ugtaytosantander.es\/portal\/wp-json\/wp\/v2\/posts\/2790\/revisions\/2792"}],"wp:attachment":[{"href":"https:\/\/ugtaytosantander.es\/portal\/wp-json\/wp\/v2\/media?parent=2790"}],"wp:term":[{"taxonomy":"category","embeddable":true,"href":"https:\/\/ugtaytosantander.es\/portal\/wp-json\/wp\/v2\/categories?post=2790"},{"taxonomy":"post_tag","embeddable":true,"href":"https:\/\/ugtaytosantander.es\/portal\/wp-json\/wp\/v2\/tags?post=2790"}],"curies":[{"name":"wp","href":"https:\/\/api.w.org\/{rel}","templated":true}]}}