{"id":3027,"date":"2020-12-23T18:06:59","date_gmt":"2020-12-23T17:06:59","guid":{"rendered":"http:\/\/ugtaytosantander.es\/portal\/?p=3027"},"modified":"2020-12-28T12:24:50","modified_gmt":"2020-12-28T11:24:50","slug":"plan-de-formacion-de-administracion-local-para-el-primer-semestre-de-2021","status":"publish","type":"post","link":"https:\/\/ugtaytosantander.es\/portal\/plan-de-formacion-de-administracion-local-para-el-primer-semestre-de-2021\/","title":{"rendered":"Plan de formaci\u00f3n de Administraci\u00f3n Local para el primer semestre de 2021."},"content":{"rendered":"<p style=\"text-align: justify;\"><a href=\"http:\/\/ugtaytosantander.es\/portal\/wp-content\/uploads\/2020\/12\/PLAN-FORMACION-ADMON-LOCAL-PRIMER-SEMESTRE-2021.pdf\">PLAN DE FORMACI\u00d3N DE ADMINISTRACI\u00d3N LOCAL PARA EL PRIMER SEMESTRE DE 2021.<\/a><\/p>\n<p style=\"text-align: justify;\">Son 52 acciones formativas , 47 con metodolog\u00eda on line y 5 presenciales con un total de 1.487 horas de formaci\u00f3n y y 1.845 plazas.<\/p>\n<p style=\"text-align: justify;\">El plazo de solicitudes estar\u00e1 abierto hasta el 22 de enero.<\/p>\n<p style=\"text-align: justify;\">Como principal novedad, durante el a\u00f1o 2021, dados los escenarios cambiantes, y el grado de incertidumbre que al menos en los primeros meses del a\u00f1o todav\u00eda sufriremos, se van a realizar dos convocatorias: una para el periodo febrero a junio ( la ahora publicada) y en donde prevalece la formaci\u00f3n on-line , y habr\u00e1 una segunda convocatoria para cursos que abarcar\u00e1 de septiembre-diciembre, y en la cual, y si todo trascurre con cierta normalidad se incrementar\u00e1 los cursos en modalidad presencial.<\/p>\n<p style=\"text-align: justify;\"><a href=\"http:\/\/ugtaytosantander.es\/portal\/wp-content\/uploads\/2020\/12\/MODELO-SOLICITUD-PLAN-LOCAL-2021.doc\">Adjunto asimismo el modelo de solicitud en formato Word por si os resulta m\u00e1s f\u00e1cil cumplimentarla<\/a>.<\/p>\n<p style=\"text-align: justify;\">Recibe un saludo<\/p>\n","protected":false},"excerpt":{"rendered":"<p>PLAN DE FORMACI\u00d3N DE ADMINISTRACI\u00d3N LOCAL PARA EL PRIMER SEMESTRE DE 2021. Son 52 acciones formativas , 47 con metodolog\u00eda on line y 5 presenciales con un total de 1.487 horas de formaci\u00f3n y y 1.845 plazas. El plazo de solicitudes estar\u00e1 abierto hasta el 22 de enero. Como principal novedad, durante el a\u00f1o 2021, [&hellip;]<\/p>\n","protected":false},"author":2,"featured_media":0,"comment_status":"closed","ping_status":"open","sticky":false,"template":"","format":"standard","meta":{"_exactmetrics_skip_tracking":false,"_exactmetrics_sitenote_active":false,"_exactmetrics_sitenote_note":"","_exactmetrics_sitenote_category":0,"_genesis_hide_title":false,"_genesis_hide_breadcrumbs":false,"_genesis_hide_singular_image":false,"_genesis_hide_footer_widgets":false,"_genesis_custom_body_class":"","_genesis_custom_post_class":"","_genesis_layout":"","footnotes":""},"categories":[64,66,65],"tags":[143],"class_list":{"0":"post-3027","1":"post","2":"type-post","3":"status-publish","4":"format-standard","6":"category-formacion","7":"category-on-line","8":"category-presencial","9":"tag-formacion","10":"entry"},"yoast_head":"<!-- This site is optimized with the Yoast SEO plugin v27.5 - https:\/\/yoast.com\/product\/yoast-seo-wordpress\/ -->\n<title>Plan de formaci\u00f3n de Administraci\u00f3n Local para el primer semestre de 2021. - UGT Ayuntamiento de Santander<\/title>\n<meta name=\"robots\" content=\"index, follow, max-snippet:-1, max-image-preview:large, max-video-preview:-1\" \/>\n<link rel=\"canonical\" href=\"https:\/\/ugtaytosantander.es\/portal\/plan-de-formacion-de-administracion-local-para-el-primer-semestre-de-2021\/\" \/>\n<meta property=\"og:locale\" content=\"es_ES\" \/>\n<meta property=\"og:type\" content=\"article\" \/>\n<meta property=\"og:title\" content=\"Plan de formaci\u00f3n de Administraci\u00f3n Local para el primer semestre de 2021. - UGT Ayuntamiento de Santander\" \/>\n<meta property=\"og:description\" content=\"PLAN DE FORMACI\u00d3N DE ADMINISTRACI\u00d3N LOCAL PARA EL PRIMER SEMESTRE DE 2021. Son 52 acciones formativas , 47 con metodolog\u00eda on line y 5 presenciales con un total de 1.487 horas de formaci\u00f3n y y 1.845 plazas. El plazo de solicitudes estar\u00e1 abierto hasta el 22 de enero. Como principal novedad, durante el a\u00f1o 2021, [&hellip;]\" \/>\n<meta property=\"og:url\" content=\"https:\/\/ugtaytosantander.es\/portal\/plan-de-formacion-de-administracion-local-para-el-primer-semestre-de-2021\/\" \/>\n<meta property=\"og:site_name\" content=\"UGT Ayuntamiento de Santander\" \/>\n<meta property=\"article:published_time\" content=\"2020-12-23T17:06:59+00:00\" \/>\n<meta property=\"article:modified_time\" content=\"2020-12-28T11:24:50+00:00\" \/>\n<meta name=\"author\" content=\"Julio Barcena\" \/>\n<meta name=\"twitter:card\" content=\"summary_large_image\" \/>\n<meta name=\"twitter:label1\" content=\"Escrito por\" \/>\n\t<meta name=\"twitter:data1\" content=\"Julio Barcena\" \/>\n\t<meta name=\"twitter:label2\" content=\"Tiempo de lectura\" \/>\n\t<meta name=\"twitter:data2\" content=\"1 minuto\" \/>\n<script type=\"application\/ld+json\" class=\"yoast-schema-graph\">{\"@context\":\"https:\\\/\\\/schema.org\",\"@graph\":[{\"@type\":\"Article\",\"@id\":\"https:\\\/\\\/ugtaytosantander.es\\\/portal\\\/plan-de-formacion-de-administracion-local-para-el-primer-semestre-de-2021\\\/#article\",\"isPartOf\":{\"@id\":\"https:\\\/\\\/ugtaytosantander.es\\\/portal\\\/plan-de-formacion-de-administracion-local-para-el-primer-semestre-de-2021\\\/\"},\"author\":{\"name\":\"Julio Barcena\",\"@id\":\"https:\\\/\\\/ugtaytosantander.es\\\/portal\\\/#\\\/schema\\\/person\\\/ab095264bcbc15f126e32f8c4d53b250\"},\"headline\":\"Plan de formaci\u00f3n de Administraci\u00f3n Local para el primer semestre de 2021.\",\"datePublished\":\"2020-12-23T17:06:59+00:00\",\"dateModified\":\"2020-12-28T11:24:50+00:00\",\"mainEntityOfPage\":{\"@id\":\"https:\\\/\\\/ugtaytosantander.es\\\/portal\\\/plan-de-formacion-de-administracion-local-para-el-primer-semestre-de-2021\\\/\"},\"wordCount\":160,\"publisher\":{\"@id\":\"https:\\\/\\\/ugtaytosantander.es\\\/portal\\\/#organization\"},\"keywords\":[\"formacion\"],\"articleSection\":[\"Formaci\u00f3n\",\"On-line\",\"Presencial\"],\"inLanguage\":\"es\"},{\"@type\":\"WebPage\",\"@id\":\"https:\\\/\\\/ugtaytosantander.es\\\/portal\\\/plan-de-formacion-de-administracion-local-para-el-primer-semestre-de-2021\\\/\",\"url\":\"https:\\\/\\\/ugtaytosantander.es\\\/portal\\\/plan-de-formacion-de-administracion-local-para-el-primer-semestre-de-2021\\\/\",\"name\":\"Plan de formaci\u00f3n de Administraci\u00f3n Local para el primer semestre de 2021. - UGT Ayuntamiento de Santander\",\"isPartOf\":{\"@id\":\"https:\\\/\\\/ugtaytosantander.es\\\/portal\\\/#website\"},\"datePublished\":\"2020-12-23T17:06:59+00:00\",\"dateModified\":\"2020-12-28T11:24:50+00:00\",\"breadcrumb\":{\"@id\":\"https:\\\/\\\/ugtaytosantander.es\\\/portal\\\/plan-de-formacion-de-administracion-local-para-el-primer-semestre-de-2021\\\/#breadcrumb\"},\"inLanguage\":\"es\",\"potentialAction\":[{\"@type\":\"ReadAction\",\"target\":[\"https:\\\/\\\/ugtaytosantander.es\\\/portal\\\/plan-de-formacion-de-administracion-local-para-el-primer-semestre-de-2021\\\/\"]}]},{\"@type\":\"BreadcrumbList\",\"@id\":\"https:\\\/\\\/ugtaytosantander.es\\\/portal\\\/plan-de-formacion-de-administracion-local-para-el-primer-semestre-de-2021\\\/#breadcrumb\",\"itemListElement\":[{\"@type\":\"ListItem\",\"position\":1,\"name\":\"Portada\",\"item\":\"https:\\\/\\\/ugtaytosantander.es\\\/portal\\\/\"},{\"@type\":\"ListItem\",\"position\":2,\"name\":\"Plan de formaci\u00f3n de Administraci\u00f3n Local para el primer semestre de 2021.\"}]},{\"@type\":\"WebSite\",\"@id\":\"https:\\\/\\\/ugtaytosantander.es\\\/portal\\\/#website\",\"url\":\"https:\\\/\\\/ugtaytosantander.es\\\/portal\\\/\",\"name\":\"UGT Ayuntamiento de Santander\",\"description\":\"Seccion Sindical UGT Ayto Santander\",\"publisher\":{\"@id\":\"https:\\\/\\\/ugtaytosantander.es\\\/portal\\\/#organization\"},\"potentialAction\":[{\"@type\":\"SearchAction\",\"target\":{\"@type\":\"EntryPoint\",\"urlTemplate\":\"https:\\\/\\\/ugtaytosantander.es\\\/portal\\\/?s={search_term_string}\"},\"query-input\":{\"@type\":\"PropertyValueSpecification\",\"valueRequired\":true,\"valueName\":\"search_term_string\"}}],\"inLanguage\":\"es\"},{\"@type\":\"Organization\",\"@id\":\"https:\\\/\\\/ugtaytosantander.es\\\/portal\\\/#organization\",\"name\":\"Secci\u00f3n Sindical de UGT del Ayuntamiento de Santander\",\"url\":\"https:\\\/\\\/ugtaytosantander.es\\\/portal\\\/\",\"logo\":{\"@type\":\"ImageObject\",\"inLanguage\":\"es\",\"@id\":\"https:\\\/\\\/ugtaytosantander.es\\\/portal\\\/#\\\/schema\\\/logo\\\/image\\\/\",\"url\":\"https:\\\/\\\/ugtaytosantander.es\\\/portal\\\/wp-content\\\/uploads\\\/2019\\\/03\\\/Logo-FESP200.png\",\"contentUrl\":\"https:\\\/\\\/ugtaytosantander.es\\\/portal\\\/wp-content\\\/uploads\\\/2019\\\/03\\\/Logo-FESP200.png\",\"width\":200,\"height\":123,\"caption\":\"Secci\u00f3n Sindical de UGT del Ayuntamiento de Santander\"},\"image\":{\"@id\":\"https:\\\/\\\/ugtaytosantander.es\\\/portal\\\/#\\\/schema\\\/logo\\\/image\\\/\"}},{\"@type\":\"Person\",\"@id\":\"https:\\\/\\\/ugtaytosantander.es\\\/portal\\\/#\\\/schema\\\/person\\\/ab095264bcbc15f126e32f8c4d53b250\",\"name\":\"Julio Barcena\",\"sameAs\":[\"http:\\\/\\\/ugtaytosantander.es\\\/portal\\\/\"],\"url\":\"https:\\\/\\\/ugtaytosantander.es\\\/portal\\\/author\\\/jbr1254\\\/\"}]}<\/script>\n<!-- \/ Yoast SEO plugin. -->","yoast_head_json":{"title":"Plan de formaci\u00f3n de Administraci\u00f3n Local para el primer semestre de 2021. - UGT Ayuntamiento de Santander","robots":{"index":"index","follow":"follow","max-snippet":"max-snippet:-1","max-image-preview":"max-image-preview:large","max-video-preview":"max-video-preview:-1"},"canonical":"https:\/\/ugtaytosantander.es\/portal\/plan-de-formacion-de-administracion-local-para-el-primer-semestre-de-2021\/","og_locale":"es_ES","og_type":"article","og_title":"Plan de formaci\u00f3n de Administraci\u00f3n Local para el primer semestre de 2021. - UGT Ayuntamiento de Santander","og_description":"PLAN DE FORMACI\u00d3N DE ADMINISTRACI\u00d3N LOCAL PARA EL PRIMER SEMESTRE DE 2021. Son 52 acciones formativas , 47 con metodolog\u00eda on line y 5 presenciales con un total de 1.487 horas de formaci\u00f3n y y 1.845 plazas. El plazo de solicitudes estar\u00e1 abierto hasta el 22 de enero. Como principal novedad, durante el a\u00f1o 2021, [&hellip;]","og_url":"https:\/\/ugtaytosantander.es\/portal\/plan-de-formacion-de-administracion-local-para-el-primer-semestre-de-2021\/","og_site_name":"UGT Ayuntamiento de Santander","article_published_time":"2020-12-23T17:06:59+00:00","article_modified_time":"2020-12-28T11:24:50+00:00","author":"Julio Barcena","twitter_card":"summary_large_image","twitter_misc":{"Escrito por":"Julio Barcena","Tiempo de lectura":"1 minuto"},"schema":{"@context":"https:\/\/schema.org","@graph":[{"@type":"Article","@id":"https:\/\/ugtaytosantander.es\/portal\/plan-de-formacion-de-administracion-local-para-el-primer-semestre-de-2021\/#article","isPartOf":{"@id":"https:\/\/ugtaytosantander.es\/portal\/plan-de-formacion-de-administracion-local-para-el-primer-semestre-de-2021\/"},"author":{"name":"Julio Barcena","@id":"https:\/\/ugtaytosantander.es\/portal\/#\/schema\/person\/ab095264bcbc15f126e32f8c4d53b250"},"headline":"Plan de formaci\u00f3n de Administraci\u00f3n Local para el primer semestre de 2021.","datePublished":"2020-12-23T17:06:59+00:00","dateModified":"2020-12-28T11:24:50+00:00","mainEntityOfPage":{"@id":"https:\/\/ugtaytosantander.es\/portal\/plan-de-formacion-de-administracion-local-para-el-primer-semestre-de-2021\/"},"wordCount":160,"publisher":{"@id":"https:\/\/ugtaytosantander.es\/portal\/#organization"},"keywords":["formacion"],"articleSection":["Formaci\u00f3n","On-line","Presencial"],"inLanguage":"es"},{"@type":"WebPage","@id":"https:\/\/ugtaytosantander.es\/portal\/plan-de-formacion-de-administracion-local-para-el-primer-semestre-de-2021\/","url":"https:\/\/ugtaytosantander.es\/portal\/plan-de-formacion-de-administracion-local-para-el-primer-semestre-de-2021\/","name":"Plan de formaci\u00f3n de Administraci\u00f3n Local para el primer semestre de 2021. - UGT Ayuntamiento de Santander","isPartOf":{"@id":"https:\/\/ugtaytosantander.es\/portal\/#website"},"datePublished":"2020-12-23T17:06:59+00:00","dateModified":"2020-12-28T11:24:50+00:00","breadcrumb":{"@id":"https:\/\/ugtaytosantander.es\/portal\/plan-de-formacion-de-administracion-local-para-el-primer-semestre-de-2021\/#breadcrumb"},"inLanguage":"es","potentialAction":[{"@type":"ReadAction","target":["https:\/\/ugtaytosantander.es\/portal\/plan-de-formacion-de-administracion-local-para-el-primer-semestre-de-2021\/"]}]},{"@type":"BreadcrumbList","@id":"https:\/\/ugtaytosantander.es\/portal\/plan-de-formacion-de-administracion-local-para-el-primer-semestre-de-2021\/#breadcrumb","itemListElement":[{"@type":"ListItem","position":1,"name":"Portada","item":"https:\/\/ugtaytosantander.es\/portal\/"},{"@type":"ListItem","position":2,"name":"Plan de formaci\u00f3n de Administraci\u00f3n Local para el primer semestre de 2021."}]},{"@type":"WebSite","@id":"https:\/\/ugtaytosantander.es\/portal\/#website","url":"https:\/\/ugtaytosantander.es\/portal\/","name":"UGT Ayuntamiento de Santander","description":"Seccion Sindical UGT Ayto Santander","publisher":{"@id":"https:\/\/ugtaytosantander.es\/portal\/#organization"},"potentialAction":[{"@type":"SearchAction","target":{"@type":"EntryPoint","urlTemplate":"https:\/\/ugtaytosantander.es\/portal\/?s={search_term_string}"},"query-input":{"@type":"PropertyValueSpecification","valueRequired":true,"valueName":"search_term_string"}}],"inLanguage":"es"},{"@type":"Organization","@id":"https:\/\/ugtaytosantander.es\/portal\/#organization","name":"Secci\u00f3n Sindical de UGT del Ayuntamiento de Santander","url":"https:\/\/ugtaytosantander.es\/portal\/","logo":{"@type":"ImageObject","inLanguage":"es","@id":"https:\/\/ugtaytosantander.es\/portal\/#\/schema\/logo\/image\/","url":"https:\/\/ugtaytosantander.es\/portal\/wp-content\/uploads\/2019\/03\/Logo-FESP200.png","contentUrl":"https:\/\/ugtaytosantander.es\/portal\/wp-content\/uploads\/2019\/03\/Logo-FESP200.png","width":200,"height":123,"caption":"Secci\u00f3n Sindical de UGT del Ayuntamiento de Santander"},"image":{"@id":"https:\/\/ugtaytosantander.es\/portal\/#\/schema\/logo\/image\/"}},{"@type":"Person","@id":"https:\/\/ugtaytosantander.es\/portal\/#\/schema\/person\/ab095264bcbc15f126e32f8c4d53b250","name":"Julio Barcena","sameAs":["http:\/\/ugtaytosantander.es\/portal\/"],"url":"https:\/\/ugtaytosantander.es\/portal\/author\/jbr1254\/"}]}},"publishpress_future_action":{"enabled":false,"date":"2026-05-06 15:51:02","action":"change-status","newStatus":"trash","terms":[],"taxonomy":"category","extraData":[]},"publishpress_future_workflow_manual_trigger":{"enabledWorkflows":[]},"_links":{"self":[{"href":"https:\/\/ugtaytosantander.es\/portal\/wp-json\/wp\/v2\/posts\/3027","targetHints":{"allow":["GET"]}}],"collection":[{"href":"https:\/\/ugtaytosantander.es\/portal\/wp-json\/wp\/v2\/posts"}],"about":[{"href":"https:\/\/ugtaytosantander.es\/portal\/wp-json\/wp\/v2\/types\/post"}],"author":[{"embeddable":true,"href":"https:\/\/ugtaytosantander.es\/portal\/wp-json\/wp\/v2\/users\/2"}],"replies":[{"embeddable":true,"href":"https:\/\/ugtaytosantander.es\/portal\/wp-json\/wp\/v2\/comments?post=3027"}],"version-history":[{"count":3,"href":"https:\/\/ugtaytosantander.es\/portal\/wp-json\/wp\/v2\/posts\/3027\/revisions"}],"predecessor-version":[{"id":3034,"href":"https:\/\/ugtaytosantander.es\/portal\/wp-json\/wp\/v2\/posts\/3027\/revisions\/3034"}],"wp:attachment":[{"href":"https:\/\/ugtaytosantander.es\/portal\/wp-json\/wp\/v2\/media?parent=3027"}],"wp:term":[{"taxonomy":"category","embeddable":true,"href":"https:\/\/ugtaytosantander.es\/portal\/wp-json\/wp\/v2\/categories?post=3027"},{"taxonomy":"post_tag","embeddable":true,"href":"https:\/\/ugtaytosantander.es\/portal\/wp-json\/wp\/v2\/tags?post=3027"}],"curies":[{"name":"wp","href":"https:\/\/api.w.org\/{rel}","templated":true}]}}