{"id":3283,"date":"2022-02-18T21:02:26","date_gmt":"2022-02-18T20:02:26","guid":{"rendered":"https:\/\/ugtaytosantander.es\/portal\/?p=3283"},"modified":"2022-02-18T21:02:26","modified_gmt":"2022-02-18T20:02:26","slug":"propuestas-formativas-de-ugt-e-informacion-sobre-la-comision-de-formacion-celebrada-el-16-de-febrero-de-2022","status":"publish","type":"post","link":"https:\/\/ugtaytosantander.es\/portal\/propuestas-formativas-de-ugt-e-informacion-sobre-la-comision-de-formacion-celebrada-el-16-de-febrero-de-2022\/","title":{"rendered":"Propuestas Formativas de UGT e  informaci\u00f3n sobre la Comisi\u00f3n de Formaci\u00f3n celebrada el 16 de febrero de 2022"},"content":{"rendered":"<p><a href=\"https:\/\/ugtaytosantander.es\/portal\/wp-content\/uploads\/2022\/02\/PropuestaFormacionSSAytoSantander22.pdf\">Propuesta UGT formaci\u00f3n2022\u00a0\u00a0<\/a><\/p>\n<div class=\"adn ads\" data-message-id=\"#msg-a:r5616703857248300707\" data-legacy-message-id=\"17f0dee10feb2455\">\n<div class=\"gs\">\n<div class=\"\">\n<div id=\":pj\" class=\"ii gt\">\n<div id=\":pi\" class=\"a3s aiL \">\n<div dir=\"auto\">En la reuni\u00f3n de formaci\u00f3n se han presentado varias propuestas formativas por parte de los sindicatos asistentes.<br \/>\nNos hemos comprometido ha intentar sacar el curso online de 2022 este a\u00f1o en marzo. Para ello ha habido varias propuestas y la que m\u00e1s peso ha cogido, para este fin,\u00a0 han sido cursos relacionados con la\u00a0 gesti\u00f3n econ\u00f3mica, que parece ser que est\u00e1 hecho, con el objetivo de no demorar en el tiempo, como en a\u00f1os anteriores.<br \/>\nIncluso la parte social hemos apuntado reunirnos a finales de este a\u00f1o para que el a\u00f1o que viene el curso online este disponible a lo largo del mes de enero del 2023.<br \/>\nPor otro lado varios jefes de servicios han propuesto diferentes cursos que van desde la digitalizaci\u00f3n de archivos a gesti\u00f3n tributaria o actualizaci\u00f3n de normativa de tr\u00e1fico.<\/p>\n<div dir=\"auto\">\n<div dir=\"auto\">Desde UGT nos interesarnos por el objeto y fin de estos cursos para tener elementos de valoraci\u00f3n en relaci\u00f3n con el resto de propuestas y as\u00ed ayudar al mejor aprovechamiento de recursos, que como siempre queremos que aumenten,.<br \/>\nLas propuestas formativas de UGT (documento presentado\u00a0<a href=\"https:\/\/ugtaytosantander.es\/portal\/wp-content\/uploads\/2022\/02\/PropuestaFormacionSSAytoSantander22.pdf\"> pinchar aqu\u00ed<\/a>) han ido dedicadas a todos los colectivos, teniendo especial atenci\u00f3n a solucionar problemas del d\u00eda a d\u00eda, as\u00ed como los cursos que pudiesen tener especial inter\u00e9s para la estabilizaci\u00f3n. Sin olvidar al resto de trabajadores.<\/div>\n<div dir=\"auto\">Tambi\u00e9n nos hemos interesado por los requisitos que tendr\u00edamos que cumplir para hacer cursos como hacen otras opciones sindicales y la posibilidad de participar en la elecci\u00f3n de las entidades que imparten la formaci\u00f3n..<\/div>\n<\/div>\n<\/div>\n<div class=\"yj6qo\"><\/div>\n<div class=\"adL\"><\/div>\n<\/div>\n<\/div>\n<div class=\"hi\"><\/div>\n<\/div>\n<\/div>\n<div class=\"ajx\"><\/div>\n<\/div>\n<div class=\"gA gt acV\">\n<div class=\"gB xu\">\n<div class=\"ip iq\">\n<div id=\":pk\">\n<table class=\"cf wS\" role=\"presentation\">\n<tbody>\n<tr>\n<td class=\"amq\"><img decoding=\"async\" id=\":o0_0\" class=\"ajn bofPge\" src=\"https:\/\/ssl.gstatic.com\/ui\/v1\/icons\/mail\/no_photo.png\" name=\":o0\" data-hovercard-id=\"pyrcan@gmail.com\" \/><\/td>\n<td class=\"amr\">\n<div class=\"nr wR\">\n<div class=\"amn\"><span id=\":pd\" class=\"ams bkH\" tabindex=\"0\" role=\"link\">Responder<\/span><span id=\":pf\" class=\"ams bkG\" tabindex=\"0\" role=\"link\">Reenviar<\/span><\/div>\n<\/div>\n<\/td>\n<\/tr>\n<\/tbody>\n<\/table>\n<\/div>\n<\/div>\n<\/div>\n<\/div>\n<p>&nbsp;<\/p>\n","protected":false},"excerpt":{"rendered":"<p>Propuesta UGT formaci\u00f3n2022\u00a0\u00a0 En la reuni\u00f3n de formaci\u00f3n se han presentado varias propuestas formativas por parte de los sindicatos asistentes. Nos hemos comprometido ha intentar sacar el curso online de 2022 este a\u00f1o en marzo. Para ello ha habido varias propuestas y la que m\u00e1s peso ha cogido, para este fin,\u00a0 han sido cursos relacionados [&hellip;]<\/p>\n","protected":false},"author":8,"featured_media":0,"comment_status":"closed","ping_status":"open","sticky":false,"template":"","format":"standard","meta":{"_exactmetrics_skip_tracking":false,"_exactmetrics_sitenote_active":false,"_exactmetrics_sitenote_note":"","_exactmetrics_sitenote_category":0,"_genesis_hide_title":false,"_genesis_hide_breadcrumbs":false,"_genesis_hide_singular_image":false,"_genesis_hide_footer_widgets":false,"_genesis_custom_body_class":"","_genesis_custom_post_class":"","_genesis_layout":"","footnotes":""},"categories":[78,54],"tags":[],"class_list":{"0":"post-3283","1":"post","2":"type-post","3":"status-publish","4":"format-standard","6":"category-comision-de-formacion","7":"category-noticias","8":"entry"},"yoast_head":"<!-- This site is optimized with the Yoast SEO plugin v27.5 - https:\/\/yoast.com\/product\/yoast-seo-wordpress\/ -->\n<title>Propuestas Formativas de UGT e informaci\u00f3n sobre la Comisi\u00f3n de Formaci\u00f3n celebrada el 16 de febrero de 2022 - UGT Ayuntamiento de Santander<\/title>\n<meta name=\"robots\" content=\"index, follow, max-snippet:-1, max-image-preview:large, max-video-preview:-1\" \/>\n<link rel=\"canonical\" href=\"https:\/\/ugtaytosantander.es\/portal\/propuestas-formativas-de-ugt-e-informacion-sobre-la-comision-de-formacion-celebrada-el-16-de-febrero-de-2022\/\" \/>\n<meta property=\"og:locale\" content=\"es_ES\" \/>\n<meta property=\"og:type\" content=\"article\" \/>\n<meta property=\"og:title\" content=\"Propuestas Formativas de UGT e informaci\u00f3n sobre la Comisi\u00f3n de Formaci\u00f3n celebrada el 16 de febrero de 2022 - UGT Ayuntamiento de Santander\" \/>\n<meta property=\"og:description\" content=\"Propuesta UGT formaci\u00f3n2022\u00a0\u00a0 En la reuni\u00f3n de formaci\u00f3n se han presentado varias propuestas formativas por parte de los sindicatos asistentes. Nos hemos comprometido ha intentar sacar el curso online de 2022 este a\u00f1o en marzo. Para ello ha habido varias propuestas y la que m\u00e1s peso ha cogido, para este fin,\u00a0 han sido cursos relacionados [&hellip;]\" \/>\n<meta property=\"og:url\" content=\"https:\/\/ugtaytosantander.es\/portal\/propuestas-formativas-de-ugt-e-informacion-sobre-la-comision-de-formacion-celebrada-el-16-de-febrero-de-2022\/\" \/>\n<meta property=\"og:site_name\" content=\"UGT Ayuntamiento de Santander\" \/>\n<meta property=\"article:published_time\" content=\"2022-02-18T20:02:26+00:00\" \/>\n<meta property=\"og:image\" content=\"https:\/\/ssl.gstatic.com\/ui\/v1\/icons\/mail\/no_photo.png\" \/>\n<meta name=\"author\" content=\"Ricardo Garcia Pardo\" \/>\n<meta name=\"twitter:card\" content=\"summary_large_image\" \/>\n<meta name=\"twitter:label1\" content=\"Escrito por\" \/>\n\t<meta name=\"twitter:data1\" content=\"Ricardo Garcia Pardo\" \/>\n\t<meta name=\"twitter:label2\" content=\"Tiempo de lectura\" \/>\n\t<meta name=\"twitter:data2\" content=\"1 minuto\" \/>\n<script type=\"application\/ld+json\" class=\"yoast-schema-graph\">{\"@context\":\"https:\\\/\\\/schema.org\",\"@graph\":[{\"@type\":\"Article\",\"@id\":\"https:\\\/\\\/ugtaytosantander.es\\\/portal\\\/propuestas-formativas-de-ugt-e-informacion-sobre-la-comision-de-formacion-celebrada-el-16-de-febrero-de-2022\\\/#article\",\"isPartOf\":{\"@id\":\"https:\\\/\\\/ugtaytosantander.es\\\/portal\\\/propuestas-formativas-de-ugt-e-informacion-sobre-la-comision-de-formacion-celebrada-el-16-de-febrero-de-2022\\\/\"},\"author\":{\"name\":\"Ricardo Garcia Pardo\",\"@id\":\"https:\\\/\\\/ugtaytosantander.es\\\/portal\\\/#\\\/schema\\\/person\\\/ff5d6b0ad70c04f17d8981e1a397ff21\"},\"headline\":\"Propuestas Formativas de UGT e informaci\u00f3n sobre la Comisi\u00f3n de Formaci\u00f3n celebrada el 16 de febrero de 2022\",\"datePublished\":\"2022-02-18T20:02:26+00:00\",\"mainEntityOfPage\":{\"@id\":\"https:\\\/\\\/ugtaytosantander.es\\\/portal\\\/propuestas-formativas-de-ugt-e-informacion-sobre-la-comision-de-formacion-celebrada-el-16-de-febrero-de-2022\\\/\"},\"wordCount\":298,\"publisher\":{\"@id\":\"https:\\\/\\\/ugtaytosantander.es\\\/portal\\\/#organization\"},\"image\":{\"@id\":\"https:\\\/\\\/ugtaytosantander.es\\\/portal\\\/propuestas-formativas-de-ugt-e-informacion-sobre-la-comision-de-formacion-celebrada-el-16-de-febrero-de-2022\\\/#primaryimage\"},\"thumbnailUrl\":\"https:\\\/\\\/ssl.gstatic.com\\\/ui\\\/v1\\\/icons\\\/mail\\\/no_photo.png\",\"articleSection\":[\"Comision de Formacion\",\"Noticias\"],\"inLanguage\":\"es\"},{\"@type\":\"WebPage\",\"@id\":\"https:\\\/\\\/ugtaytosantander.es\\\/portal\\\/propuestas-formativas-de-ugt-e-informacion-sobre-la-comision-de-formacion-celebrada-el-16-de-febrero-de-2022\\\/\",\"url\":\"https:\\\/\\\/ugtaytosantander.es\\\/portal\\\/propuestas-formativas-de-ugt-e-informacion-sobre-la-comision-de-formacion-celebrada-el-16-de-febrero-de-2022\\\/\",\"name\":\"Propuestas Formativas de UGT e informaci\u00f3n sobre la Comisi\u00f3n de Formaci\u00f3n celebrada el 16 de febrero de 2022 - UGT Ayuntamiento de Santander\",\"isPartOf\":{\"@id\":\"https:\\\/\\\/ugtaytosantander.es\\\/portal\\\/#website\"},\"primaryImageOfPage\":{\"@id\":\"https:\\\/\\\/ugtaytosantander.es\\\/portal\\\/propuestas-formativas-de-ugt-e-informacion-sobre-la-comision-de-formacion-celebrada-el-16-de-febrero-de-2022\\\/#primaryimage\"},\"image\":{\"@id\":\"https:\\\/\\\/ugtaytosantander.es\\\/portal\\\/propuestas-formativas-de-ugt-e-informacion-sobre-la-comision-de-formacion-celebrada-el-16-de-febrero-de-2022\\\/#primaryimage\"},\"thumbnailUrl\":\"https:\\\/\\\/ssl.gstatic.com\\\/ui\\\/v1\\\/icons\\\/mail\\\/no_photo.png\",\"datePublished\":\"2022-02-18T20:02:26+00:00\",\"breadcrumb\":{\"@id\":\"https:\\\/\\\/ugtaytosantander.es\\\/portal\\\/propuestas-formativas-de-ugt-e-informacion-sobre-la-comision-de-formacion-celebrada-el-16-de-febrero-de-2022\\\/#breadcrumb\"},\"inLanguage\":\"es\",\"potentialAction\":[{\"@type\":\"ReadAction\",\"target\":[\"https:\\\/\\\/ugtaytosantander.es\\\/portal\\\/propuestas-formativas-de-ugt-e-informacion-sobre-la-comision-de-formacion-celebrada-el-16-de-febrero-de-2022\\\/\"]}]},{\"@type\":\"ImageObject\",\"inLanguage\":\"es\",\"@id\":\"https:\\\/\\\/ugtaytosantander.es\\\/portal\\\/propuestas-formativas-de-ugt-e-informacion-sobre-la-comision-de-formacion-celebrada-el-16-de-febrero-de-2022\\\/#primaryimage\",\"url\":\"https:\\\/\\\/ssl.gstatic.com\\\/ui\\\/v1\\\/icons\\\/mail\\\/no_photo.png\",\"contentUrl\":\"https:\\\/\\\/ssl.gstatic.com\\\/ui\\\/v1\\\/icons\\\/mail\\\/no_photo.png\"},{\"@type\":\"BreadcrumbList\",\"@id\":\"https:\\\/\\\/ugtaytosantander.es\\\/portal\\\/propuestas-formativas-de-ugt-e-informacion-sobre-la-comision-de-formacion-celebrada-el-16-de-febrero-de-2022\\\/#breadcrumb\",\"itemListElement\":[{\"@type\":\"ListItem\",\"position\":1,\"name\":\"Portada\",\"item\":\"https:\\\/\\\/ugtaytosantander.es\\\/portal\\\/\"},{\"@type\":\"ListItem\",\"position\":2,\"name\":\"Propuestas Formativas de UGT e informaci\u00f3n sobre la Comisi\u00f3n de Formaci\u00f3n celebrada el 16 de febrero de 2022\"}]},{\"@type\":\"WebSite\",\"@id\":\"https:\\\/\\\/ugtaytosantander.es\\\/portal\\\/#website\",\"url\":\"https:\\\/\\\/ugtaytosantander.es\\\/portal\\\/\",\"name\":\"UGT Ayuntamiento de Santander\",\"description\":\"Seccion Sindical UGT Ayto Santander\",\"publisher\":{\"@id\":\"https:\\\/\\\/ugtaytosantander.es\\\/portal\\\/#organization\"},\"potentialAction\":[{\"@type\":\"SearchAction\",\"target\":{\"@type\":\"EntryPoint\",\"urlTemplate\":\"https:\\\/\\\/ugtaytosantander.es\\\/portal\\\/?s={search_term_string}\"},\"query-input\":{\"@type\":\"PropertyValueSpecification\",\"valueRequired\":true,\"valueName\":\"search_term_string\"}}],\"inLanguage\":\"es\"},{\"@type\":\"Organization\",\"@id\":\"https:\\\/\\\/ugtaytosantander.es\\\/portal\\\/#organization\",\"name\":\"Secci\u00f3n Sindical de UGT del Ayuntamiento de Santander\",\"url\":\"https:\\\/\\\/ugtaytosantander.es\\\/portal\\\/\",\"logo\":{\"@type\":\"ImageObject\",\"inLanguage\":\"es\",\"@id\":\"https:\\\/\\\/ugtaytosantander.es\\\/portal\\\/#\\\/schema\\\/logo\\\/image\\\/\",\"url\":\"https:\\\/\\\/ugtaytosantander.es\\\/portal\\\/wp-content\\\/uploads\\\/2019\\\/03\\\/Logo-FESP200.png\",\"contentUrl\":\"https:\\\/\\\/ugtaytosantander.es\\\/portal\\\/wp-content\\\/uploads\\\/2019\\\/03\\\/Logo-FESP200.png\",\"width\":200,\"height\":123,\"caption\":\"Secci\u00f3n Sindical de UGT del Ayuntamiento de Santander\"},\"image\":{\"@id\":\"https:\\\/\\\/ugtaytosantander.es\\\/portal\\\/#\\\/schema\\\/logo\\\/image\\\/\"}},{\"@type\":\"Person\",\"@id\":\"https:\\\/\\\/ugtaytosantander.es\\\/portal\\\/#\\\/schema\\\/person\\\/ff5d6b0ad70c04f17d8981e1a397ff21\",\"name\":\"Ricardo Garcia Pardo\",\"url\":\"https:\\\/\\\/ugtaytosantander.es\\\/portal\\\/author\\\/ricardo\\\/\"}]}<\/script>\n<!-- \/ Yoast SEO plugin. -->","yoast_head_json":{"title":"Propuestas Formativas de UGT e informaci\u00f3n sobre la Comisi\u00f3n de Formaci\u00f3n celebrada el 16 de febrero de 2022 - UGT Ayuntamiento de Santander","robots":{"index":"index","follow":"follow","max-snippet":"max-snippet:-1","max-image-preview":"max-image-preview:large","max-video-preview":"max-video-preview:-1"},"canonical":"https:\/\/ugtaytosantander.es\/portal\/propuestas-formativas-de-ugt-e-informacion-sobre-la-comision-de-formacion-celebrada-el-16-de-febrero-de-2022\/","og_locale":"es_ES","og_type":"article","og_title":"Propuestas Formativas de UGT e informaci\u00f3n sobre la Comisi\u00f3n de Formaci\u00f3n celebrada el 16 de febrero de 2022 - UGT Ayuntamiento de Santander","og_description":"Propuesta UGT formaci\u00f3n2022\u00a0\u00a0 En la reuni\u00f3n de formaci\u00f3n se han presentado varias propuestas formativas por parte de los sindicatos asistentes. Nos hemos comprometido ha intentar sacar el curso online de 2022 este a\u00f1o en marzo. Para ello ha habido varias propuestas y la que m\u00e1s peso ha cogido, para este fin,\u00a0 han sido cursos relacionados [&hellip;]","og_url":"https:\/\/ugtaytosantander.es\/portal\/propuestas-formativas-de-ugt-e-informacion-sobre-la-comision-de-formacion-celebrada-el-16-de-febrero-de-2022\/","og_site_name":"UGT Ayuntamiento de Santander","article_published_time":"2022-02-18T20:02:26+00:00","og_image":[{"url":"https:\/\/ssl.gstatic.com\/ui\/v1\/icons\/mail\/no_photo.png","type":"","width":"","height":""}],"author":"Ricardo Garcia Pardo","twitter_card":"summary_large_image","twitter_misc":{"Escrito por":"Ricardo Garcia Pardo","Tiempo de lectura":"1 minuto"},"schema":{"@context":"https:\/\/schema.org","@graph":[{"@type":"Article","@id":"https:\/\/ugtaytosantander.es\/portal\/propuestas-formativas-de-ugt-e-informacion-sobre-la-comision-de-formacion-celebrada-el-16-de-febrero-de-2022\/#article","isPartOf":{"@id":"https:\/\/ugtaytosantander.es\/portal\/propuestas-formativas-de-ugt-e-informacion-sobre-la-comision-de-formacion-celebrada-el-16-de-febrero-de-2022\/"},"author":{"name":"Ricardo Garcia Pardo","@id":"https:\/\/ugtaytosantander.es\/portal\/#\/schema\/person\/ff5d6b0ad70c04f17d8981e1a397ff21"},"headline":"Propuestas Formativas de UGT e informaci\u00f3n sobre la Comisi\u00f3n de Formaci\u00f3n celebrada el 16 de febrero de 2022","datePublished":"2022-02-18T20:02:26+00:00","mainEntityOfPage":{"@id":"https:\/\/ugtaytosantander.es\/portal\/propuestas-formativas-de-ugt-e-informacion-sobre-la-comision-de-formacion-celebrada-el-16-de-febrero-de-2022\/"},"wordCount":298,"publisher":{"@id":"https:\/\/ugtaytosantander.es\/portal\/#organization"},"image":{"@id":"https:\/\/ugtaytosantander.es\/portal\/propuestas-formativas-de-ugt-e-informacion-sobre-la-comision-de-formacion-celebrada-el-16-de-febrero-de-2022\/#primaryimage"},"thumbnailUrl":"https:\/\/ssl.gstatic.com\/ui\/v1\/icons\/mail\/no_photo.png","articleSection":["Comision de Formacion","Noticias"],"inLanguage":"es"},{"@type":"WebPage","@id":"https:\/\/ugtaytosantander.es\/portal\/propuestas-formativas-de-ugt-e-informacion-sobre-la-comision-de-formacion-celebrada-el-16-de-febrero-de-2022\/","url":"https:\/\/ugtaytosantander.es\/portal\/propuestas-formativas-de-ugt-e-informacion-sobre-la-comision-de-formacion-celebrada-el-16-de-febrero-de-2022\/","name":"Propuestas Formativas de UGT e informaci\u00f3n sobre la Comisi\u00f3n de Formaci\u00f3n celebrada el 16 de febrero de 2022 - UGT Ayuntamiento de Santander","isPartOf":{"@id":"https:\/\/ugtaytosantander.es\/portal\/#website"},"primaryImageOfPage":{"@id":"https:\/\/ugtaytosantander.es\/portal\/propuestas-formativas-de-ugt-e-informacion-sobre-la-comision-de-formacion-celebrada-el-16-de-febrero-de-2022\/#primaryimage"},"image":{"@id":"https:\/\/ugtaytosantander.es\/portal\/propuestas-formativas-de-ugt-e-informacion-sobre-la-comision-de-formacion-celebrada-el-16-de-febrero-de-2022\/#primaryimage"},"thumbnailUrl":"https:\/\/ssl.gstatic.com\/ui\/v1\/icons\/mail\/no_photo.png","datePublished":"2022-02-18T20:02:26+00:00","breadcrumb":{"@id":"https:\/\/ugtaytosantander.es\/portal\/propuestas-formativas-de-ugt-e-informacion-sobre-la-comision-de-formacion-celebrada-el-16-de-febrero-de-2022\/#breadcrumb"},"inLanguage":"es","potentialAction":[{"@type":"ReadAction","target":["https:\/\/ugtaytosantander.es\/portal\/propuestas-formativas-de-ugt-e-informacion-sobre-la-comision-de-formacion-celebrada-el-16-de-febrero-de-2022\/"]}]},{"@type":"ImageObject","inLanguage":"es","@id":"https:\/\/ugtaytosantander.es\/portal\/propuestas-formativas-de-ugt-e-informacion-sobre-la-comision-de-formacion-celebrada-el-16-de-febrero-de-2022\/#primaryimage","url":"https:\/\/ssl.gstatic.com\/ui\/v1\/icons\/mail\/no_photo.png","contentUrl":"https:\/\/ssl.gstatic.com\/ui\/v1\/icons\/mail\/no_photo.png"},{"@type":"BreadcrumbList","@id":"https:\/\/ugtaytosantander.es\/portal\/propuestas-formativas-de-ugt-e-informacion-sobre-la-comision-de-formacion-celebrada-el-16-de-febrero-de-2022\/#breadcrumb","itemListElement":[{"@type":"ListItem","position":1,"name":"Portada","item":"https:\/\/ugtaytosantander.es\/portal\/"},{"@type":"ListItem","position":2,"name":"Propuestas Formativas de UGT e informaci\u00f3n sobre la Comisi\u00f3n de Formaci\u00f3n celebrada el 16 de febrero de 2022"}]},{"@type":"WebSite","@id":"https:\/\/ugtaytosantander.es\/portal\/#website","url":"https:\/\/ugtaytosantander.es\/portal\/","name":"UGT Ayuntamiento de Santander","description":"Seccion Sindical UGT Ayto Santander","publisher":{"@id":"https:\/\/ugtaytosantander.es\/portal\/#organization"},"potentialAction":[{"@type":"SearchAction","target":{"@type":"EntryPoint","urlTemplate":"https:\/\/ugtaytosantander.es\/portal\/?s={search_term_string}"},"query-input":{"@type":"PropertyValueSpecification","valueRequired":true,"valueName":"search_term_string"}}],"inLanguage":"es"},{"@type":"Organization","@id":"https:\/\/ugtaytosantander.es\/portal\/#organization","name":"Secci\u00f3n Sindical de UGT del Ayuntamiento de Santander","url":"https:\/\/ugtaytosantander.es\/portal\/","logo":{"@type":"ImageObject","inLanguage":"es","@id":"https:\/\/ugtaytosantander.es\/portal\/#\/schema\/logo\/image\/","url":"https:\/\/ugtaytosantander.es\/portal\/wp-content\/uploads\/2019\/03\/Logo-FESP200.png","contentUrl":"https:\/\/ugtaytosantander.es\/portal\/wp-content\/uploads\/2019\/03\/Logo-FESP200.png","width":200,"height":123,"caption":"Secci\u00f3n Sindical de UGT del Ayuntamiento de Santander"},"image":{"@id":"https:\/\/ugtaytosantander.es\/portal\/#\/schema\/logo\/image\/"}},{"@type":"Person","@id":"https:\/\/ugtaytosantander.es\/portal\/#\/schema\/person\/ff5d6b0ad70c04f17d8981e1a397ff21","name":"Ricardo Garcia Pardo","url":"https:\/\/ugtaytosantander.es\/portal\/author\/ricardo\/"}]}},"publishpress_future_action":{"enabled":false,"date":"2026-05-06 15:42:41","action":"change-status","newStatus":"trash","terms":[],"taxonomy":"category","extraData":[]},"publishpress_future_workflow_manual_trigger":{"enabledWorkflows":[]},"_links":{"self":[{"href":"https:\/\/ugtaytosantander.es\/portal\/wp-json\/wp\/v2\/posts\/3283","targetHints":{"allow":["GET"]}}],"collection":[{"href":"https:\/\/ugtaytosantander.es\/portal\/wp-json\/wp\/v2\/posts"}],"about":[{"href":"https:\/\/ugtaytosantander.es\/portal\/wp-json\/wp\/v2\/types\/post"}],"author":[{"embeddable":true,"href":"https:\/\/ugtaytosantander.es\/portal\/wp-json\/wp\/v2\/users\/8"}],"replies":[{"embeddable":true,"href":"https:\/\/ugtaytosantander.es\/portal\/wp-json\/wp\/v2\/comments?post=3283"}],"version-history":[{"count":1,"href":"https:\/\/ugtaytosantander.es\/portal\/wp-json\/wp\/v2\/posts\/3283\/revisions"}],"predecessor-version":[{"id":3286,"href":"https:\/\/ugtaytosantander.es\/portal\/wp-json\/wp\/v2\/posts\/3283\/revisions\/3286"}],"wp:attachment":[{"href":"https:\/\/ugtaytosantander.es\/portal\/wp-json\/wp\/v2\/media?parent=3283"}],"wp:term":[{"taxonomy":"category","embeddable":true,"href":"https:\/\/ugtaytosantander.es\/portal\/wp-json\/wp\/v2\/categories?post=3283"},{"taxonomy":"post_tag","embeddable":true,"href":"https:\/\/ugtaytosantander.es\/portal\/wp-json\/wp\/v2\/tags?post=3283"}],"curies":[{"name":"wp","href":"https:\/\/api.w.org\/{rel}","templated":true}]}}