{"id":3355,"date":"2022-05-04T09:58:24","date_gmt":"2022-05-04T07:58:24","guid":{"rendered":"https:\/\/ugtaytosantander.es\/portal\/?p=3355"},"modified":"2022-05-04T09:58:24","modified_gmt":"2022-05-04T07:58:24","slug":"la-concejalia-de-cultura-sigue-saltandose-los-organos-de-negociacion-con-la-banda-de-musica-y-representacion-de-los-trabajadores","status":"publish","type":"post","link":"https:\/\/ugtaytosantander.es\/portal\/la-concejalia-de-cultura-sigue-saltandose-los-organos-de-negociacion-con-la-banda-de-musica-y-representacion-de-los-trabajadores\/","title":{"rendered":"LA CONCEJAL\u00cdA DE CULTURA SIGUE SALTANDOSE LOS \u00d3RGANOS DE NEGOCIACI\u00d3N CON LA BANDA DE M\u00daSICA  Y REPRESENTACION DE LOS TRABAJADORES"},"content":{"rendered":"<p>Desde <strong>UGT<\/strong> le hemos indicado a LA CONCEJAL\u00cdA DE CULTURA que para negociar condiciones laborales est\u00e1n los <em><strong>ORGANOS LEGITIMADOS DE REPRESENTACI\u00d3N DE LOS TRABAJADORES PARA LA NEGOCIACI\u00d3N COLECTIVA<\/strong> <\/em>y \u00e9l, se empe\u00f1a en menospreciarlos, realiza reuniones paralelas a estos \u00f3rganos, a pesar de que haya emitido un informe del servicio de Inspecci\u00f3n y Calidad del propio Ayuntamiento que indica donde tienen validez dichas negociaciones, QUE ES LA <em><strong>MESA GENERAL DE ASUNTOS COMUNES.<\/strong><\/em><\/p>\n<p>Cansados ya de esta situaci\u00f3n, En <strong>UGT<\/strong> no nos queda mas que denunciar esta situaci\u00f3n de vulneraci\u00f3n democr\u00e1tica, estableciendo reuniones paralelas, no sabemos con que fin se salta a los \u00f3rganos legalmente constituidos para la <strong>NEGOCIACI\u00d3N COLECTIVA Y QUE INSISTIMOS, HAY UN INFORME DEL AYUNTAMIENTO QUE ASI LO AVALA.<\/strong><\/p>\n<div dir=\"auto\">Adem\u00e1s en los a\u00f1os que llevamos\u00a0 de legislatura\u00a0 en la banda<strong> no se han cubierto las\u00a0 plazas<\/strong> que han quedado vacantes, sin ser ocupadas por ning\u00fan interino.<\/div>\n<div dir=\"auto\"><strong>Tampoco se est\u00e1n cubriendo las bajas laborales<\/strong>.<\/div>\n<div dir=\"auto\">Adem\u00e1s <strong>no se est\u00e1 comprando los trajes para la uniformidad de la banda<\/strong>, acudiendo algunos trabajadores con su traje propio, en definitiva <strong>una aut\u00e9ntica verg\u00fcenza la gesti\u00f3n de la banda de m\u00fasica por el Equipo de Gobierno.<\/strong><\/div>\n","protected":false},"excerpt":{"rendered":"<p>Desde UGT le hemos indicado a LA CONCEJAL\u00cdA DE CULTURA que para negociar condiciones laborales est\u00e1n los ORGANOS LEGITIMADOS DE REPRESENTACI\u00d3N DE LOS TRABAJADORES PARA LA NEGOCIACI\u00d3N COLECTIVA y \u00e9l, se empe\u00f1a en menospreciarlos, realiza reuniones paralelas a estos \u00f3rganos, a pesar de que haya emitido un informe del servicio de Inspecci\u00f3n y Calidad del [&hellip;]<\/p>\n","protected":false},"author":8,"featured_media":0,"comment_status":"closed","ping_status":"open","sticky":false,"template":"","format":"standard","meta":{"_exactmetrics_skip_tracking":false,"_exactmetrics_sitenote_active":false,"_exactmetrics_sitenote_note":"","_exactmetrics_sitenote_category":0,"_genesis_hide_title":false,"_genesis_hide_breadcrumbs":false,"_genesis_hide_singular_image":false,"_genesis_hide_footer_widgets":false,"_genesis_custom_body_class":"","_genesis_custom_post_class":"","_genesis_layout":"","footnotes":""},"categories":[54],"tags":[],"class_list":{"0":"post-3355","1":"post","2":"type-post","3":"status-publish","4":"format-standard","6":"category-noticias","7":"entry"},"yoast_head":"<!-- This site is optimized with the Yoast SEO plugin v27.5 - https:\/\/yoast.com\/product\/yoast-seo-wordpress\/ -->\n<title>LA CONCEJAL\u00cdA DE CULTURA SIGUE SALTANDOSE LOS \u00d3RGANOS DE NEGOCIACI\u00d3N CON LA BANDA DE M\u00daSICA Y REPRESENTACION DE LOS TRABAJADORES - UGT Ayuntamiento de Santander<\/title>\n<meta name=\"robots\" content=\"index, follow, max-snippet:-1, max-image-preview:large, max-video-preview:-1\" \/>\n<link rel=\"canonical\" href=\"https:\/\/ugtaytosantander.es\/portal\/la-concejalia-de-cultura-sigue-saltandose-los-organos-de-negociacion-con-la-banda-de-musica-y-representacion-de-los-trabajadores\/\" \/>\n<meta property=\"og:locale\" content=\"es_ES\" \/>\n<meta property=\"og:type\" content=\"article\" \/>\n<meta property=\"og:title\" content=\"LA CONCEJAL\u00cdA DE CULTURA SIGUE SALTANDOSE LOS \u00d3RGANOS DE NEGOCIACI\u00d3N CON LA BANDA DE M\u00daSICA Y REPRESENTACION DE LOS TRABAJADORES - UGT Ayuntamiento de Santander\" \/>\n<meta property=\"og:description\" content=\"Desde UGT le hemos indicado a LA CONCEJAL\u00cdA DE CULTURA que para negociar condiciones laborales est\u00e1n los ORGANOS LEGITIMADOS DE REPRESENTACI\u00d3N DE LOS TRABAJADORES PARA LA NEGOCIACI\u00d3N COLECTIVA y \u00e9l, se empe\u00f1a en menospreciarlos, realiza reuniones paralelas a estos \u00f3rganos, a pesar de que haya emitido un informe del servicio de Inspecci\u00f3n y Calidad del [&hellip;]\" \/>\n<meta property=\"og:url\" content=\"https:\/\/ugtaytosantander.es\/portal\/la-concejalia-de-cultura-sigue-saltandose-los-organos-de-negociacion-con-la-banda-de-musica-y-representacion-de-los-trabajadores\/\" \/>\n<meta property=\"og:site_name\" content=\"UGT Ayuntamiento de Santander\" \/>\n<meta property=\"article:published_time\" content=\"2022-05-04T07:58:24+00:00\" \/>\n<meta name=\"author\" content=\"Ricardo Garcia Pardo\" \/>\n<meta name=\"twitter:card\" content=\"summary_large_image\" \/>\n<meta name=\"twitter:label1\" content=\"Escrito por\" \/>\n\t<meta name=\"twitter:data1\" content=\"Ricardo Garcia Pardo\" \/>\n\t<meta name=\"twitter:label2\" content=\"Tiempo de lectura\" \/>\n\t<meta name=\"twitter:data2\" content=\"1 minuto\" \/>\n<script type=\"application\/ld+json\" class=\"yoast-schema-graph\">{\"@context\":\"https:\\\/\\\/schema.org\",\"@graph\":[{\"@type\":\"Article\",\"@id\":\"https:\\\/\\\/ugtaytosantander.es\\\/portal\\\/la-concejalia-de-cultura-sigue-saltandose-los-organos-de-negociacion-con-la-banda-de-musica-y-representacion-de-los-trabajadores\\\/#article\",\"isPartOf\":{\"@id\":\"https:\\\/\\\/ugtaytosantander.es\\\/portal\\\/la-concejalia-de-cultura-sigue-saltandose-los-organos-de-negociacion-con-la-banda-de-musica-y-representacion-de-los-trabajadores\\\/\"},\"author\":{\"name\":\"Ricardo Garcia Pardo\",\"@id\":\"https:\\\/\\\/ugtaytosantander.es\\\/portal\\\/#\\\/schema\\\/person\\\/ff5d6b0ad70c04f17d8981e1a397ff21\"},\"headline\":\"LA CONCEJAL\u00cdA DE CULTURA SIGUE SALTANDOSE LOS \u00d3RGANOS DE NEGOCIACI\u00d3N CON LA BANDA DE M\u00daSICA Y REPRESENTACION DE LOS TRABAJADORES\",\"datePublished\":\"2022-05-04T07:58:24+00:00\",\"mainEntityOfPage\":{\"@id\":\"https:\\\/\\\/ugtaytosantander.es\\\/portal\\\/la-concejalia-de-cultura-sigue-saltandose-los-organos-de-negociacion-con-la-banda-de-musica-y-representacion-de-los-trabajadores\\\/\"},\"wordCount\":235,\"publisher\":{\"@id\":\"https:\\\/\\\/ugtaytosantander.es\\\/portal\\\/#organization\"},\"articleSection\":[\"Noticias\"],\"inLanguage\":\"es\"},{\"@type\":\"WebPage\",\"@id\":\"https:\\\/\\\/ugtaytosantander.es\\\/portal\\\/la-concejalia-de-cultura-sigue-saltandose-los-organos-de-negociacion-con-la-banda-de-musica-y-representacion-de-los-trabajadores\\\/\",\"url\":\"https:\\\/\\\/ugtaytosantander.es\\\/portal\\\/la-concejalia-de-cultura-sigue-saltandose-los-organos-de-negociacion-con-la-banda-de-musica-y-representacion-de-los-trabajadores\\\/\",\"name\":\"LA CONCEJAL\u00cdA DE CULTURA SIGUE SALTANDOSE LOS \u00d3RGANOS DE NEGOCIACI\u00d3N CON LA BANDA DE M\u00daSICA Y REPRESENTACION DE LOS TRABAJADORES - UGT Ayuntamiento de Santander\",\"isPartOf\":{\"@id\":\"https:\\\/\\\/ugtaytosantander.es\\\/portal\\\/#website\"},\"datePublished\":\"2022-05-04T07:58:24+00:00\",\"breadcrumb\":{\"@id\":\"https:\\\/\\\/ugtaytosantander.es\\\/portal\\\/la-concejalia-de-cultura-sigue-saltandose-los-organos-de-negociacion-con-la-banda-de-musica-y-representacion-de-los-trabajadores\\\/#breadcrumb\"},\"inLanguage\":\"es\",\"potentialAction\":[{\"@type\":\"ReadAction\",\"target\":[\"https:\\\/\\\/ugtaytosantander.es\\\/portal\\\/la-concejalia-de-cultura-sigue-saltandose-los-organos-de-negociacion-con-la-banda-de-musica-y-representacion-de-los-trabajadores\\\/\"]}]},{\"@type\":\"BreadcrumbList\",\"@id\":\"https:\\\/\\\/ugtaytosantander.es\\\/portal\\\/la-concejalia-de-cultura-sigue-saltandose-los-organos-de-negociacion-con-la-banda-de-musica-y-representacion-de-los-trabajadores\\\/#breadcrumb\",\"itemListElement\":[{\"@type\":\"ListItem\",\"position\":1,\"name\":\"Portada\",\"item\":\"https:\\\/\\\/ugtaytosantander.es\\\/portal\\\/\"},{\"@type\":\"ListItem\",\"position\":2,\"name\":\"LA CONCEJAL\u00cdA DE CULTURA SIGUE SALTANDOSE LOS \u00d3RGANOS DE NEGOCIACI\u00d3N CON LA BANDA DE M\u00daSICA Y REPRESENTACION DE LOS TRABAJADORES\"}]},{\"@type\":\"WebSite\",\"@id\":\"https:\\\/\\\/ugtaytosantander.es\\\/portal\\\/#website\",\"url\":\"https:\\\/\\\/ugtaytosantander.es\\\/portal\\\/\",\"name\":\"UGT Ayuntamiento de Santander\",\"description\":\"Seccion Sindical UGT Ayto Santander\",\"publisher\":{\"@id\":\"https:\\\/\\\/ugtaytosantander.es\\\/portal\\\/#organization\"},\"potentialAction\":[{\"@type\":\"SearchAction\",\"target\":{\"@type\":\"EntryPoint\",\"urlTemplate\":\"https:\\\/\\\/ugtaytosantander.es\\\/portal\\\/?s={search_term_string}\"},\"query-input\":{\"@type\":\"PropertyValueSpecification\",\"valueRequired\":true,\"valueName\":\"search_term_string\"}}],\"inLanguage\":\"es\"},{\"@type\":\"Organization\",\"@id\":\"https:\\\/\\\/ugtaytosantander.es\\\/portal\\\/#organization\",\"name\":\"Secci\u00f3n Sindical de UGT del Ayuntamiento de Santander\",\"url\":\"https:\\\/\\\/ugtaytosantander.es\\\/portal\\\/\",\"logo\":{\"@type\":\"ImageObject\",\"inLanguage\":\"es\",\"@id\":\"https:\\\/\\\/ugtaytosantander.es\\\/portal\\\/#\\\/schema\\\/logo\\\/image\\\/\",\"url\":\"https:\\\/\\\/ugtaytosantander.es\\\/portal\\\/wp-content\\\/uploads\\\/2019\\\/03\\\/Logo-FESP200.png\",\"contentUrl\":\"https:\\\/\\\/ugtaytosantander.es\\\/portal\\\/wp-content\\\/uploads\\\/2019\\\/03\\\/Logo-FESP200.png\",\"width\":200,\"height\":123,\"caption\":\"Secci\u00f3n Sindical de UGT del Ayuntamiento de Santander\"},\"image\":{\"@id\":\"https:\\\/\\\/ugtaytosantander.es\\\/portal\\\/#\\\/schema\\\/logo\\\/image\\\/\"}},{\"@type\":\"Person\",\"@id\":\"https:\\\/\\\/ugtaytosantander.es\\\/portal\\\/#\\\/schema\\\/person\\\/ff5d6b0ad70c04f17d8981e1a397ff21\",\"name\":\"Ricardo Garcia Pardo\",\"url\":\"https:\\\/\\\/ugtaytosantander.es\\\/portal\\\/author\\\/ricardo\\\/\"}]}<\/script>\n<!-- \/ Yoast SEO plugin. -->","yoast_head_json":{"title":"LA CONCEJAL\u00cdA DE CULTURA SIGUE SALTANDOSE LOS \u00d3RGANOS DE NEGOCIACI\u00d3N CON LA BANDA DE M\u00daSICA Y REPRESENTACION DE LOS TRABAJADORES - UGT Ayuntamiento de Santander","robots":{"index":"index","follow":"follow","max-snippet":"max-snippet:-1","max-image-preview":"max-image-preview:large","max-video-preview":"max-video-preview:-1"},"canonical":"https:\/\/ugtaytosantander.es\/portal\/la-concejalia-de-cultura-sigue-saltandose-los-organos-de-negociacion-con-la-banda-de-musica-y-representacion-de-los-trabajadores\/","og_locale":"es_ES","og_type":"article","og_title":"LA CONCEJAL\u00cdA DE CULTURA SIGUE SALTANDOSE LOS \u00d3RGANOS DE NEGOCIACI\u00d3N CON LA BANDA DE M\u00daSICA Y REPRESENTACION DE LOS TRABAJADORES - UGT Ayuntamiento de Santander","og_description":"Desde UGT le hemos indicado a LA CONCEJAL\u00cdA DE CULTURA que para negociar condiciones laborales est\u00e1n los ORGANOS LEGITIMADOS DE REPRESENTACI\u00d3N DE LOS TRABAJADORES PARA LA NEGOCIACI\u00d3N COLECTIVA y \u00e9l, se empe\u00f1a en menospreciarlos, realiza reuniones paralelas a estos \u00f3rganos, a pesar de que haya emitido un informe del servicio de Inspecci\u00f3n y Calidad del [&hellip;]","og_url":"https:\/\/ugtaytosantander.es\/portal\/la-concejalia-de-cultura-sigue-saltandose-los-organos-de-negociacion-con-la-banda-de-musica-y-representacion-de-los-trabajadores\/","og_site_name":"UGT Ayuntamiento de Santander","article_published_time":"2022-05-04T07:58:24+00:00","author":"Ricardo Garcia Pardo","twitter_card":"summary_large_image","twitter_misc":{"Escrito por":"Ricardo Garcia Pardo","Tiempo de lectura":"1 minuto"},"schema":{"@context":"https:\/\/schema.org","@graph":[{"@type":"Article","@id":"https:\/\/ugtaytosantander.es\/portal\/la-concejalia-de-cultura-sigue-saltandose-los-organos-de-negociacion-con-la-banda-de-musica-y-representacion-de-los-trabajadores\/#article","isPartOf":{"@id":"https:\/\/ugtaytosantander.es\/portal\/la-concejalia-de-cultura-sigue-saltandose-los-organos-de-negociacion-con-la-banda-de-musica-y-representacion-de-los-trabajadores\/"},"author":{"name":"Ricardo Garcia Pardo","@id":"https:\/\/ugtaytosantander.es\/portal\/#\/schema\/person\/ff5d6b0ad70c04f17d8981e1a397ff21"},"headline":"LA CONCEJAL\u00cdA DE CULTURA SIGUE SALTANDOSE LOS \u00d3RGANOS DE NEGOCIACI\u00d3N CON LA BANDA DE M\u00daSICA Y REPRESENTACION DE LOS TRABAJADORES","datePublished":"2022-05-04T07:58:24+00:00","mainEntityOfPage":{"@id":"https:\/\/ugtaytosantander.es\/portal\/la-concejalia-de-cultura-sigue-saltandose-los-organos-de-negociacion-con-la-banda-de-musica-y-representacion-de-los-trabajadores\/"},"wordCount":235,"publisher":{"@id":"https:\/\/ugtaytosantander.es\/portal\/#organization"},"articleSection":["Noticias"],"inLanguage":"es"},{"@type":"WebPage","@id":"https:\/\/ugtaytosantander.es\/portal\/la-concejalia-de-cultura-sigue-saltandose-los-organos-de-negociacion-con-la-banda-de-musica-y-representacion-de-los-trabajadores\/","url":"https:\/\/ugtaytosantander.es\/portal\/la-concejalia-de-cultura-sigue-saltandose-los-organos-de-negociacion-con-la-banda-de-musica-y-representacion-de-los-trabajadores\/","name":"LA CONCEJAL\u00cdA DE CULTURA SIGUE SALTANDOSE LOS \u00d3RGANOS DE NEGOCIACI\u00d3N CON LA BANDA DE M\u00daSICA Y REPRESENTACION DE LOS TRABAJADORES - UGT Ayuntamiento de Santander","isPartOf":{"@id":"https:\/\/ugtaytosantander.es\/portal\/#website"},"datePublished":"2022-05-04T07:58:24+00:00","breadcrumb":{"@id":"https:\/\/ugtaytosantander.es\/portal\/la-concejalia-de-cultura-sigue-saltandose-los-organos-de-negociacion-con-la-banda-de-musica-y-representacion-de-los-trabajadores\/#breadcrumb"},"inLanguage":"es","potentialAction":[{"@type":"ReadAction","target":["https:\/\/ugtaytosantander.es\/portal\/la-concejalia-de-cultura-sigue-saltandose-los-organos-de-negociacion-con-la-banda-de-musica-y-representacion-de-los-trabajadores\/"]}]},{"@type":"BreadcrumbList","@id":"https:\/\/ugtaytosantander.es\/portal\/la-concejalia-de-cultura-sigue-saltandose-los-organos-de-negociacion-con-la-banda-de-musica-y-representacion-de-los-trabajadores\/#breadcrumb","itemListElement":[{"@type":"ListItem","position":1,"name":"Portada","item":"https:\/\/ugtaytosantander.es\/portal\/"},{"@type":"ListItem","position":2,"name":"LA CONCEJAL\u00cdA DE CULTURA SIGUE SALTANDOSE LOS \u00d3RGANOS DE NEGOCIACI\u00d3N CON LA BANDA DE M\u00daSICA Y REPRESENTACION DE LOS TRABAJADORES"}]},{"@type":"WebSite","@id":"https:\/\/ugtaytosantander.es\/portal\/#website","url":"https:\/\/ugtaytosantander.es\/portal\/","name":"UGT Ayuntamiento de Santander","description":"Seccion Sindical UGT Ayto Santander","publisher":{"@id":"https:\/\/ugtaytosantander.es\/portal\/#organization"},"potentialAction":[{"@type":"SearchAction","target":{"@type":"EntryPoint","urlTemplate":"https:\/\/ugtaytosantander.es\/portal\/?s={search_term_string}"},"query-input":{"@type":"PropertyValueSpecification","valueRequired":true,"valueName":"search_term_string"}}],"inLanguage":"es"},{"@type":"Organization","@id":"https:\/\/ugtaytosantander.es\/portal\/#organization","name":"Secci\u00f3n Sindical de UGT del Ayuntamiento de Santander","url":"https:\/\/ugtaytosantander.es\/portal\/","logo":{"@type":"ImageObject","inLanguage":"es","@id":"https:\/\/ugtaytosantander.es\/portal\/#\/schema\/logo\/image\/","url":"https:\/\/ugtaytosantander.es\/portal\/wp-content\/uploads\/2019\/03\/Logo-FESP200.png","contentUrl":"https:\/\/ugtaytosantander.es\/portal\/wp-content\/uploads\/2019\/03\/Logo-FESP200.png","width":200,"height":123,"caption":"Secci\u00f3n Sindical de UGT del Ayuntamiento de Santander"},"image":{"@id":"https:\/\/ugtaytosantander.es\/portal\/#\/schema\/logo\/image\/"}},{"@type":"Person","@id":"https:\/\/ugtaytosantander.es\/portal\/#\/schema\/person\/ff5d6b0ad70c04f17d8981e1a397ff21","name":"Ricardo Garcia Pardo","url":"https:\/\/ugtaytosantander.es\/portal\/author\/ricardo\/"}]}},"publishpress_future_action":{"enabled":false,"date":"2026-05-10 17:56:19","action":"change-status","newStatus":"trash","terms":[],"taxonomy":"category","extraData":[]},"publishpress_future_workflow_manual_trigger":{"enabledWorkflows":[]},"_links":{"self":[{"href":"https:\/\/ugtaytosantander.es\/portal\/wp-json\/wp\/v2\/posts\/3355","targetHints":{"allow":["GET"]}}],"collection":[{"href":"https:\/\/ugtaytosantander.es\/portal\/wp-json\/wp\/v2\/posts"}],"about":[{"href":"https:\/\/ugtaytosantander.es\/portal\/wp-json\/wp\/v2\/types\/post"}],"author":[{"embeddable":true,"href":"https:\/\/ugtaytosantander.es\/portal\/wp-json\/wp\/v2\/users\/8"}],"replies":[{"embeddable":true,"href":"https:\/\/ugtaytosantander.es\/portal\/wp-json\/wp\/v2\/comments?post=3355"}],"version-history":[{"count":3,"href":"https:\/\/ugtaytosantander.es\/portal\/wp-json\/wp\/v2\/posts\/3355\/revisions"}],"predecessor-version":[{"id":3358,"href":"https:\/\/ugtaytosantander.es\/portal\/wp-json\/wp\/v2\/posts\/3355\/revisions\/3358"}],"wp:attachment":[{"href":"https:\/\/ugtaytosantander.es\/portal\/wp-json\/wp\/v2\/media?parent=3355"}],"wp:term":[{"taxonomy":"category","embeddable":true,"href":"https:\/\/ugtaytosantander.es\/portal\/wp-json\/wp\/v2\/categories?post=3355"},{"taxonomy":"post_tag","embeddable":true,"href":"https:\/\/ugtaytosantander.es\/portal\/wp-json\/wp\/v2\/tags?post=3355"}],"curies":[{"name":"wp","href":"https:\/\/api.w.org\/{rel}","templated":true}]}}