{"id":3416,"date":"2022-09-21T09:36:01","date_gmt":"2022-09-21T07:36:01","guid":{"rendered":"https:\/\/ugtaytosantander.es\/portal\/?p=3416"},"modified":"2022-09-21T09:36:01","modified_gmt":"2022-09-21T07:36:01","slug":"tras-el-cambio-por-parte-de-la-oms-de-la-clasificacion-de-la-exposicion-laboral-de-la-actividad-de-los-bomberos-denominandola-como-cancerigena","status":"publish","type":"post","link":"https:\/\/ugtaytosantander.es\/portal\/tras-el-cambio-por-parte-de-la-oms-de-la-clasificacion-de-la-exposicion-laboral-de-la-actividad-de-los-bomberos-denominandola-como-cancerigena\/","title":{"rendered":"Tras el cambio por parte de la OMS de la clasificaci\u00f3n de la exposici\u00f3n laboral de la actividad de los bomberos denomin\u00e1ndola como cancer\u00edgena."},"content":{"rendered":"<p><span style=\"color: #ff0000;\"><strong>UGT SOLICITA \u201cRevisi\u00f3n de la Evaluaci\u00f3n de Riesgos de la actividad de bombero\u201d<\/strong><\/span><\/p>\n<p><a href=\"https:\/\/ugtaytosantander.es\/portal\/wp-content\/uploads\/2022\/09\/ACTIVIDAD-DE-BOMBEROS-CANCERIGENA.pdf\">INFORMACION PINCHAR AQUI<\/a><\/p>\n","protected":false},"excerpt":{"rendered":"<p>UGT SOLICITA \u201cRevisi\u00f3n de la Evaluaci\u00f3n de Riesgos de la actividad de bombero\u201d INFORMACION PINCHAR AQUI<\/p>\n","protected":false},"author":8,"featured_media":0,"comment_status":"closed","ping_status":"open","sticky":false,"template":"","format":"standard","meta":{"_exactmetrics_skip_tracking":false,"_exactmetrics_sitenote_active":false,"_exactmetrics_sitenote_note":"","_exactmetrics_sitenote_category":0,"_genesis_hide_title":false,"_genesis_hide_breadcrumbs":false,"_genesis_hide_singular_image":false,"_genesis_hide_footer_widgets":false,"_genesis_custom_body_class":"","_genesis_custom_post_class":"","_genesis_layout":"","footnotes":""},"categories":[54],"tags":[],"class_list":{"0":"post-3416","1":"post","2":"type-post","3":"status-publish","4":"format-standard","6":"category-noticias","7":"entry"},"yoast_head":"<!-- This site is optimized with the Yoast SEO plugin v27.5 - https:\/\/yoast.com\/product\/yoast-seo-wordpress\/ -->\n<title>Tras el cambio por parte de la OMS de la clasificaci\u00f3n de la exposici\u00f3n laboral de la actividad de los bomberos denomin\u00e1ndola como cancer\u00edgena. - UGT Ayuntamiento de Santander<\/title>\n<meta name=\"robots\" content=\"index, follow, max-snippet:-1, max-image-preview:large, max-video-preview:-1\" \/>\n<link rel=\"canonical\" href=\"https:\/\/ugtaytosantander.es\/portal\/tras-el-cambio-por-parte-de-la-oms-de-la-clasificacion-de-la-exposicion-laboral-de-la-actividad-de-los-bomberos-denominandola-como-cancerigena\/\" \/>\n<meta property=\"og:locale\" content=\"es_ES\" \/>\n<meta property=\"og:type\" content=\"article\" \/>\n<meta property=\"og:title\" content=\"Tras el cambio por parte de la OMS de la clasificaci\u00f3n de la exposici\u00f3n laboral de la actividad de los bomberos denomin\u00e1ndola como cancer\u00edgena. - UGT Ayuntamiento de Santander\" \/>\n<meta property=\"og:description\" content=\"UGT SOLICITA \u201cRevisi\u00f3n de la Evaluaci\u00f3n de Riesgos de la actividad de bombero\u201d INFORMACION PINCHAR AQUI\" \/>\n<meta property=\"og:url\" content=\"https:\/\/ugtaytosantander.es\/portal\/tras-el-cambio-por-parte-de-la-oms-de-la-clasificacion-de-la-exposicion-laboral-de-la-actividad-de-los-bomberos-denominandola-como-cancerigena\/\" \/>\n<meta property=\"og:site_name\" content=\"UGT Ayuntamiento de Santander\" \/>\n<meta property=\"article:published_time\" content=\"2022-09-21T07:36:01+00:00\" \/>\n<meta name=\"author\" content=\"Ricardo Garcia Pardo\" \/>\n<meta name=\"twitter:card\" content=\"summary_large_image\" \/>\n<meta name=\"twitter:label1\" content=\"Escrito por\" \/>\n\t<meta name=\"twitter:data1\" content=\"Ricardo Garcia Pardo\" \/>\n\t<meta name=\"twitter:label2\" content=\"Tiempo de lectura\" \/>\n\t<meta name=\"twitter:data2\" content=\"1 minuto\" \/>\n<script type=\"application\/ld+json\" class=\"yoast-schema-graph\">{\"@context\":\"https:\\\/\\\/schema.org\",\"@graph\":[{\"@type\":\"Article\",\"@id\":\"https:\\\/\\\/ugtaytosantander.es\\\/portal\\\/tras-el-cambio-por-parte-de-la-oms-de-la-clasificacion-de-la-exposicion-laboral-de-la-actividad-de-los-bomberos-denominandola-como-cancerigena\\\/#article\",\"isPartOf\":{\"@id\":\"https:\\\/\\\/ugtaytosantander.es\\\/portal\\\/tras-el-cambio-por-parte-de-la-oms-de-la-clasificacion-de-la-exposicion-laboral-de-la-actividad-de-los-bomberos-denominandola-como-cancerigena\\\/\"},\"author\":{\"name\":\"Ricardo Garcia Pardo\",\"@id\":\"https:\\\/\\\/ugtaytosantander.es\\\/portal\\\/#\\\/schema\\\/person\\\/ff5d6b0ad70c04f17d8981e1a397ff21\"},\"headline\":\"Tras el cambio por parte de la OMS de la clasificaci\u00f3n de la exposici\u00f3n laboral de la actividad de los bomberos denomin\u00e1ndola como cancer\u00edgena.\",\"datePublished\":\"2022-09-21T07:36:01+00:00\",\"mainEntityOfPage\":{\"@id\":\"https:\\\/\\\/ugtaytosantander.es\\\/portal\\\/tras-el-cambio-por-parte-de-la-oms-de-la-clasificacion-de-la-exposicion-laboral-de-la-actividad-de-los-bomberos-denominandola-como-cancerigena\\\/\"},\"wordCount\":46,\"publisher\":{\"@id\":\"https:\\\/\\\/ugtaytosantander.es\\\/portal\\\/#organization\"},\"articleSection\":[\"Noticias\"],\"inLanguage\":\"es\"},{\"@type\":\"WebPage\",\"@id\":\"https:\\\/\\\/ugtaytosantander.es\\\/portal\\\/tras-el-cambio-por-parte-de-la-oms-de-la-clasificacion-de-la-exposicion-laboral-de-la-actividad-de-los-bomberos-denominandola-como-cancerigena\\\/\",\"url\":\"https:\\\/\\\/ugtaytosantander.es\\\/portal\\\/tras-el-cambio-por-parte-de-la-oms-de-la-clasificacion-de-la-exposicion-laboral-de-la-actividad-de-los-bomberos-denominandola-como-cancerigena\\\/\",\"name\":\"Tras el cambio por parte de la OMS de la clasificaci\u00f3n de la exposici\u00f3n laboral de la actividad de los bomberos denomin\u00e1ndola como cancer\u00edgena. - UGT Ayuntamiento de Santander\",\"isPartOf\":{\"@id\":\"https:\\\/\\\/ugtaytosantander.es\\\/portal\\\/#website\"},\"datePublished\":\"2022-09-21T07:36:01+00:00\",\"breadcrumb\":{\"@id\":\"https:\\\/\\\/ugtaytosantander.es\\\/portal\\\/tras-el-cambio-por-parte-de-la-oms-de-la-clasificacion-de-la-exposicion-laboral-de-la-actividad-de-los-bomberos-denominandola-como-cancerigena\\\/#breadcrumb\"},\"inLanguage\":\"es\",\"potentialAction\":[{\"@type\":\"ReadAction\",\"target\":[\"https:\\\/\\\/ugtaytosantander.es\\\/portal\\\/tras-el-cambio-por-parte-de-la-oms-de-la-clasificacion-de-la-exposicion-laboral-de-la-actividad-de-los-bomberos-denominandola-como-cancerigena\\\/\"]}]},{\"@type\":\"BreadcrumbList\",\"@id\":\"https:\\\/\\\/ugtaytosantander.es\\\/portal\\\/tras-el-cambio-por-parte-de-la-oms-de-la-clasificacion-de-la-exposicion-laboral-de-la-actividad-de-los-bomberos-denominandola-como-cancerigena\\\/#breadcrumb\",\"itemListElement\":[{\"@type\":\"ListItem\",\"position\":1,\"name\":\"Portada\",\"item\":\"https:\\\/\\\/ugtaytosantander.es\\\/portal\\\/\"},{\"@type\":\"ListItem\",\"position\":2,\"name\":\"Tras el cambio por parte de la OMS de la clasificaci\u00f3n de la exposici\u00f3n laboral de la actividad de los bomberos denomin\u00e1ndola como cancer\u00edgena.\"}]},{\"@type\":\"WebSite\",\"@id\":\"https:\\\/\\\/ugtaytosantander.es\\\/portal\\\/#website\",\"url\":\"https:\\\/\\\/ugtaytosantander.es\\\/portal\\\/\",\"name\":\"UGT Ayuntamiento de Santander\",\"description\":\"Seccion Sindical UGT Ayto Santander\",\"publisher\":{\"@id\":\"https:\\\/\\\/ugtaytosantander.es\\\/portal\\\/#organization\"},\"potentialAction\":[{\"@type\":\"SearchAction\",\"target\":{\"@type\":\"EntryPoint\",\"urlTemplate\":\"https:\\\/\\\/ugtaytosantander.es\\\/portal\\\/?s={search_term_string}\"},\"query-input\":{\"@type\":\"PropertyValueSpecification\",\"valueRequired\":true,\"valueName\":\"search_term_string\"}}],\"inLanguage\":\"es\"},{\"@type\":\"Organization\",\"@id\":\"https:\\\/\\\/ugtaytosantander.es\\\/portal\\\/#organization\",\"name\":\"Secci\u00f3n Sindical de UGT del Ayuntamiento de Santander\",\"url\":\"https:\\\/\\\/ugtaytosantander.es\\\/portal\\\/\",\"logo\":{\"@type\":\"ImageObject\",\"inLanguage\":\"es\",\"@id\":\"https:\\\/\\\/ugtaytosantander.es\\\/portal\\\/#\\\/schema\\\/logo\\\/image\\\/\",\"url\":\"https:\\\/\\\/ugtaytosantander.es\\\/portal\\\/wp-content\\\/uploads\\\/2019\\\/03\\\/Logo-FESP200.png\",\"contentUrl\":\"https:\\\/\\\/ugtaytosantander.es\\\/portal\\\/wp-content\\\/uploads\\\/2019\\\/03\\\/Logo-FESP200.png\",\"width\":200,\"height\":123,\"caption\":\"Secci\u00f3n Sindical de UGT del Ayuntamiento de Santander\"},\"image\":{\"@id\":\"https:\\\/\\\/ugtaytosantander.es\\\/portal\\\/#\\\/schema\\\/logo\\\/image\\\/\"}},{\"@type\":\"Person\",\"@id\":\"https:\\\/\\\/ugtaytosantander.es\\\/portal\\\/#\\\/schema\\\/person\\\/ff5d6b0ad70c04f17d8981e1a397ff21\",\"name\":\"Ricardo Garcia Pardo\",\"url\":\"https:\\\/\\\/ugtaytosantander.es\\\/portal\\\/author\\\/ricardo\\\/\"}]}<\/script>\n<!-- \/ Yoast SEO plugin. -->","yoast_head_json":{"title":"Tras el cambio por parte de la OMS de la clasificaci\u00f3n de la exposici\u00f3n laboral de la actividad de los bomberos denomin\u00e1ndola como cancer\u00edgena. - UGT Ayuntamiento de Santander","robots":{"index":"index","follow":"follow","max-snippet":"max-snippet:-1","max-image-preview":"max-image-preview:large","max-video-preview":"max-video-preview:-1"},"canonical":"https:\/\/ugtaytosantander.es\/portal\/tras-el-cambio-por-parte-de-la-oms-de-la-clasificacion-de-la-exposicion-laboral-de-la-actividad-de-los-bomberos-denominandola-como-cancerigena\/","og_locale":"es_ES","og_type":"article","og_title":"Tras el cambio por parte de la OMS de la clasificaci\u00f3n de la exposici\u00f3n laboral de la actividad de los bomberos denomin\u00e1ndola como cancer\u00edgena. - UGT Ayuntamiento de Santander","og_description":"UGT SOLICITA \u201cRevisi\u00f3n de la Evaluaci\u00f3n de Riesgos de la actividad de bombero\u201d INFORMACION PINCHAR AQUI","og_url":"https:\/\/ugtaytosantander.es\/portal\/tras-el-cambio-por-parte-de-la-oms-de-la-clasificacion-de-la-exposicion-laboral-de-la-actividad-de-los-bomberos-denominandola-como-cancerigena\/","og_site_name":"UGT Ayuntamiento de Santander","article_published_time":"2022-09-21T07:36:01+00:00","author":"Ricardo Garcia Pardo","twitter_card":"summary_large_image","twitter_misc":{"Escrito por":"Ricardo Garcia Pardo","Tiempo de lectura":"1 minuto"},"schema":{"@context":"https:\/\/schema.org","@graph":[{"@type":"Article","@id":"https:\/\/ugtaytosantander.es\/portal\/tras-el-cambio-por-parte-de-la-oms-de-la-clasificacion-de-la-exposicion-laboral-de-la-actividad-de-los-bomberos-denominandola-como-cancerigena\/#article","isPartOf":{"@id":"https:\/\/ugtaytosantander.es\/portal\/tras-el-cambio-por-parte-de-la-oms-de-la-clasificacion-de-la-exposicion-laboral-de-la-actividad-de-los-bomberos-denominandola-como-cancerigena\/"},"author":{"name":"Ricardo Garcia Pardo","@id":"https:\/\/ugtaytosantander.es\/portal\/#\/schema\/person\/ff5d6b0ad70c04f17d8981e1a397ff21"},"headline":"Tras el cambio por parte de la OMS de la clasificaci\u00f3n de la exposici\u00f3n laboral de la actividad de los bomberos denomin\u00e1ndola como cancer\u00edgena.","datePublished":"2022-09-21T07:36:01+00:00","mainEntityOfPage":{"@id":"https:\/\/ugtaytosantander.es\/portal\/tras-el-cambio-por-parte-de-la-oms-de-la-clasificacion-de-la-exposicion-laboral-de-la-actividad-de-los-bomberos-denominandola-como-cancerigena\/"},"wordCount":46,"publisher":{"@id":"https:\/\/ugtaytosantander.es\/portal\/#organization"},"articleSection":["Noticias"],"inLanguage":"es"},{"@type":"WebPage","@id":"https:\/\/ugtaytosantander.es\/portal\/tras-el-cambio-por-parte-de-la-oms-de-la-clasificacion-de-la-exposicion-laboral-de-la-actividad-de-los-bomberos-denominandola-como-cancerigena\/","url":"https:\/\/ugtaytosantander.es\/portal\/tras-el-cambio-por-parte-de-la-oms-de-la-clasificacion-de-la-exposicion-laboral-de-la-actividad-de-los-bomberos-denominandola-como-cancerigena\/","name":"Tras el cambio por parte de la OMS de la clasificaci\u00f3n de la exposici\u00f3n laboral de la actividad de los bomberos denomin\u00e1ndola como cancer\u00edgena. - UGT Ayuntamiento de Santander","isPartOf":{"@id":"https:\/\/ugtaytosantander.es\/portal\/#website"},"datePublished":"2022-09-21T07:36:01+00:00","breadcrumb":{"@id":"https:\/\/ugtaytosantander.es\/portal\/tras-el-cambio-por-parte-de-la-oms-de-la-clasificacion-de-la-exposicion-laboral-de-la-actividad-de-los-bomberos-denominandola-como-cancerigena\/#breadcrumb"},"inLanguage":"es","potentialAction":[{"@type":"ReadAction","target":["https:\/\/ugtaytosantander.es\/portal\/tras-el-cambio-por-parte-de-la-oms-de-la-clasificacion-de-la-exposicion-laboral-de-la-actividad-de-los-bomberos-denominandola-como-cancerigena\/"]}]},{"@type":"BreadcrumbList","@id":"https:\/\/ugtaytosantander.es\/portal\/tras-el-cambio-por-parte-de-la-oms-de-la-clasificacion-de-la-exposicion-laboral-de-la-actividad-de-los-bomberos-denominandola-como-cancerigena\/#breadcrumb","itemListElement":[{"@type":"ListItem","position":1,"name":"Portada","item":"https:\/\/ugtaytosantander.es\/portal\/"},{"@type":"ListItem","position":2,"name":"Tras el cambio por parte de la OMS de la clasificaci\u00f3n de la exposici\u00f3n laboral de la actividad de los bomberos denomin\u00e1ndola como cancer\u00edgena."}]},{"@type":"WebSite","@id":"https:\/\/ugtaytosantander.es\/portal\/#website","url":"https:\/\/ugtaytosantander.es\/portal\/","name":"UGT Ayuntamiento de Santander","description":"Seccion Sindical UGT Ayto Santander","publisher":{"@id":"https:\/\/ugtaytosantander.es\/portal\/#organization"},"potentialAction":[{"@type":"SearchAction","target":{"@type":"EntryPoint","urlTemplate":"https:\/\/ugtaytosantander.es\/portal\/?s={search_term_string}"},"query-input":{"@type":"PropertyValueSpecification","valueRequired":true,"valueName":"search_term_string"}}],"inLanguage":"es"},{"@type":"Organization","@id":"https:\/\/ugtaytosantander.es\/portal\/#organization","name":"Secci\u00f3n Sindical de UGT del Ayuntamiento de Santander","url":"https:\/\/ugtaytosantander.es\/portal\/","logo":{"@type":"ImageObject","inLanguage":"es","@id":"https:\/\/ugtaytosantander.es\/portal\/#\/schema\/logo\/image\/","url":"https:\/\/ugtaytosantander.es\/portal\/wp-content\/uploads\/2019\/03\/Logo-FESP200.png","contentUrl":"https:\/\/ugtaytosantander.es\/portal\/wp-content\/uploads\/2019\/03\/Logo-FESP200.png","width":200,"height":123,"caption":"Secci\u00f3n Sindical de UGT del Ayuntamiento de Santander"},"image":{"@id":"https:\/\/ugtaytosantander.es\/portal\/#\/schema\/logo\/image\/"}},{"@type":"Person","@id":"https:\/\/ugtaytosantander.es\/portal\/#\/schema\/person\/ff5d6b0ad70c04f17d8981e1a397ff21","name":"Ricardo Garcia Pardo","url":"https:\/\/ugtaytosantander.es\/portal\/author\/ricardo\/"}]}},"publishpress_future_action":{"enabled":false,"date":"2026-05-10 15:45:54","action":"change-status","newStatus":"trash","terms":[],"taxonomy":"category","extraData":[]},"publishpress_future_workflow_manual_trigger":{"enabledWorkflows":[]},"_links":{"self":[{"href":"https:\/\/ugtaytosantander.es\/portal\/wp-json\/wp\/v2\/posts\/3416","targetHints":{"allow":["GET"]}}],"collection":[{"href":"https:\/\/ugtaytosantander.es\/portal\/wp-json\/wp\/v2\/posts"}],"about":[{"href":"https:\/\/ugtaytosantander.es\/portal\/wp-json\/wp\/v2\/types\/post"}],"author":[{"embeddable":true,"href":"https:\/\/ugtaytosantander.es\/portal\/wp-json\/wp\/v2\/users\/8"}],"replies":[{"embeddable":true,"href":"https:\/\/ugtaytosantander.es\/portal\/wp-json\/wp\/v2\/comments?post=3416"}],"version-history":[{"count":5,"href":"https:\/\/ugtaytosantander.es\/portal\/wp-json\/wp\/v2\/posts\/3416\/revisions"}],"predecessor-version":[{"id":3432,"href":"https:\/\/ugtaytosantander.es\/portal\/wp-json\/wp\/v2\/posts\/3416\/revisions\/3432"}],"wp:attachment":[{"href":"https:\/\/ugtaytosantander.es\/portal\/wp-json\/wp\/v2\/media?parent=3416"}],"wp:term":[{"taxonomy":"category","embeddable":true,"href":"https:\/\/ugtaytosantander.es\/portal\/wp-json\/wp\/v2\/categories?post=3416"},{"taxonomy":"post_tag","embeddable":true,"href":"https:\/\/ugtaytosantander.es\/portal\/wp-json\/wp\/v2\/tags?post=3416"}],"curies":[{"name":"wp","href":"https:\/\/api.w.org\/{rel}","templated":true}]}}