{"id":3462,"date":"2022-11-23T23:26:42","date_gmt":"2022-11-23T22:26:42","guid":{"rendered":"https:\/\/ugtaytosantander.es\/portal\/?p=3462"},"modified":"2022-11-30T20:21:40","modified_gmt":"2022-11-30T19:21:40","slug":"estabilizacion-resumen-mesa-general-de-funcionarios-del-martes-22-de-noviembre-del-2022","status":"publish","type":"post","link":"https:\/\/ugtaytosantander.es\/portal\/estabilizacion-resumen-mesa-general-de-funcionarios-del-martes-22-de-noviembre-del-2022\/","title":{"rendered":"ESTABILIZACI\u00d3N. Resumen Mesa General de Funcionarios del martes, 22 de Noviembre del 2022"},"content":{"rendered":"<div dir=\"auto\"><\/div>\n<div dir=\"auto\"><\/div>\n<div dir=\"auto\">Una vez aprobado el acta, pasamos al punto 2 de la estabilizaci\u00f3n.<\/div>\n<div dir=\"auto\"><\/div>\n<div dir=\"auto\" style=\"text-align: justify;\"><strong>CON RESPECTO AL PROCESO DE ESTABILIZACI\u00d3N.<\/strong><\/div>\n<div dir=\"auto\" style=\"text-align: justify;\">Os indicamos que mas adelante nos pasaran la lista definitiva de como quedan de plazas, pero desde UGT podemos avanzaros, al margen de esto, que se ha admitido una plaza mas a concurso de administrativo, otra de t\u00e9cnicos que ha pasado de turno de discapacidad a turno libre y otra de operario, Adem\u00e1s de las que hab\u00eda con anterioridad.<\/div>\n<div dir=\"auto\" style=\"text-align: justify;\"><em>Por otro lado en ruegos y preguntas en la mesa\u00a0se pregunto por:<\/em><\/div>\n<div dir=\"auto\" style=\"text-align: justify;\"><strong>La instrucci\u00f3n de Maternidad-Paternidad<\/strong> que afecta a los Servicios Especiales (Polic\u00edas, Amus, Bomberos&#8230;), a lo que respondi\u00f3 el Concejal de personal que estaban estudi\u00e1ndolo.<\/div>\n<div dir=\"auto\" style=\"text-align: justify;\">Tambi\u00e9n se ha preguntado por el <strong>pago de las horas extras<\/strong> realizadas que no est\u00e1n abonadas y ha dicho que esperan que se abonen en la n\u00f3mina de Noviembre.<\/div>\n<div dir=\"auto\" style=\"text-align: justify;\">Por otro lado los atrasos del <strong>1, 5% de aumento de n\u00f3mina firmado por UGT en Madrid<\/strong> con car\u00e1cter retroactivo a 1 de enero de 2022, intentar\u00e1n pagarlo tambi\u00e9n con la n\u00f3mina de Noviembre, aunque en personal est\u00e1n haciendo un gran esfuerzo, trabajando a destajo para hacer el pago efectivo en Noviembre y no se sabe si les dar\u00e1 tiempo, ya que hay que ir trabajador por trabajador y es complejo.<\/div>\n<div dir=\"auto\" style=\"text-align: justify;\"><strong>Desde UGT seguiremos informando y trabajando por los intereses de los trabajadores del Ayto. de Santander.<\/strong><\/div>\n","protected":false},"excerpt":{"rendered":"<p>Una vez aprobado el acta, pasamos al punto 2 de la estabilizaci\u00f3n. CON RESPECTO AL PROCESO DE ESTABILIZACI\u00d3N. Os indicamos que mas adelante nos pasaran la lista definitiva de como quedan de plazas, pero desde UGT podemos avanzaros, al margen de esto, que se ha admitido una plaza mas a concurso de administrativo, otra de [&hellip;]<\/p>\n","protected":false},"author":8,"featured_media":0,"comment_status":"closed","ping_status":"open","sticky":false,"template":"","format":"standard","meta":{"_exactmetrics_skip_tracking":false,"_exactmetrics_sitenote_active":false,"_exactmetrics_sitenote_note":"","_exactmetrics_sitenote_category":0,"_genesis_hide_title":false,"_genesis_hide_breadcrumbs":false,"_genesis_hide_singular_image":false,"_genesis_hide_footer_widgets":false,"_genesis_custom_body_class":"","_genesis_custom_post_class":"","_genesis_layout":"","footnotes":""},"categories":[54],"tags":[],"class_list":{"0":"post-3462","1":"post","2":"type-post","3":"status-publish","4":"format-standard","6":"category-noticias","7":"entry"},"yoast_head":"<!-- This site is optimized with the Yoast SEO plugin v27.5 - https:\/\/yoast.com\/product\/yoast-seo-wordpress\/ -->\n<title>ESTABILIZACI\u00d3N. Resumen Mesa General de Funcionarios del martes, 22 de Noviembre del 2022 - UGT Ayuntamiento de Santander<\/title>\n<meta name=\"robots\" content=\"index, follow, max-snippet:-1, max-image-preview:large, max-video-preview:-1\" \/>\n<link rel=\"canonical\" href=\"https:\/\/ugtaytosantander.es\/portal\/estabilizacion-resumen-mesa-general-de-funcionarios-del-martes-22-de-noviembre-del-2022\/\" \/>\n<meta property=\"og:locale\" content=\"es_ES\" \/>\n<meta property=\"og:type\" content=\"article\" \/>\n<meta property=\"og:title\" content=\"ESTABILIZACI\u00d3N. Resumen Mesa General de Funcionarios del martes, 22 de Noviembre del 2022 - UGT Ayuntamiento de Santander\" \/>\n<meta property=\"og:description\" content=\"Una vez aprobado el acta, pasamos al punto 2 de la estabilizaci\u00f3n. CON RESPECTO AL PROCESO DE ESTABILIZACI\u00d3N. Os indicamos que mas adelante nos pasaran la lista definitiva de como quedan de plazas, pero desde UGT podemos avanzaros, al margen de esto, que se ha admitido una plaza mas a concurso de administrativo, otra de [&hellip;]\" \/>\n<meta property=\"og:url\" content=\"https:\/\/ugtaytosantander.es\/portal\/estabilizacion-resumen-mesa-general-de-funcionarios-del-martes-22-de-noviembre-del-2022\/\" \/>\n<meta property=\"og:site_name\" content=\"UGT Ayuntamiento de Santander\" \/>\n<meta property=\"article:published_time\" content=\"2022-11-23T22:26:42+00:00\" \/>\n<meta property=\"article:modified_time\" content=\"2022-11-30T19:21:40+00:00\" \/>\n<meta name=\"author\" content=\"Ricardo Garcia Pardo\" \/>\n<meta name=\"twitter:card\" content=\"summary_large_image\" \/>\n<meta name=\"twitter:label1\" content=\"Escrito por\" \/>\n\t<meta name=\"twitter:data1\" content=\"Ricardo Garcia Pardo\" \/>\n\t<meta name=\"twitter:label2\" content=\"Tiempo de lectura\" \/>\n\t<meta name=\"twitter:data2\" content=\"2 minutos\" \/>\n<script type=\"application\/ld+json\" class=\"yoast-schema-graph\">{\"@context\":\"https:\\\/\\\/schema.org\",\"@graph\":[{\"@type\":\"Article\",\"@id\":\"https:\\\/\\\/ugtaytosantander.es\\\/portal\\\/estabilizacion-resumen-mesa-general-de-funcionarios-del-martes-22-de-noviembre-del-2022\\\/#article\",\"isPartOf\":{\"@id\":\"https:\\\/\\\/ugtaytosantander.es\\\/portal\\\/estabilizacion-resumen-mesa-general-de-funcionarios-del-martes-22-de-noviembre-del-2022\\\/\"},\"author\":{\"name\":\"Ricardo Garcia Pardo\",\"@id\":\"https:\\\/\\\/ugtaytosantander.es\\\/portal\\\/#\\\/schema\\\/person\\\/ff5d6b0ad70c04f17d8981e1a397ff21\"},\"headline\":\"ESTABILIZACI\u00d3N. Resumen Mesa General de Funcionarios del martes, 22 de Noviembre del 2022\",\"datePublished\":\"2022-11-23T22:26:42+00:00\",\"dateModified\":\"2022-11-30T19:21:40+00:00\",\"mainEntityOfPage\":{\"@id\":\"https:\\\/\\\/ugtaytosantander.es\\\/portal\\\/estabilizacion-resumen-mesa-general-de-funcionarios-del-martes-22-de-noviembre-del-2022\\\/\"},\"wordCount\":254,\"publisher\":{\"@id\":\"https:\\\/\\\/ugtaytosantander.es\\\/portal\\\/#organization\"},\"articleSection\":[\"Noticias\"],\"inLanguage\":\"es\"},{\"@type\":\"WebPage\",\"@id\":\"https:\\\/\\\/ugtaytosantander.es\\\/portal\\\/estabilizacion-resumen-mesa-general-de-funcionarios-del-martes-22-de-noviembre-del-2022\\\/\",\"url\":\"https:\\\/\\\/ugtaytosantander.es\\\/portal\\\/estabilizacion-resumen-mesa-general-de-funcionarios-del-martes-22-de-noviembre-del-2022\\\/\",\"name\":\"ESTABILIZACI\u00d3N. Resumen Mesa General de Funcionarios del martes, 22 de Noviembre del 2022 - UGT Ayuntamiento de Santander\",\"isPartOf\":{\"@id\":\"https:\\\/\\\/ugtaytosantander.es\\\/portal\\\/#website\"},\"datePublished\":\"2022-11-23T22:26:42+00:00\",\"dateModified\":\"2022-11-30T19:21:40+00:00\",\"breadcrumb\":{\"@id\":\"https:\\\/\\\/ugtaytosantander.es\\\/portal\\\/estabilizacion-resumen-mesa-general-de-funcionarios-del-martes-22-de-noviembre-del-2022\\\/#breadcrumb\"},\"inLanguage\":\"es\",\"potentialAction\":[{\"@type\":\"ReadAction\",\"target\":[\"https:\\\/\\\/ugtaytosantander.es\\\/portal\\\/estabilizacion-resumen-mesa-general-de-funcionarios-del-martes-22-de-noviembre-del-2022\\\/\"]}]},{\"@type\":\"BreadcrumbList\",\"@id\":\"https:\\\/\\\/ugtaytosantander.es\\\/portal\\\/estabilizacion-resumen-mesa-general-de-funcionarios-del-martes-22-de-noviembre-del-2022\\\/#breadcrumb\",\"itemListElement\":[{\"@type\":\"ListItem\",\"position\":1,\"name\":\"Portada\",\"item\":\"https:\\\/\\\/ugtaytosantander.es\\\/portal\\\/\"},{\"@type\":\"ListItem\",\"position\":2,\"name\":\"ESTABILIZACI\u00d3N. Resumen Mesa General de Funcionarios del martes, 22 de Noviembre del 2022\"}]},{\"@type\":\"WebSite\",\"@id\":\"https:\\\/\\\/ugtaytosantander.es\\\/portal\\\/#website\",\"url\":\"https:\\\/\\\/ugtaytosantander.es\\\/portal\\\/\",\"name\":\"UGT Ayuntamiento de Santander\",\"description\":\"Seccion Sindical UGT Ayto Santander\",\"publisher\":{\"@id\":\"https:\\\/\\\/ugtaytosantander.es\\\/portal\\\/#organization\"},\"potentialAction\":[{\"@type\":\"SearchAction\",\"target\":{\"@type\":\"EntryPoint\",\"urlTemplate\":\"https:\\\/\\\/ugtaytosantander.es\\\/portal\\\/?s={search_term_string}\"},\"query-input\":{\"@type\":\"PropertyValueSpecification\",\"valueRequired\":true,\"valueName\":\"search_term_string\"}}],\"inLanguage\":\"es\"},{\"@type\":\"Organization\",\"@id\":\"https:\\\/\\\/ugtaytosantander.es\\\/portal\\\/#organization\",\"name\":\"Secci\u00f3n Sindical de UGT del Ayuntamiento de Santander\",\"url\":\"https:\\\/\\\/ugtaytosantander.es\\\/portal\\\/\",\"logo\":{\"@type\":\"ImageObject\",\"inLanguage\":\"es\",\"@id\":\"https:\\\/\\\/ugtaytosantander.es\\\/portal\\\/#\\\/schema\\\/logo\\\/image\\\/\",\"url\":\"https:\\\/\\\/ugtaytosantander.es\\\/portal\\\/wp-content\\\/uploads\\\/2019\\\/03\\\/Logo-FESP200.png\",\"contentUrl\":\"https:\\\/\\\/ugtaytosantander.es\\\/portal\\\/wp-content\\\/uploads\\\/2019\\\/03\\\/Logo-FESP200.png\",\"width\":200,\"height\":123,\"caption\":\"Secci\u00f3n Sindical de UGT del Ayuntamiento de Santander\"},\"image\":{\"@id\":\"https:\\\/\\\/ugtaytosantander.es\\\/portal\\\/#\\\/schema\\\/logo\\\/image\\\/\"}},{\"@type\":\"Person\",\"@id\":\"https:\\\/\\\/ugtaytosantander.es\\\/portal\\\/#\\\/schema\\\/person\\\/ff5d6b0ad70c04f17d8981e1a397ff21\",\"name\":\"Ricardo Garcia Pardo\",\"url\":\"https:\\\/\\\/ugtaytosantander.es\\\/portal\\\/author\\\/ricardo\\\/\"}]}<\/script>\n<!-- \/ Yoast SEO plugin. -->","yoast_head_json":{"title":"ESTABILIZACI\u00d3N. Resumen Mesa General de Funcionarios del martes, 22 de Noviembre del 2022 - UGT Ayuntamiento de Santander","robots":{"index":"index","follow":"follow","max-snippet":"max-snippet:-1","max-image-preview":"max-image-preview:large","max-video-preview":"max-video-preview:-1"},"canonical":"https:\/\/ugtaytosantander.es\/portal\/estabilizacion-resumen-mesa-general-de-funcionarios-del-martes-22-de-noviembre-del-2022\/","og_locale":"es_ES","og_type":"article","og_title":"ESTABILIZACI\u00d3N. Resumen Mesa General de Funcionarios del martes, 22 de Noviembre del 2022 - UGT Ayuntamiento de Santander","og_description":"Una vez aprobado el acta, pasamos al punto 2 de la estabilizaci\u00f3n. CON RESPECTO AL PROCESO DE ESTABILIZACI\u00d3N. Os indicamos que mas adelante nos pasaran la lista definitiva de como quedan de plazas, pero desde UGT podemos avanzaros, al margen de esto, que se ha admitido una plaza mas a concurso de administrativo, otra de [&hellip;]","og_url":"https:\/\/ugtaytosantander.es\/portal\/estabilizacion-resumen-mesa-general-de-funcionarios-del-martes-22-de-noviembre-del-2022\/","og_site_name":"UGT Ayuntamiento de Santander","article_published_time":"2022-11-23T22:26:42+00:00","article_modified_time":"2022-11-30T19:21:40+00:00","author":"Ricardo Garcia Pardo","twitter_card":"summary_large_image","twitter_misc":{"Escrito por":"Ricardo Garcia Pardo","Tiempo de lectura":"2 minutos"},"schema":{"@context":"https:\/\/schema.org","@graph":[{"@type":"Article","@id":"https:\/\/ugtaytosantander.es\/portal\/estabilizacion-resumen-mesa-general-de-funcionarios-del-martes-22-de-noviembre-del-2022\/#article","isPartOf":{"@id":"https:\/\/ugtaytosantander.es\/portal\/estabilizacion-resumen-mesa-general-de-funcionarios-del-martes-22-de-noviembre-del-2022\/"},"author":{"name":"Ricardo Garcia Pardo","@id":"https:\/\/ugtaytosantander.es\/portal\/#\/schema\/person\/ff5d6b0ad70c04f17d8981e1a397ff21"},"headline":"ESTABILIZACI\u00d3N. Resumen Mesa General de Funcionarios del martes, 22 de Noviembre del 2022","datePublished":"2022-11-23T22:26:42+00:00","dateModified":"2022-11-30T19:21:40+00:00","mainEntityOfPage":{"@id":"https:\/\/ugtaytosantander.es\/portal\/estabilizacion-resumen-mesa-general-de-funcionarios-del-martes-22-de-noviembre-del-2022\/"},"wordCount":254,"publisher":{"@id":"https:\/\/ugtaytosantander.es\/portal\/#organization"},"articleSection":["Noticias"],"inLanguage":"es"},{"@type":"WebPage","@id":"https:\/\/ugtaytosantander.es\/portal\/estabilizacion-resumen-mesa-general-de-funcionarios-del-martes-22-de-noviembre-del-2022\/","url":"https:\/\/ugtaytosantander.es\/portal\/estabilizacion-resumen-mesa-general-de-funcionarios-del-martes-22-de-noviembre-del-2022\/","name":"ESTABILIZACI\u00d3N. Resumen Mesa General de Funcionarios del martes, 22 de Noviembre del 2022 - UGT Ayuntamiento de Santander","isPartOf":{"@id":"https:\/\/ugtaytosantander.es\/portal\/#website"},"datePublished":"2022-11-23T22:26:42+00:00","dateModified":"2022-11-30T19:21:40+00:00","breadcrumb":{"@id":"https:\/\/ugtaytosantander.es\/portal\/estabilizacion-resumen-mesa-general-de-funcionarios-del-martes-22-de-noviembre-del-2022\/#breadcrumb"},"inLanguage":"es","potentialAction":[{"@type":"ReadAction","target":["https:\/\/ugtaytosantander.es\/portal\/estabilizacion-resumen-mesa-general-de-funcionarios-del-martes-22-de-noviembre-del-2022\/"]}]},{"@type":"BreadcrumbList","@id":"https:\/\/ugtaytosantander.es\/portal\/estabilizacion-resumen-mesa-general-de-funcionarios-del-martes-22-de-noviembre-del-2022\/#breadcrumb","itemListElement":[{"@type":"ListItem","position":1,"name":"Portada","item":"https:\/\/ugtaytosantander.es\/portal\/"},{"@type":"ListItem","position":2,"name":"ESTABILIZACI\u00d3N. Resumen Mesa General de Funcionarios del martes, 22 de Noviembre del 2022"}]},{"@type":"WebSite","@id":"https:\/\/ugtaytosantander.es\/portal\/#website","url":"https:\/\/ugtaytosantander.es\/portal\/","name":"UGT Ayuntamiento de Santander","description":"Seccion Sindical UGT Ayto Santander","publisher":{"@id":"https:\/\/ugtaytosantander.es\/portal\/#organization"},"potentialAction":[{"@type":"SearchAction","target":{"@type":"EntryPoint","urlTemplate":"https:\/\/ugtaytosantander.es\/portal\/?s={search_term_string}"},"query-input":{"@type":"PropertyValueSpecification","valueRequired":true,"valueName":"search_term_string"}}],"inLanguage":"es"},{"@type":"Organization","@id":"https:\/\/ugtaytosantander.es\/portal\/#organization","name":"Secci\u00f3n Sindical de UGT del Ayuntamiento de Santander","url":"https:\/\/ugtaytosantander.es\/portal\/","logo":{"@type":"ImageObject","inLanguage":"es","@id":"https:\/\/ugtaytosantander.es\/portal\/#\/schema\/logo\/image\/","url":"https:\/\/ugtaytosantander.es\/portal\/wp-content\/uploads\/2019\/03\/Logo-FESP200.png","contentUrl":"https:\/\/ugtaytosantander.es\/portal\/wp-content\/uploads\/2019\/03\/Logo-FESP200.png","width":200,"height":123,"caption":"Secci\u00f3n Sindical de UGT del Ayuntamiento de Santander"},"image":{"@id":"https:\/\/ugtaytosantander.es\/portal\/#\/schema\/logo\/image\/"}},{"@type":"Person","@id":"https:\/\/ugtaytosantander.es\/portal\/#\/schema\/person\/ff5d6b0ad70c04f17d8981e1a397ff21","name":"Ricardo Garcia Pardo","url":"https:\/\/ugtaytosantander.es\/portal\/author\/ricardo\/"}]}},"publishpress_future_action":{"enabled":false,"date":"2026-05-10 14:46:59","action":"change-status","newStatus":"trash","terms":[],"taxonomy":"category","extraData":[]},"publishpress_future_workflow_manual_trigger":{"enabledWorkflows":[]},"_links":{"self":[{"href":"https:\/\/ugtaytosantander.es\/portal\/wp-json\/wp\/v2\/posts\/3462","targetHints":{"allow":["GET"]}}],"collection":[{"href":"https:\/\/ugtaytosantander.es\/portal\/wp-json\/wp\/v2\/posts"}],"about":[{"href":"https:\/\/ugtaytosantander.es\/portal\/wp-json\/wp\/v2\/types\/post"}],"author":[{"embeddable":true,"href":"https:\/\/ugtaytosantander.es\/portal\/wp-json\/wp\/v2\/users\/8"}],"replies":[{"embeddable":true,"href":"https:\/\/ugtaytosantander.es\/portal\/wp-json\/wp\/v2\/comments?post=3462"}],"version-history":[{"count":4,"href":"https:\/\/ugtaytosantander.es\/portal\/wp-json\/wp\/v2\/posts\/3462\/revisions"}],"predecessor-version":[{"id":3467,"href":"https:\/\/ugtaytosantander.es\/portal\/wp-json\/wp\/v2\/posts\/3462\/revisions\/3467"}],"wp:attachment":[{"href":"https:\/\/ugtaytosantander.es\/portal\/wp-json\/wp\/v2\/media?parent=3462"}],"wp:term":[{"taxonomy":"category","embeddable":true,"href":"https:\/\/ugtaytosantander.es\/portal\/wp-json\/wp\/v2\/categories?post=3462"},{"taxonomy":"post_tag","embeddable":true,"href":"https:\/\/ugtaytosantander.es\/portal\/wp-json\/wp\/v2\/tags?post=3462"}],"curies":[{"name":"wp","href":"https:\/\/api.w.org\/{rel}","templated":true}]}}