{"id":3490,"date":"2022-12-22T20:48:32","date_gmt":"2022-12-22T19:48:32","guid":{"rendered":"https:\/\/ugtaytosantander.es\/portal\/?p=3490"},"modified":"2022-12-22T20:51:12","modified_gmt":"2022-12-22T19:51:12","slug":"una-de-torrijas-torreznos-o-campana-electoral","status":"publish","type":"post","link":"https:\/\/ugtaytosantander.es\/portal\/una-de-torrijas-torreznos-o-campana-electoral\/","title":{"rendered":"Una de torrijas, torreznos o campa\u00f1a electoral."},"content":{"rendered":"<p style=\"text-align: justify;\">El pasado d\u00eda 20 en la Mesa General se trataron varios asuntos entre ellos; la Instrucci\u00f3n dada por parte del Ayuntamiento sobre el disfrute del permiso de natalidad.<br \/>\nArturo Pont\u00f3n, en representacion de UGT, manifest\u00f3 que se estaba produciendo un agravio comparativo entre compa\u00f1eros, puesto que durante todo este tiempo se hab\u00eda estado disfrutando de una manera, y ahora el criterio hab\u00eda cambiado. Y quer\u00edamos saber por qu\u00e9, La respuesta por parte del Ayto es que se hab\u00eda estado abusando de un derecho.<br \/>\nLa r\u00e9plica por parte de Arturo es que que de no dar marcha atr\u00e1s con esa Instrucci\u00f3n se llevar\u00eda a los Tribunales, La r\u00e9plica por parte del Consistorio fue que ellos no ten\u00edan miedo a los Tribunales.<br \/>\nTodo esto fue despu\u00e9s de que CSIF argumentarse que en la Ley viene por semanas&#8230;.<br \/>\nParece ser que si las semanas son de siete {torreznos] y te comes dos {torrijas] estas en campa\u00f1a de Navidad, pero si no te has enterado puede que estemos en campa\u00f1a electoral.<br \/>\nSi no lo tienes claro pregunta<\/p>\n","protected":false},"excerpt":{"rendered":"<p>El pasado d\u00eda 20 en la Mesa General se trataron varios asuntos entre ellos; la Instrucci\u00f3n dada por parte del Ayuntamiento sobre el disfrute del permiso de natalidad. Arturo Pont\u00f3n, en representacion de UGT, manifest\u00f3 que se estaba produciendo un agravio comparativo entre compa\u00f1eros, puesto que durante todo este tiempo se hab\u00eda estado disfrutando de [&hellip;]<\/p>\n","protected":false},"author":2,"featured_media":0,"comment_status":"closed","ping_status":"open","sticky":false,"template":"","format":"standard","meta":{"_exactmetrics_skip_tracking":false,"_exactmetrics_sitenote_active":false,"_exactmetrics_sitenote_note":"","_exactmetrics_sitenote_category":0,"_genesis_hide_title":false,"_genesis_hide_breadcrumbs":false,"_genesis_hide_singular_image":false,"_genesis_hide_footer_widgets":false,"_genesis_custom_body_class":"","_genesis_custom_post_class":"","_genesis_layout":"","footnotes":""},"categories":[74],"tags":[112],"class_list":{"0":"post-3490","1":"post","2":"type-post","3":"status-publish","4":"format-standard","6":"category-mesa-general-de-asuntos-comunes","7":"tag-mesa-general-de-aacc","8":"entry"},"yoast_head":"<!-- This site is optimized with the Yoast SEO plugin v27.5 - https:\/\/yoast.com\/product\/yoast-seo-wordpress\/ -->\n<title>Una de torrijas, torreznos o campa\u00f1a electoral. - UGT Ayuntamiento de Santander<\/title>\n<meta name=\"robots\" content=\"index, follow, max-snippet:-1, max-image-preview:large, max-video-preview:-1\" \/>\n<link rel=\"canonical\" href=\"https:\/\/ugtaytosantander.es\/portal\/una-de-torrijas-torreznos-o-campana-electoral\/\" \/>\n<meta property=\"og:locale\" content=\"es_ES\" \/>\n<meta property=\"og:type\" content=\"article\" \/>\n<meta property=\"og:title\" content=\"Una de torrijas, torreznos o campa\u00f1a electoral. - UGT Ayuntamiento de Santander\" \/>\n<meta property=\"og:description\" content=\"El pasado d\u00eda 20 en la Mesa General se trataron varios asuntos entre ellos; la Instrucci\u00f3n dada por parte del Ayuntamiento sobre el disfrute del permiso de natalidad. Arturo Pont\u00f3n, en representacion de UGT, manifest\u00f3 que se estaba produciendo un agravio comparativo entre compa\u00f1eros, puesto que durante todo este tiempo se hab\u00eda estado disfrutando de [&hellip;]\" \/>\n<meta property=\"og:url\" content=\"https:\/\/ugtaytosantander.es\/portal\/una-de-torrijas-torreznos-o-campana-electoral\/\" \/>\n<meta property=\"og:site_name\" content=\"UGT Ayuntamiento de Santander\" \/>\n<meta property=\"article:published_time\" content=\"2022-12-22T19:48:32+00:00\" \/>\n<meta property=\"article:modified_time\" content=\"2022-12-22T19:51:12+00:00\" \/>\n<meta name=\"author\" content=\"Julio Barcena\" \/>\n<meta name=\"twitter:card\" content=\"summary_large_image\" \/>\n<meta name=\"twitter:label1\" content=\"Escrito por\" \/>\n\t<meta name=\"twitter:data1\" content=\"Julio Barcena\" \/>\n\t<meta name=\"twitter:label2\" content=\"Tiempo de lectura\" \/>\n\t<meta name=\"twitter:data2\" content=\"1 minuto\" \/>\n<script type=\"application\/ld+json\" class=\"yoast-schema-graph\">{\"@context\":\"https:\\\/\\\/schema.org\",\"@graph\":[{\"@type\":\"Article\",\"@id\":\"https:\\\/\\\/ugtaytosantander.es\\\/portal\\\/una-de-torrijas-torreznos-o-campana-electoral\\\/#article\",\"isPartOf\":{\"@id\":\"https:\\\/\\\/ugtaytosantander.es\\\/portal\\\/una-de-torrijas-torreznos-o-campana-electoral\\\/\"},\"author\":{\"name\":\"Julio Barcena\",\"@id\":\"https:\\\/\\\/ugtaytosantander.es\\\/portal\\\/#\\\/schema\\\/person\\\/ab095264bcbc15f126e32f8c4d53b250\"},\"headline\":\"Una de torrijas, torreznos o campa\u00f1a electoral.\",\"datePublished\":\"2022-12-22T19:48:32+00:00\",\"dateModified\":\"2022-12-22T19:51:12+00:00\",\"mainEntityOfPage\":{\"@id\":\"https:\\\/\\\/ugtaytosantander.es\\\/portal\\\/una-de-torrijas-torreznos-o-campana-electoral\\\/\"},\"wordCount\":197,\"publisher\":{\"@id\":\"https:\\\/\\\/ugtaytosantander.es\\\/portal\\\/#organization\"},\"keywords\":[\"Mesa General de AACC\"],\"articleSection\":[\"Mesa General de Asuntos Comunes\"],\"inLanguage\":\"es\"},{\"@type\":\"WebPage\",\"@id\":\"https:\\\/\\\/ugtaytosantander.es\\\/portal\\\/una-de-torrijas-torreznos-o-campana-electoral\\\/\",\"url\":\"https:\\\/\\\/ugtaytosantander.es\\\/portal\\\/una-de-torrijas-torreznos-o-campana-electoral\\\/\",\"name\":\"Una de torrijas, torreznos o campa\u00f1a electoral. - UGT Ayuntamiento de Santander\",\"isPartOf\":{\"@id\":\"https:\\\/\\\/ugtaytosantander.es\\\/portal\\\/#website\"},\"datePublished\":\"2022-12-22T19:48:32+00:00\",\"dateModified\":\"2022-12-22T19:51:12+00:00\",\"breadcrumb\":{\"@id\":\"https:\\\/\\\/ugtaytosantander.es\\\/portal\\\/una-de-torrijas-torreznos-o-campana-electoral\\\/#breadcrumb\"},\"inLanguage\":\"es\",\"potentialAction\":[{\"@type\":\"ReadAction\",\"target\":[\"https:\\\/\\\/ugtaytosantander.es\\\/portal\\\/una-de-torrijas-torreznos-o-campana-electoral\\\/\"]}]},{\"@type\":\"BreadcrumbList\",\"@id\":\"https:\\\/\\\/ugtaytosantander.es\\\/portal\\\/una-de-torrijas-torreznos-o-campana-electoral\\\/#breadcrumb\",\"itemListElement\":[{\"@type\":\"ListItem\",\"position\":1,\"name\":\"Portada\",\"item\":\"https:\\\/\\\/ugtaytosantander.es\\\/portal\\\/\"},{\"@type\":\"ListItem\",\"position\":2,\"name\":\"Una de torrijas, torreznos o campa\u00f1a electoral.\"}]},{\"@type\":\"WebSite\",\"@id\":\"https:\\\/\\\/ugtaytosantander.es\\\/portal\\\/#website\",\"url\":\"https:\\\/\\\/ugtaytosantander.es\\\/portal\\\/\",\"name\":\"UGT Ayuntamiento de Santander\",\"description\":\"Seccion Sindical UGT Ayto Santander\",\"publisher\":{\"@id\":\"https:\\\/\\\/ugtaytosantander.es\\\/portal\\\/#organization\"},\"potentialAction\":[{\"@type\":\"SearchAction\",\"target\":{\"@type\":\"EntryPoint\",\"urlTemplate\":\"https:\\\/\\\/ugtaytosantander.es\\\/portal\\\/?s={search_term_string}\"},\"query-input\":{\"@type\":\"PropertyValueSpecification\",\"valueRequired\":true,\"valueName\":\"search_term_string\"}}],\"inLanguage\":\"es\"},{\"@type\":\"Organization\",\"@id\":\"https:\\\/\\\/ugtaytosantander.es\\\/portal\\\/#organization\",\"name\":\"Secci\u00f3n Sindical de UGT del Ayuntamiento de Santander\",\"url\":\"https:\\\/\\\/ugtaytosantander.es\\\/portal\\\/\",\"logo\":{\"@type\":\"ImageObject\",\"inLanguage\":\"es\",\"@id\":\"https:\\\/\\\/ugtaytosantander.es\\\/portal\\\/#\\\/schema\\\/logo\\\/image\\\/\",\"url\":\"https:\\\/\\\/ugtaytosantander.es\\\/portal\\\/wp-content\\\/uploads\\\/2019\\\/03\\\/Logo-FESP200.png\",\"contentUrl\":\"https:\\\/\\\/ugtaytosantander.es\\\/portal\\\/wp-content\\\/uploads\\\/2019\\\/03\\\/Logo-FESP200.png\",\"width\":200,\"height\":123,\"caption\":\"Secci\u00f3n Sindical de UGT del Ayuntamiento de Santander\"},\"image\":{\"@id\":\"https:\\\/\\\/ugtaytosantander.es\\\/portal\\\/#\\\/schema\\\/logo\\\/image\\\/\"}},{\"@type\":\"Person\",\"@id\":\"https:\\\/\\\/ugtaytosantander.es\\\/portal\\\/#\\\/schema\\\/person\\\/ab095264bcbc15f126e32f8c4d53b250\",\"name\":\"Julio Barcena\",\"sameAs\":[\"http:\\\/\\\/ugtaytosantander.es\\\/portal\\\/\"],\"url\":\"https:\\\/\\\/ugtaytosantander.es\\\/portal\\\/author\\\/jbr1254\\\/\"}]}<\/script>\n<!-- \/ Yoast SEO plugin. -->","yoast_head_json":{"title":"Una de torrijas, torreznos o campa\u00f1a electoral. - UGT Ayuntamiento de Santander","robots":{"index":"index","follow":"follow","max-snippet":"max-snippet:-1","max-image-preview":"max-image-preview:large","max-video-preview":"max-video-preview:-1"},"canonical":"https:\/\/ugtaytosantander.es\/portal\/una-de-torrijas-torreznos-o-campana-electoral\/","og_locale":"es_ES","og_type":"article","og_title":"Una de torrijas, torreznos o campa\u00f1a electoral. - UGT Ayuntamiento de Santander","og_description":"El pasado d\u00eda 20 en la Mesa General se trataron varios asuntos entre ellos; la Instrucci\u00f3n dada por parte del Ayuntamiento sobre el disfrute del permiso de natalidad. Arturo Pont\u00f3n, en representacion de UGT, manifest\u00f3 que se estaba produciendo un agravio comparativo entre compa\u00f1eros, puesto que durante todo este tiempo se hab\u00eda estado disfrutando de [&hellip;]","og_url":"https:\/\/ugtaytosantander.es\/portal\/una-de-torrijas-torreznos-o-campana-electoral\/","og_site_name":"UGT Ayuntamiento de Santander","article_published_time":"2022-12-22T19:48:32+00:00","article_modified_time":"2022-12-22T19:51:12+00:00","author":"Julio Barcena","twitter_card":"summary_large_image","twitter_misc":{"Escrito por":"Julio Barcena","Tiempo de lectura":"1 minuto"},"schema":{"@context":"https:\/\/schema.org","@graph":[{"@type":"Article","@id":"https:\/\/ugtaytosantander.es\/portal\/una-de-torrijas-torreznos-o-campana-electoral\/#article","isPartOf":{"@id":"https:\/\/ugtaytosantander.es\/portal\/una-de-torrijas-torreznos-o-campana-electoral\/"},"author":{"name":"Julio Barcena","@id":"https:\/\/ugtaytosantander.es\/portal\/#\/schema\/person\/ab095264bcbc15f126e32f8c4d53b250"},"headline":"Una de torrijas, torreznos o campa\u00f1a electoral.","datePublished":"2022-12-22T19:48:32+00:00","dateModified":"2022-12-22T19:51:12+00:00","mainEntityOfPage":{"@id":"https:\/\/ugtaytosantander.es\/portal\/una-de-torrijas-torreznos-o-campana-electoral\/"},"wordCount":197,"publisher":{"@id":"https:\/\/ugtaytosantander.es\/portal\/#organization"},"keywords":["Mesa General de AACC"],"articleSection":["Mesa General de Asuntos Comunes"],"inLanguage":"es"},{"@type":"WebPage","@id":"https:\/\/ugtaytosantander.es\/portal\/una-de-torrijas-torreznos-o-campana-electoral\/","url":"https:\/\/ugtaytosantander.es\/portal\/una-de-torrijas-torreznos-o-campana-electoral\/","name":"Una de torrijas, torreznos o campa\u00f1a electoral. - UGT Ayuntamiento de Santander","isPartOf":{"@id":"https:\/\/ugtaytosantander.es\/portal\/#website"},"datePublished":"2022-12-22T19:48:32+00:00","dateModified":"2022-12-22T19:51:12+00:00","breadcrumb":{"@id":"https:\/\/ugtaytosantander.es\/portal\/una-de-torrijas-torreznos-o-campana-electoral\/#breadcrumb"},"inLanguage":"es","potentialAction":[{"@type":"ReadAction","target":["https:\/\/ugtaytosantander.es\/portal\/una-de-torrijas-torreznos-o-campana-electoral\/"]}]},{"@type":"BreadcrumbList","@id":"https:\/\/ugtaytosantander.es\/portal\/una-de-torrijas-torreznos-o-campana-electoral\/#breadcrumb","itemListElement":[{"@type":"ListItem","position":1,"name":"Portada","item":"https:\/\/ugtaytosantander.es\/portal\/"},{"@type":"ListItem","position":2,"name":"Una de torrijas, torreznos o campa\u00f1a electoral."}]},{"@type":"WebSite","@id":"https:\/\/ugtaytosantander.es\/portal\/#website","url":"https:\/\/ugtaytosantander.es\/portal\/","name":"UGT Ayuntamiento de Santander","description":"Seccion Sindical UGT Ayto Santander","publisher":{"@id":"https:\/\/ugtaytosantander.es\/portal\/#organization"},"potentialAction":[{"@type":"SearchAction","target":{"@type":"EntryPoint","urlTemplate":"https:\/\/ugtaytosantander.es\/portal\/?s={search_term_string}"},"query-input":{"@type":"PropertyValueSpecification","valueRequired":true,"valueName":"search_term_string"}}],"inLanguage":"es"},{"@type":"Organization","@id":"https:\/\/ugtaytosantander.es\/portal\/#organization","name":"Secci\u00f3n Sindical de UGT del Ayuntamiento de Santander","url":"https:\/\/ugtaytosantander.es\/portal\/","logo":{"@type":"ImageObject","inLanguage":"es","@id":"https:\/\/ugtaytosantander.es\/portal\/#\/schema\/logo\/image\/","url":"https:\/\/ugtaytosantander.es\/portal\/wp-content\/uploads\/2019\/03\/Logo-FESP200.png","contentUrl":"https:\/\/ugtaytosantander.es\/portal\/wp-content\/uploads\/2019\/03\/Logo-FESP200.png","width":200,"height":123,"caption":"Secci\u00f3n Sindical de UGT del Ayuntamiento de Santander"},"image":{"@id":"https:\/\/ugtaytosantander.es\/portal\/#\/schema\/logo\/image\/"}},{"@type":"Person","@id":"https:\/\/ugtaytosantander.es\/portal\/#\/schema\/person\/ab095264bcbc15f126e32f8c4d53b250","name":"Julio Barcena","sameAs":["http:\/\/ugtaytosantander.es\/portal\/"],"url":"https:\/\/ugtaytosantander.es\/portal\/author\/jbr1254\/"}]}},"publishpress_future_action":{"enabled":false,"date":"2026-05-06 15:48:32","action":"change-status","newStatus":"trash","terms":[],"taxonomy":"category","extraData":[]},"publishpress_future_workflow_manual_trigger":{"enabledWorkflows":[]},"_links":{"self":[{"href":"https:\/\/ugtaytosantander.es\/portal\/wp-json\/wp\/v2\/posts\/3490","targetHints":{"allow":["GET"]}}],"collection":[{"href":"https:\/\/ugtaytosantander.es\/portal\/wp-json\/wp\/v2\/posts"}],"about":[{"href":"https:\/\/ugtaytosantander.es\/portal\/wp-json\/wp\/v2\/types\/post"}],"author":[{"embeddable":true,"href":"https:\/\/ugtaytosantander.es\/portal\/wp-json\/wp\/v2\/users\/2"}],"replies":[{"embeddable":true,"href":"https:\/\/ugtaytosantander.es\/portal\/wp-json\/wp\/v2\/comments?post=3490"}],"version-history":[{"count":1,"href":"https:\/\/ugtaytosantander.es\/portal\/wp-json\/wp\/v2\/posts\/3490\/revisions"}],"predecessor-version":[{"id":3491,"href":"https:\/\/ugtaytosantander.es\/portal\/wp-json\/wp\/v2\/posts\/3490\/revisions\/3491"}],"wp:attachment":[{"href":"https:\/\/ugtaytosantander.es\/portal\/wp-json\/wp\/v2\/media?parent=3490"}],"wp:term":[{"taxonomy":"category","embeddable":true,"href":"https:\/\/ugtaytosantander.es\/portal\/wp-json\/wp\/v2\/categories?post=3490"},{"taxonomy":"post_tag","embeddable":true,"href":"https:\/\/ugtaytosantander.es\/portal\/wp-json\/wp\/v2\/tags?post=3490"}],"curies":[{"name":"wp","href":"https:\/\/api.w.org\/{rel}","templated":true}]}}