{"id":3492,"date":"2022-12-23T10:00:50","date_gmt":"2022-12-23T09:00:50","guid":{"rendered":"https:\/\/ugtaytosantander.es\/portal\/?p=3492"},"modified":"2022-12-23T10:25:16","modified_gmt":"2022-12-23T09:25:16","slug":"publicada-hoy-dia-23-de-diciembre-la-convocatoria-para-estabilizacion-empleo-2022","status":"publish","type":"post","link":"https:\/\/ugtaytosantander.es\/portal\/publicada-hoy-dia-23-de-diciembre-la-convocatoria-para-estabilizacion-empleo-2022\/","title":{"rendered":"Publicada hoy dia 23 de diciembre la convocatoria para estabilizaci\u00f3n empleo 2022."},"content":{"rendered":"<p style=\"text-align: justify;\">En el d\u00eda de hoy (23 de diciembre de 2022) se han publicado las convocatorias para cubrir las plazas reguladas en los procesos para la estabilizaci\u00f3n de empleo temporal para la cobertura en propiedad de plazas de funcionario y laboral al amparo del art\u00edculo 2.1 de la Ley 20\/2021, de 28 de diciembre, de Medidas Urgentes para la Reducci\u00f3n de la Temporalidad en el Empleo p\u00fablico, mediante los sistemas de concurso y concurso-oposici\u00f3n, turno libre y turno de discapacidad.<\/p>\n<p>Se recuerda que el plazo para presentaci\u00f3n de instancias es de 20 d\u00edas naturales, <span style=\"text-decoration: underline;\">(Plazo de finalizaci\u00f3n 12 de enero de 2023).<\/span><\/p>\n<p><strong>Se adjuntan a continuaci\u00f3n las bases, convocatorias y modelos de instancias correspondientes a cada uno de los procesos:<\/strong><\/p>\n<ul>\n<li><a href=\"https:\/\/ugtaytosantander.es\/portal\/wp-content\/uploads\/2022\/12\/bases_estabilizacion_funcionarios_por_concurso.pdf\">Bases funcionarios concurso (JUEVES, 1 DE DICIEMBRE DE 2022 &#8211; BOC N\u00daM. 231)<\/a><\/li>\n<li><a href=\"https:\/\/ugtaytosantander.es\/portal\/wp-content\/uploads\/2022\/12\/bases_estabilizacion_laborales_por_concurso.pdf\">Bases laborales concurso (JUEVES, 1 DE DICIEMBRE DE 2022 &#8211; BOC N\u00daM. 231)<\/a><\/li>\n<li><a href=\"https:\/\/ugtaytosantander.es\/portal\/wp-content\/uploads\/2022\/12\/bases_estabilizacion_funcionarios_por_concurso-oposicion.pdf\">Bases funcionarios por concurso-oposici\u00f3n (JUEVES, 1 DE DICIEMBRE DE 2022 &#8211; BOC N\u00daM. 231)<\/a><\/li>\n<li><a href=\"https:\/\/ugtaytosantander.es\/portal\/wp-content\/uploads\/2022\/12\/Convocatoria-Funcionarios-Concurso.pdf\">Convocatoria funcionarios por concurso (BOE N\u00fam. 307 Viernes 23 de diciembre de 2022 Sec. II.B. P\u00e1g. 179790)<\/a><\/li>\n<li><a href=\"https:\/\/ugtaytosantander.es\/portal\/wp-content\/uploads\/2022\/12\/Convocatoria-Laborales-por-concurso.pdf\">Convocatoria laborales por concurso ( BOE N\u00fam. 307 Viernes 23 de diciembre de 2022 Sec. II.B. P\u00e1g. 179789)<\/a><\/li>\n<li><a href=\"https:\/\/ugtaytosantander.es\/portal\/wp-content\/uploads\/2022\/12\/Convocatoria-Funcionarios-Concurso-Oposicion.pdf\">Convocatoria funcionarios por concurso-oposici\u00f3n (BOE N\u00fam. 307 Viernes 23 de diciembre de 2022 Sec. II.B. P\u00e1g. 179788)<\/a><\/li>\n<\/ul>\n<p><strong>Descarga formularios:<\/strong><\/p>\n<ul>\n<li><a href=\"https:\/\/ugtaytosantander.es\/portal\/wp-content\/uploads\/2022\/12\/09a_oposiciones.pdf\">Modelo de Instancia para todos los procesos.<\/a><\/li>\n<li><a href=\"https:\/\/ugtaytosantander.es\/portal\/wp-content\/uploads\/2022\/12\/1._anexo_hoja_autoevaluacion_turno_libre_concurso_formulario.pdf\">Hoja Autoevaluaci\u00f3n concurso funcionarios<\/a><\/li>\n<li><a href=\"https:\/\/ugtaytosantander.es\/portal\/wp-content\/uploads\/2022\/12\/3._anexo_hoja_autoevaluacion_laborales_turno_libre_concurso_formulario.pdf\">Hoja Autoevaluaci\u00f3n concurso laborales<\/a><\/li>\n<li><a href=\"https:\/\/ugtaytosantander.es\/portal\/wp-content\/uploads\/2022\/12\/2._anexo_hoja_autoevaluacion_turno_libre_concurso-oposicion_formulario.pdf\">Hoja Autoevaluaci\u00f3n concurso-oposici\u00f3n funcionarios<\/a><\/li>\n<li><a href=\"https:\/\/sede.santander.es\/tramites\/admision-pruebas-selectivas\">Acceso a la sede electr\u00f3nica del Ayto.de Santander para tramitaci\u00f3n on-line.<\/a><\/li>\n<\/ul>\n<p>&nbsp;<\/p>\n","protected":false},"excerpt":{"rendered":"<p>En el d\u00eda de hoy (23 de diciembre de 2022) se han publicado las convocatorias para cubrir las plazas reguladas en los procesos para la estabilizaci\u00f3n de empleo temporal para la cobertura en propiedad de plazas de funcionario y laboral al amparo del art\u00edculo 2.1 de la Ley 20\/2021, de 28 de diciembre, de Medidas [&hellip;]<\/p>\n","protected":false},"author":2,"featured_media":0,"comment_status":"closed","ping_status":"open","sticky":false,"template":"","format":"standard","meta":{"_exactmetrics_skip_tracking":false,"_exactmetrics_sitenote_active":false,"_exactmetrics_sitenote_note":"","_exactmetrics_sitenote_category":0,"_genesis_hide_title":false,"_genesis_hide_breadcrumbs":false,"_genesis_hide_singular_image":false,"_genesis_hide_footer_widgets":false,"_genesis_custom_body_class":"","_genesis_custom_post_class":"","_genesis_layout":"","footnotes":""},"categories":[54],"tags":[],"class_list":{"0":"post-3492","1":"post","2":"type-post","3":"status-publish","4":"format-standard","6":"category-noticias","7":"entry"},"yoast_head":"<!-- This site is optimized with the Yoast SEO plugin v27.5 - https:\/\/yoast.com\/product\/yoast-seo-wordpress\/ -->\n<title>Publicada hoy dia 23 de diciembre la convocatoria para estabilizaci\u00f3n empleo 2022. - UGT Ayuntamiento de Santander<\/title>\n<meta name=\"robots\" content=\"index, follow, max-snippet:-1, max-image-preview:large, max-video-preview:-1\" \/>\n<link rel=\"canonical\" href=\"https:\/\/ugtaytosantander.es\/portal\/publicada-hoy-dia-23-de-diciembre-la-convocatoria-para-estabilizacion-empleo-2022\/\" \/>\n<meta property=\"og:locale\" content=\"es_ES\" \/>\n<meta property=\"og:type\" content=\"article\" \/>\n<meta property=\"og:title\" content=\"Publicada hoy dia 23 de diciembre la convocatoria para estabilizaci\u00f3n empleo 2022. - UGT Ayuntamiento de Santander\" \/>\n<meta property=\"og:description\" content=\"En el d\u00eda de hoy (23 de diciembre de 2022) se han publicado las convocatorias para cubrir las plazas reguladas en los procesos para la estabilizaci\u00f3n de empleo temporal para la cobertura en propiedad de plazas de funcionario y laboral al amparo del art\u00edculo 2.1 de la Ley 20\/2021, de 28 de diciembre, de Medidas [&hellip;]\" \/>\n<meta property=\"og:url\" content=\"https:\/\/ugtaytosantander.es\/portal\/publicada-hoy-dia-23-de-diciembre-la-convocatoria-para-estabilizacion-empleo-2022\/\" \/>\n<meta property=\"og:site_name\" content=\"UGT Ayuntamiento de Santander\" \/>\n<meta property=\"article:published_time\" content=\"2022-12-23T09:00:50+00:00\" \/>\n<meta property=\"article:modified_time\" content=\"2022-12-23T09:25:16+00:00\" \/>\n<meta name=\"author\" content=\"Julio Barcena\" \/>\n<meta name=\"twitter:card\" content=\"summary_large_image\" \/>\n<meta name=\"twitter:label1\" content=\"Escrito por\" \/>\n\t<meta name=\"twitter:data1\" content=\"Julio Barcena\" \/>\n\t<meta name=\"twitter:label2\" content=\"Tiempo de lectura\" \/>\n\t<meta name=\"twitter:data2\" content=\"2 minutos\" \/>\n<script type=\"application\/ld+json\" class=\"yoast-schema-graph\">{\"@context\":\"https:\\\/\\\/schema.org\",\"@graph\":[{\"@type\":\"Article\",\"@id\":\"https:\\\/\\\/ugtaytosantander.es\\\/portal\\\/publicada-hoy-dia-23-de-diciembre-la-convocatoria-para-estabilizacion-empleo-2022\\\/#article\",\"isPartOf\":{\"@id\":\"https:\\\/\\\/ugtaytosantander.es\\\/portal\\\/publicada-hoy-dia-23-de-diciembre-la-convocatoria-para-estabilizacion-empleo-2022\\\/\"},\"author\":{\"name\":\"Julio Barcena\",\"@id\":\"https:\\\/\\\/ugtaytosantander.es\\\/portal\\\/#\\\/schema\\\/person\\\/ab095264bcbc15f126e32f8c4d53b250\"},\"headline\":\"Publicada hoy dia 23 de diciembre la convocatoria para estabilizaci\u00f3n empleo 2022.\",\"datePublished\":\"2022-12-23T09:00:50+00:00\",\"dateModified\":\"2022-12-23T09:25:16+00:00\",\"mainEntityOfPage\":{\"@id\":\"https:\\\/\\\/ugtaytosantander.es\\\/portal\\\/publicada-hoy-dia-23-de-diciembre-la-convocatoria-para-estabilizacion-empleo-2022\\\/\"},\"wordCount\":256,\"publisher\":{\"@id\":\"https:\\\/\\\/ugtaytosantander.es\\\/portal\\\/#organization\"},\"articleSection\":[\"Noticias\"],\"inLanguage\":\"es\"},{\"@type\":\"WebPage\",\"@id\":\"https:\\\/\\\/ugtaytosantander.es\\\/portal\\\/publicada-hoy-dia-23-de-diciembre-la-convocatoria-para-estabilizacion-empleo-2022\\\/\",\"url\":\"https:\\\/\\\/ugtaytosantander.es\\\/portal\\\/publicada-hoy-dia-23-de-diciembre-la-convocatoria-para-estabilizacion-empleo-2022\\\/\",\"name\":\"Publicada hoy dia 23 de diciembre la convocatoria para estabilizaci\u00f3n empleo 2022. - UGT Ayuntamiento de Santander\",\"isPartOf\":{\"@id\":\"https:\\\/\\\/ugtaytosantander.es\\\/portal\\\/#website\"},\"datePublished\":\"2022-12-23T09:00:50+00:00\",\"dateModified\":\"2022-12-23T09:25:16+00:00\",\"breadcrumb\":{\"@id\":\"https:\\\/\\\/ugtaytosantander.es\\\/portal\\\/publicada-hoy-dia-23-de-diciembre-la-convocatoria-para-estabilizacion-empleo-2022\\\/#breadcrumb\"},\"inLanguage\":\"es\",\"potentialAction\":[{\"@type\":\"ReadAction\",\"target\":[\"https:\\\/\\\/ugtaytosantander.es\\\/portal\\\/publicada-hoy-dia-23-de-diciembre-la-convocatoria-para-estabilizacion-empleo-2022\\\/\"]}]},{\"@type\":\"BreadcrumbList\",\"@id\":\"https:\\\/\\\/ugtaytosantander.es\\\/portal\\\/publicada-hoy-dia-23-de-diciembre-la-convocatoria-para-estabilizacion-empleo-2022\\\/#breadcrumb\",\"itemListElement\":[{\"@type\":\"ListItem\",\"position\":1,\"name\":\"Portada\",\"item\":\"https:\\\/\\\/ugtaytosantander.es\\\/portal\\\/\"},{\"@type\":\"ListItem\",\"position\":2,\"name\":\"Publicada hoy dia 23 de diciembre la convocatoria para estabilizaci\u00f3n empleo 2022.\"}]},{\"@type\":\"WebSite\",\"@id\":\"https:\\\/\\\/ugtaytosantander.es\\\/portal\\\/#website\",\"url\":\"https:\\\/\\\/ugtaytosantander.es\\\/portal\\\/\",\"name\":\"UGT Ayuntamiento de Santander\",\"description\":\"Seccion Sindical UGT Ayto Santander\",\"publisher\":{\"@id\":\"https:\\\/\\\/ugtaytosantander.es\\\/portal\\\/#organization\"},\"potentialAction\":[{\"@type\":\"SearchAction\",\"target\":{\"@type\":\"EntryPoint\",\"urlTemplate\":\"https:\\\/\\\/ugtaytosantander.es\\\/portal\\\/?s={search_term_string}\"},\"query-input\":{\"@type\":\"PropertyValueSpecification\",\"valueRequired\":true,\"valueName\":\"search_term_string\"}}],\"inLanguage\":\"es\"},{\"@type\":\"Organization\",\"@id\":\"https:\\\/\\\/ugtaytosantander.es\\\/portal\\\/#organization\",\"name\":\"Secci\u00f3n Sindical de UGT del Ayuntamiento de Santander\",\"url\":\"https:\\\/\\\/ugtaytosantander.es\\\/portal\\\/\",\"logo\":{\"@type\":\"ImageObject\",\"inLanguage\":\"es\",\"@id\":\"https:\\\/\\\/ugtaytosantander.es\\\/portal\\\/#\\\/schema\\\/logo\\\/image\\\/\",\"url\":\"https:\\\/\\\/ugtaytosantander.es\\\/portal\\\/wp-content\\\/uploads\\\/2019\\\/03\\\/Logo-FESP200.png\",\"contentUrl\":\"https:\\\/\\\/ugtaytosantander.es\\\/portal\\\/wp-content\\\/uploads\\\/2019\\\/03\\\/Logo-FESP200.png\",\"width\":200,\"height\":123,\"caption\":\"Secci\u00f3n Sindical de UGT del Ayuntamiento de Santander\"},\"image\":{\"@id\":\"https:\\\/\\\/ugtaytosantander.es\\\/portal\\\/#\\\/schema\\\/logo\\\/image\\\/\"}},{\"@type\":\"Person\",\"@id\":\"https:\\\/\\\/ugtaytosantander.es\\\/portal\\\/#\\\/schema\\\/person\\\/ab095264bcbc15f126e32f8c4d53b250\",\"name\":\"Julio Barcena\",\"sameAs\":[\"http:\\\/\\\/ugtaytosantander.es\\\/portal\\\/\"],\"url\":\"https:\\\/\\\/ugtaytosantander.es\\\/portal\\\/author\\\/jbr1254\\\/\"}]}<\/script>\n<!-- \/ Yoast SEO plugin. -->","yoast_head_json":{"title":"Publicada hoy dia 23 de diciembre la convocatoria para estabilizaci\u00f3n empleo 2022. - UGT Ayuntamiento de Santander","robots":{"index":"index","follow":"follow","max-snippet":"max-snippet:-1","max-image-preview":"max-image-preview:large","max-video-preview":"max-video-preview:-1"},"canonical":"https:\/\/ugtaytosantander.es\/portal\/publicada-hoy-dia-23-de-diciembre-la-convocatoria-para-estabilizacion-empleo-2022\/","og_locale":"es_ES","og_type":"article","og_title":"Publicada hoy dia 23 de diciembre la convocatoria para estabilizaci\u00f3n empleo 2022. - UGT Ayuntamiento de Santander","og_description":"En el d\u00eda de hoy (23 de diciembre de 2022) se han publicado las convocatorias para cubrir las plazas reguladas en los procesos para la estabilizaci\u00f3n de empleo temporal para la cobertura en propiedad de plazas de funcionario y laboral al amparo del art\u00edculo 2.1 de la Ley 20\/2021, de 28 de diciembre, de Medidas [&hellip;]","og_url":"https:\/\/ugtaytosantander.es\/portal\/publicada-hoy-dia-23-de-diciembre-la-convocatoria-para-estabilizacion-empleo-2022\/","og_site_name":"UGT Ayuntamiento de Santander","article_published_time":"2022-12-23T09:00:50+00:00","article_modified_time":"2022-12-23T09:25:16+00:00","author":"Julio Barcena","twitter_card":"summary_large_image","twitter_misc":{"Escrito por":"Julio Barcena","Tiempo de lectura":"2 minutos"},"schema":{"@context":"https:\/\/schema.org","@graph":[{"@type":"Article","@id":"https:\/\/ugtaytosantander.es\/portal\/publicada-hoy-dia-23-de-diciembre-la-convocatoria-para-estabilizacion-empleo-2022\/#article","isPartOf":{"@id":"https:\/\/ugtaytosantander.es\/portal\/publicada-hoy-dia-23-de-diciembre-la-convocatoria-para-estabilizacion-empleo-2022\/"},"author":{"name":"Julio Barcena","@id":"https:\/\/ugtaytosantander.es\/portal\/#\/schema\/person\/ab095264bcbc15f126e32f8c4d53b250"},"headline":"Publicada hoy dia 23 de diciembre la convocatoria para estabilizaci\u00f3n empleo 2022.","datePublished":"2022-12-23T09:00:50+00:00","dateModified":"2022-12-23T09:25:16+00:00","mainEntityOfPage":{"@id":"https:\/\/ugtaytosantander.es\/portal\/publicada-hoy-dia-23-de-diciembre-la-convocatoria-para-estabilizacion-empleo-2022\/"},"wordCount":256,"publisher":{"@id":"https:\/\/ugtaytosantander.es\/portal\/#organization"},"articleSection":["Noticias"],"inLanguage":"es"},{"@type":"WebPage","@id":"https:\/\/ugtaytosantander.es\/portal\/publicada-hoy-dia-23-de-diciembre-la-convocatoria-para-estabilizacion-empleo-2022\/","url":"https:\/\/ugtaytosantander.es\/portal\/publicada-hoy-dia-23-de-diciembre-la-convocatoria-para-estabilizacion-empleo-2022\/","name":"Publicada hoy dia 23 de diciembre la convocatoria para estabilizaci\u00f3n empleo 2022. - UGT Ayuntamiento de Santander","isPartOf":{"@id":"https:\/\/ugtaytosantander.es\/portal\/#website"},"datePublished":"2022-12-23T09:00:50+00:00","dateModified":"2022-12-23T09:25:16+00:00","breadcrumb":{"@id":"https:\/\/ugtaytosantander.es\/portal\/publicada-hoy-dia-23-de-diciembre-la-convocatoria-para-estabilizacion-empleo-2022\/#breadcrumb"},"inLanguage":"es","potentialAction":[{"@type":"ReadAction","target":["https:\/\/ugtaytosantander.es\/portal\/publicada-hoy-dia-23-de-diciembre-la-convocatoria-para-estabilizacion-empleo-2022\/"]}]},{"@type":"BreadcrumbList","@id":"https:\/\/ugtaytosantander.es\/portal\/publicada-hoy-dia-23-de-diciembre-la-convocatoria-para-estabilizacion-empleo-2022\/#breadcrumb","itemListElement":[{"@type":"ListItem","position":1,"name":"Portada","item":"https:\/\/ugtaytosantander.es\/portal\/"},{"@type":"ListItem","position":2,"name":"Publicada hoy dia 23 de diciembre la convocatoria para estabilizaci\u00f3n empleo 2022."}]},{"@type":"WebSite","@id":"https:\/\/ugtaytosantander.es\/portal\/#website","url":"https:\/\/ugtaytosantander.es\/portal\/","name":"UGT Ayuntamiento de Santander","description":"Seccion Sindical UGT Ayto Santander","publisher":{"@id":"https:\/\/ugtaytosantander.es\/portal\/#organization"},"potentialAction":[{"@type":"SearchAction","target":{"@type":"EntryPoint","urlTemplate":"https:\/\/ugtaytosantander.es\/portal\/?s={search_term_string}"},"query-input":{"@type":"PropertyValueSpecification","valueRequired":true,"valueName":"search_term_string"}}],"inLanguage":"es"},{"@type":"Organization","@id":"https:\/\/ugtaytosantander.es\/portal\/#organization","name":"Secci\u00f3n Sindical de UGT del Ayuntamiento de Santander","url":"https:\/\/ugtaytosantander.es\/portal\/","logo":{"@type":"ImageObject","inLanguage":"es","@id":"https:\/\/ugtaytosantander.es\/portal\/#\/schema\/logo\/image\/","url":"https:\/\/ugtaytosantander.es\/portal\/wp-content\/uploads\/2019\/03\/Logo-FESP200.png","contentUrl":"https:\/\/ugtaytosantander.es\/portal\/wp-content\/uploads\/2019\/03\/Logo-FESP200.png","width":200,"height":123,"caption":"Secci\u00f3n Sindical de UGT del Ayuntamiento de Santander"},"image":{"@id":"https:\/\/ugtaytosantander.es\/portal\/#\/schema\/logo\/image\/"}},{"@type":"Person","@id":"https:\/\/ugtaytosantander.es\/portal\/#\/schema\/person\/ab095264bcbc15f126e32f8c4d53b250","name":"Julio Barcena","sameAs":["http:\/\/ugtaytosantander.es\/portal\/"],"url":"https:\/\/ugtaytosantander.es\/portal\/author\/jbr1254\/"}]}},"publishpress_future_action":{"enabled":false,"date":"2026-05-10 13:41:24","action":"change-status","newStatus":"trash","terms":[],"taxonomy":"category","extraData":[]},"publishpress_future_workflow_manual_trigger":{"enabledWorkflows":[]},"_links":{"self":[{"href":"https:\/\/ugtaytosantander.es\/portal\/wp-json\/wp\/v2\/posts\/3492","targetHints":{"allow":["GET"]}}],"collection":[{"href":"https:\/\/ugtaytosantander.es\/portal\/wp-json\/wp\/v2\/posts"}],"about":[{"href":"https:\/\/ugtaytosantander.es\/portal\/wp-json\/wp\/v2\/types\/post"}],"author":[{"embeddable":true,"href":"https:\/\/ugtaytosantander.es\/portal\/wp-json\/wp\/v2\/users\/2"}],"replies":[{"embeddable":true,"href":"https:\/\/ugtaytosantander.es\/portal\/wp-json\/wp\/v2\/comments?post=3492"}],"version-history":[{"count":15,"href":"https:\/\/ugtaytosantander.es\/portal\/wp-json\/wp\/v2\/posts\/3492\/revisions"}],"predecessor-version":[{"id":3517,"href":"https:\/\/ugtaytosantander.es\/portal\/wp-json\/wp\/v2\/posts\/3492\/revisions\/3517"}],"wp:attachment":[{"href":"https:\/\/ugtaytosantander.es\/portal\/wp-json\/wp\/v2\/media?parent=3492"}],"wp:term":[{"taxonomy":"category","embeddable":true,"href":"https:\/\/ugtaytosantander.es\/portal\/wp-json\/wp\/v2\/categories?post=3492"},{"taxonomy":"post_tag","embeddable":true,"href":"https:\/\/ugtaytosantander.es\/portal\/wp-json\/wp\/v2\/tags?post=3492"}],"curies":[{"name":"wp","href":"https:\/\/api.w.org\/{rel}","templated":true}]}}