{"id":3532,"date":"2023-01-31T20:13:07","date_gmt":"2023-01-31T19:13:07","guid":{"rendered":"https:\/\/ugtaytosantander.es\/portal\/?p=3532"},"modified":"2023-01-31T20:13:07","modified_gmt":"2023-01-31T19:13:07","slug":"ugt-en-un-ejercicio-de-responsabilidad-ha-firmado-hoy-dia-31-de-enero-el-i-plan-de-igualdad-del-ayuntamiento-de-santander","status":"publish","type":"post","link":"https:\/\/ugtaytosantander.es\/portal\/ugt-en-un-ejercicio-de-responsabilidad-ha-firmado-hoy-dia-31-de-enero-el-i-plan-de-igualdad-del-ayuntamiento-de-santander\/","title":{"rendered":"UGT en un ejercicio de responsabilidad ha firmado hoy d\u00eda 31 de enero el I Plan de Igualdad del Ayuntamiento de Santander."},"content":{"rendered":"<p style=\"text-align: justify;\">UGT en un ejercicio de responsabilidad ha firmado hoy d\u00eda 31 de enero el I Plan de Igualdad del Ayuntamiento de Santander, pero critica la postura, tanto del Ayuntamiento de Santander, como de los otros sindicatos participantes, por no respaldar medidas que mejorar\u00edan sustancialmente los desequilibrios que se est\u00e1n dando entre los empleados y las empleadas municipales.<\/p>\n<p style=\"text-align: justify;\">Desde UGT, valoramos el esfuerzo de la Comisi\u00f3n Negociadora por sacar adelante este Plan de Igualdad y por eso lo hemos firmado. A pesar de que el Ayuntamiento no ha aportado documentaci\u00f3n de algunas materias obligatorias (seg\u00fan la normativa), y de lo que ha aportado, la informaci\u00f3n ha sido escasa o casi nula para poder hacer un diagn\u00f3stico, est\u00e1 Comisi\u00f3n Negociadora ha podido poner en evidencia los claros desequilibrios que se est\u00e1n dando entre los\/as empleados\/as municipales en aspectos tan importantes como son la infrarrepresentaci\u00f3n femenina en determinados servicios, la brecha salarial o las medidas de ejercicio corresponsable.<\/p>\n<p style=\"text-align: justify;\">UGT tambi\u00e9n valora como positivo la aprobaci\u00f3n de un Protocolo para la prevenci\u00f3n y actuaci\u00f3n del acoso sexual y por raz\u00f3n de sexo, y que se hayan planteado una serie de medidas que mejoran la actual situaci\u00f3n, aunque muchas de ellas no son medidas como tal, sino que realmente son actuaciones que se tendr\u00edan que estar realizando, pues seg\u00fan la normativa, son obligatorias.<\/p>\n<p style=\"text-align: justify;\">UGT seguir\u00e1 reivindicando, a trav\u00e9s de las futuras comisiones de seguimiento, que el Ayuntamiento cumpla con su compromiso de facilitar datos relativos a:<\/p>\n<p style=\"text-align: justify;\">-Representaci\u00f3n del personal por sexo, unidades, tipos de jornada, altas y bajas, antig\u00fcedad, edad y tipo de contrato.<\/p>\n<p style=\"text-align: justify;\">&#8211; Formaci\u00f3n.<\/p>\n<p style=\"text-align: justify;\">&#8211; Procesos de selecci\u00f3n y contrataci\u00f3n.<\/p>\n<p style=\"text-align: justify;\">&#8211; Condiciones de trabajo.<\/p>\n<p style=\"text-align: justify;\">&#8211; Auditor\u00eda retributiva.<\/p>\n<p style=\"text-align: justify;\">&#8211; Infrarrepresentaci\u00f3n femenina.<\/p>\n<p style=\"text-align: justify;\">&#8211; Conciliaci\u00f3n de la vida familiar, laboral y personal.<\/p>\n<p style=\"text-align: justify;\">&#8211; Pol\u00edtica retributiva y de promoci\u00f3n.<\/p>\n<p style=\"text-align: justify;\">&#8211; Prevenci\u00f3n del acoso sexual y acoso por raz\u00f3n de sexo.<\/p>\n<p style=\"text-align: justify;\">para poder hacer un an\u00e1lisis y posterior conclusi\u00f3n, que se ajuste a la realidad.<\/p>\n<p style=\"text-align: justify;\">UGT seguir\u00e1 luchando por volver a plantear algunas medidas que expuso y que no fueron respaldadas ni por el Ayuntamiento ni por los otros sindicatos y que mejorar\u00edan, notablemente, los desequilibrios que se est\u00e1n dando, pues s\u00ed responden a una necesidad real, como son las que afectan a los trabajadores y trabajadoras con responsabilidades familiares, tanto por cuidado de hijas\/os como de progenitores u otros familiares a cargo.<\/p>\n<p style=\"text-align: justify;\">Ejemplo de esas medidas planteadas por UGT ser\u00edan: un aumento de la flexibilidad horaria, preferencia de elecci\u00f3n de turnos y periodos vacacionales, bolsa de horas por cuidado de hijas\/os, progenitores u otros familiares a cargo retribuida, facilitar y disponer de mayor n\u00famero de plazas en guarder\u00edas municipales\/ludotecas\/campamentos urbanos, cerca del lugar de trabajo que permitan una mejor conciliaci\u00f3n familiar y laboral.<\/p>\n<p style=\"text-align: justify;\"><strong>\u00a0<\/strong>UGT tambi\u00e9n insistir\u00e1 en la implementaci\u00f3n de un Protocolo de desconexi\u00f3n digital, \u00a0que permita garantizar los periodos de descanso de horarios, periodos vacacionales de los trabajadores \/as municipales sin interrupciones (por email, llamadas o WhatsApp).<\/p>\n<p style=\"text-align: justify;\">UGT seguir\u00e1 luchando por volver a negociar \u00a0estas medidas a lo largo de la vigencia de este plan de igualdad, ya que entendemos que s\u00ed responden a una necesidad real y que conseguir\u00edan ir eliminando los desequilibrios que se est\u00e1n dando, mejorando las condiciones laborales de las\/os trabajadoras\/es del Ayuntamiento de Santander.<\/p>\n<p>&nbsp;<\/p>\n","protected":false},"excerpt":{"rendered":"<p>UGT en un ejercicio de responsabilidad ha firmado hoy d\u00eda 31 de enero el I Plan de Igualdad del Ayuntamiento de Santander, pero critica la postura, tanto del Ayuntamiento de Santander, como de los otros sindicatos participantes, por no respaldar medidas que mejorar\u00edan sustancialmente los desequilibrios que se est\u00e1n dando entre los empleados y las [&hellip;]<\/p>\n","protected":false},"author":2,"featured_media":0,"comment_status":"closed","ping_status":"open","sticky":false,"template":"","format":"standard","meta":{"_exactmetrics_skip_tracking":false,"_exactmetrics_sitenote_active":false,"_exactmetrics_sitenote_note":"","_exactmetrics_sitenote_category":0,"_genesis_hide_title":false,"_genesis_hide_breadcrumbs":false,"_genesis_hide_singular_image":false,"_genesis_hide_footer_widgets":false,"_genesis_custom_body_class":"","_genesis_custom_post_class":"","_genesis_layout":"","footnotes":""},"categories":[53,54],"tags":[166],"class_list":{"0":"post-3532","1":"post","2":"type-post","3":"status-publish","4":"format-standard","6":"category-informate","7":"category-noticias","8":"tag-plan-igualdad","9":"entry"},"yoast_head":"<!-- This site is optimized with the Yoast SEO plugin v27.5 - https:\/\/yoast.com\/product\/yoast-seo-wordpress\/ -->\n<title>UGT en un ejercicio de responsabilidad ha firmado hoy d\u00eda 31 de enero el I Plan de Igualdad del Ayuntamiento de Santander. - UGT Ayuntamiento de Santander<\/title>\n<meta name=\"robots\" content=\"index, follow, max-snippet:-1, max-image-preview:large, max-video-preview:-1\" \/>\n<link rel=\"canonical\" href=\"https:\/\/ugtaytosantander.es\/portal\/ugt-en-un-ejercicio-de-responsabilidad-ha-firmado-hoy-dia-31-de-enero-el-i-plan-de-igualdad-del-ayuntamiento-de-santander\/\" \/>\n<meta property=\"og:locale\" content=\"es_ES\" \/>\n<meta property=\"og:type\" content=\"article\" \/>\n<meta property=\"og:title\" content=\"UGT en un ejercicio de responsabilidad ha firmado hoy d\u00eda 31 de enero el I Plan de Igualdad del Ayuntamiento de Santander. - UGT Ayuntamiento de Santander\" \/>\n<meta property=\"og:description\" content=\"UGT en un ejercicio de responsabilidad ha firmado hoy d\u00eda 31 de enero el I Plan de Igualdad del Ayuntamiento de Santander, pero critica la postura, tanto del Ayuntamiento de Santander, como de los otros sindicatos participantes, por no respaldar medidas que mejorar\u00edan sustancialmente los desequilibrios que se est\u00e1n dando entre los empleados y las [&hellip;]\" \/>\n<meta property=\"og:url\" content=\"https:\/\/ugtaytosantander.es\/portal\/ugt-en-un-ejercicio-de-responsabilidad-ha-firmado-hoy-dia-31-de-enero-el-i-plan-de-igualdad-del-ayuntamiento-de-santander\/\" \/>\n<meta property=\"og:site_name\" content=\"UGT Ayuntamiento de Santander\" \/>\n<meta property=\"article:published_time\" content=\"2023-01-31T19:13:07+00:00\" \/>\n<meta name=\"author\" content=\"Julio Barcena\" \/>\n<meta name=\"twitter:card\" content=\"summary_large_image\" \/>\n<meta name=\"twitter:label1\" content=\"Escrito por\" \/>\n\t<meta name=\"twitter:data1\" content=\"Julio Barcena\" \/>\n\t<meta name=\"twitter:label2\" content=\"Tiempo de lectura\" \/>\n\t<meta name=\"twitter:data2\" content=\"3 minutos\" \/>\n<script type=\"application\/ld+json\" class=\"yoast-schema-graph\">{\"@context\":\"https:\\\/\\\/schema.org\",\"@graph\":[{\"@type\":\"Article\",\"@id\":\"https:\\\/\\\/ugtaytosantander.es\\\/portal\\\/ugt-en-un-ejercicio-de-responsabilidad-ha-firmado-hoy-dia-31-de-enero-el-i-plan-de-igualdad-del-ayuntamiento-de-santander\\\/#article\",\"isPartOf\":{\"@id\":\"https:\\\/\\\/ugtaytosantander.es\\\/portal\\\/ugt-en-un-ejercicio-de-responsabilidad-ha-firmado-hoy-dia-31-de-enero-el-i-plan-de-igualdad-del-ayuntamiento-de-santander\\\/\"},\"author\":{\"name\":\"Julio Barcena\",\"@id\":\"https:\\\/\\\/ugtaytosantander.es\\\/portal\\\/#\\\/schema\\\/person\\\/ab095264bcbc15f126e32f8c4d53b250\"},\"headline\":\"UGT en un ejercicio de responsabilidad ha firmado hoy d\u00eda 31 de enero el I Plan de Igualdad del Ayuntamiento de Santander.\",\"datePublished\":\"2023-01-31T19:13:07+00:00\",\"mainEntityOfPage\":{\"@id\":\"https:\\\/\\\/ugtaytosantander.es\\\/portal\\\/ugt-en-un-ejercicio-de-responsabilidad-ha-firmado-hoy-dia-31-de-enero-el-i-plan-de-igualdad-del-ayuntamiento-de-santander\\\/\"},\"wordCount\":609,\"publisher\":{\"@id\":\"https:\\\/\\\/ugtaytosantander.es\\\/portal\\\/#organization\"},\"keywords\":[\"Plan Igualdad\"],\"articleSection\":[\"Informate\",\"Noticias\"],\"inLanguage\":\"es\"},{\"@type\":\"WebPage\",\"@id\":\"https:\\\/\\\/ugtaytosantander.es\\\/portal\\\/ugt-en-un-ejercicio-de-responsabilidad-ha-firmado-hoy-dia-31-de-enero-el-i-plan-de-igualdad-del-ayuntamiento-de-santander\\\/\",\"url\":\"https:\\\/\\\/ugtaytosantander.es\\\/portal\\\/ugt-en-un-ejercicio-de-responsabilidad-ha-firmado-hoy-dia-31-de-enero-el-i-plan-de-igualdad-del-ayuntamiento-de-santander\\\/\",\"name\":\"UGT en un ejercicio de responsabilidad ha firmado hoy d\u00eda 31 de enero el I Plan de Igualdad del Ayuntamiento de Santander. - UGT Ayuntamiento de Santander\",\"isPartOf\":{\"@id\":\"https:\\\/\\\/ugtaytosantander.es\\\/portal\\\/#website\"},\"datePublished\":\"2023-01-31T19:13:07+00:00\",\"breadcrumb\":{\"@id\":\"https:\\\/\\\/ugtaytosantander.es\\\/portal\\\/ugt-en-un-ejercicio-de-responsabilidad-ha-firmado-hoy-dia-31-de-enero-el-i-plan-de-igualdad-del-ayuntamiento-de-santander\\\/#breadcrumb\"},\"inLanguage\":\"es\",\"potentialAction\":[{\"@type\":\"ReadAction\",\"target\":[\"https:\\\/\\\/ugtaytosantander.es\\\/portal\\\/ugt-en-un-ejercicio-de-responsabilidad-ha-firmado-hoy-dia-31-de-enero-el-i-plan-de-igualdad-del-ayuntamiento-de-santander\\\/\"]}]},{\"@type\":\"BreadcrumbList\",\"@id\":\"https:\\\/\\\/ugtaytosantander.es\\\/portal\\\/ugt-en-un-ejercicio-de-responsabilidad-ha-firmado-hoy-dia-31-de-enero-el-i-plan-de-igualdad-del-ayuntamiento-de-santander\\\/#breadcrumb\",\"itemListElement\":[{\"@type\":\"ListItem\",\"position\":1,\"name\":\"Portada\",\"item\":\"https:\\\/\\\/ugtaytosantander.es\\\/portal\\\/\"},{\"@type\":\"ListItem\",\"position\":2,\"name\":\"UGT en un ejercicio de responsabilidad ha firmado hoy d\u00eda 31 de enero el I Plan de Igualdad del Ayuntamiento de Santander.\"}]},{\"@type\":\"WebSite\",\"@id\":\"https:\\\/\\\/ugtaytosantander.es\\\/portal\\\/#website\",\"url\":\"https:\\\/\\\/ugtaytosantander.es\\\/portal\\\/\",\"name\":\"UGT Ayuntamiento de Santander\",\"description\":\"Seccion Sindical UGT Ayto Santander\",\"publisher\":{\"@id\":\"https:\\\/\\\/ugtaytosantander.es\\\/portal\\\/#organization\"},\"potentialAction\":[{\"@type\":\"SearchAction\",\"target\":{\"@type\":\"EntryPoint\",\"urlTemplate\":\"https:\\\/\\\/ugtaytosantander.es\\\/portal\\\/?s={search_term_string}\"},\"query-input\":{\"@type\":\"PropertyValueSpecification\",\"valueRequired\":true,\"valueName\":\"search_term_string\"}}],\"inLanguage\":\"es\"},{\"@type\":\"Organization\",\"@id\":\"https:\\\/\\\/ugtaytosantander.es\\\/portal\\\/#organization\",\"name\":\"Secci\u00f3n Sindical de UGT del Ayuntamiento de Santander\",\"url\":\"https:\\\/\\\/ugtaytosantander.es\\\/portal\\\/\",\"logo\":{\"@type\":\"ImageObject\",\"inLanguage\":\"es\",\"@id\":\"https:\\\/\\\/ugtaytosantander.es\\\/portal\\\/#\\\/schema\\\/logo\\\/image\\\/\",\"url\":\"https:\\\/\\\/ugtaytosantander.es\\\/portal\\\/wp-content\\\/uploads\\\/2019\\\/03\\\/Logo-FESP200.png\",\"contentUrl\":\"https:\\\/\\\/ugtaytosantander.es\\\/portal\\\/wp-content\\\/uploads\\\/2019\\\/03\\\/Logo-FESP200.png\",\"width\":200,\"height\":123,\"caption\":\"Secci\u00f3n Sindical de UGT del Ayuntamiento de Santander\"},\"image\":{\"@id\":\"https:\\\/\\\/ugtaytosantander.es\\\/portal\\\/#\\\/schema\\\/logo\\\/image\\\/\"}},{\"@type\":\"Person\",\"@id\":\"https:\\\/\\\/ugtaytosantander.es\\\/portal\\\/#\\\/schema\\\/person\\\/ab095264bcbc15f126e32f8c4d53b250\",\"name\":\"Julio Barcena\",\"sameAs\":[\"http:\\\/\\\/ugtaytosantander.es\\\/portal\\\/\"],\"url\":\"https:\\\/\\\/ugtaytosantander.es\\\/portal\\\/author\\\/jbr1254\\\/\"}]}<\/script>\n<!-- \/ Yoast SEO plugin. -->","yoast_head_json":{"title":"UGT en un ejercicio de responsabilidad ha firmado hoy d\u00eda 31 de enero el I Plan de Igualdad del Ayuntamiento de Santander. - UGT Ayuntamiento de Santander","robots":{"index":"index","follow":"follow","max-snippet":"max-snippet:-1","max-image-preview":"max-image-preview:large","max-video-preview":"max-video-preview:-1"},"canonical":"https:\/\/ugtaytosantander.es\/portal\/ugt-en-un-ejercicio-de-responsabilidad-ha-firmado-hoy-dia-31-de-enero-el-i-plan-de-igualdad-del-ayuntamiento-de-santander\/","og_locale":"es_ES","og_type":"article","og_title":"UGT en un ejercicio de responsabilidad ha firmado hoy d\u00eda 31 de enero el I Plan de Igualdad del Ayuntamiento de Santander. - UGT Ayuntamiento de Santander","og_description":"UGT en un ejercicio de responsabilidad ha firmado hoy d\u00eda 31 de enero el I Plan de Igualdad del Ayuntamiento de Santander, pero critica la postura, tanto del Ayuntamiento de Santander, como de los otros sindicatos participantes, por no respaldar medidas que mejorar\u00edan sustancialmente los desequilibrios que se est\u00e1n dando entre los empleados y las [&hellip;]","og_url":"https:\/\/ugtaytosantander.es\/portal\/ugt-en-un-ejercicio-de-responsabilidad-ha-firmado-hoy-dia-31-de-enero-el-i-plan-de-igualdad-del-ayuntamiento-de-santander\/","og_site_name":"UGT Ayuntamiento de Santander","article_published_time":"2023-01-31T19:13:07+00:00","author":"Julio Barcena","twitter_card":"summary_large_image","twitter_misc":{"Escrito por":"Julio Barcena","Tiempo de lectura":"3 minutos"},"schema":{"@context":"https:\/\/schema.org","@graph":[{"@type":"Article","@id":"https:\/\/ugtaytosantander.es\/portal\/ugt-en-un-ejercicio-de-responsabilidad-ha-firmado-hoy-dia-31-de-enero-el-i-plan-de-igualdad-del-ayuntamiento-de-santander\/#article","isPartOf":{"@id":"https:\/\/ugtaytosantander.es\/portal\/ugt-en-un-ejercicio-de-responsabilidad-ha-firmado-hoy-dia-31-de-enero-el-i-plan-de-igualdad-del-ayuntamiento-de-santander\/"},"author":{"name":"Julio Barcena","@id":"https:\/\/ugtaytosantander.es\/portal\/#\/schema\/person\/ab095264bcbc15f126e32f8c4d53b250"},"headline":"UGT en un ejercicio de responsabilidad ha firmado hoy d\u00eda 31 de enero el I Plan de Igualdad del Ayuntamiento de Santander.","datePublished":"2023-01-31T19:13:07+00:00","mainEntityOfPage":{"@id":"https:\/\/ugtaytosantander.es\/portal\/ugt-en-un-ejercicio-de-responsabilidad-ha-firmado-hoy-dia-31-de-enero-el-i-plan-de-igualdad-del-ayuntamiento-de-santander\/"},"wordCount":609,"publisher":{"@id":"https:\/\/ugtaytosantander.es\/portal\/#organization"},"keywords":["Plan Igualdad"],"articleSection":["Informate","Noticias"],"inLanguage":"es"},{"@type":"WebPage","@id":"https:\/\/ugtaytosantander.es\/portal\/ugt-en-un-ejercicio-de-responsabilidad-ha-firmado-hoy-dia-31-de-enero-el-i-plan-de-igualdad-del-ayuntamiento-de-santander\/","url":"https:\/\/ugtaytosantander.es\/portal\/ugt-en-un-ejercicio-de-responsabilidad-ha-firmado-hoy-dia-31-de-enero-el-i-plan-de-igualdad-del-ayuntamiento-de-santander\/","name":"UGT en un ejercicio de responsabilidad ha firmado hoy d\u00eda 31 de enero el I Plan de Igualdad del Ayuntamiento de Santander. - UGT Ayuntamiento de Santander","isPartOf":{"@id":"https:\/\/ugtaytosantander.es\/portal\/#website"},"datePublished":"2023-01-31T19:13:07+00:00","breadcrumb":{"@id":"https:\/\/ugtaytosantander.es\/portal\/ugt-en-un-ejercicio-de-responsabilidad-ha-firmado-hoy-dia-31-de-enero-el-i-plan-de-igualdad-del-ayuntamiento-de-santander\/#breadcrumb"},"inLanguage":"es","potentialAction":[{"@type":"ReadAction","target":["https:\/\/ugtaytosantander.es\/portal\/ugt-en-un-ejercicio-de-responsabilidad-ha-firmado-hoy-dia-31-de-enero-el-i-plan-de-igualdad-del-ayuntamiento-de-santander\/"]}]},{"@type":"BreadcrumbList","@id":"https:\/\/ugtaytosantander.es\/portal\/ugt-en-un-ejercicio-de-responsabilidad-ha-firmado-hoy-dia-31-de-enero-el-i-plan-de-igualdad-del-ayuntamiento-de-santander\/#breadcrumb","itemListElement":[{"@type":"ListItem","position":1,"name":"Portada","item":"https:\/\/ugtaytosantander.es\/portal\/"},{"@type":"ListItem","position":2,"name":"UGT en un ejercicio de responsabilidad ha firmado hoy d\u00eda 31 de enero el I Plan de Igualdad del Ayuntamiento de Santander."}]},{"@type":"WebSite","@id":"https:\/\/ugtaytosantander.es\/portal\/#website","url":"https:\/\/ugtaytosantander.es\/portal\/","name":"UGT Ayuntamiento de Santander","description":"Seccion Sindical UGT Ayto Santander","publisher":{"@id":"https:\/\/ugtaytosantander.es\/portal\/#organization"},"potentialAction":[{"@type":"SearchAction","target":{"@type":"EntryPoint","urlTemplate":"https:\/\/ugtaytosantander.es\/portal\/?s={search_term_string}"},"query-input":{"@type":"PropertyValueSpecification","valueRequired":true,"valueName":"search_term_string"}}],"inLanguage":"es"},{"@type":"Organization","@id":"https:\/\/ugtaytosantander.es\/portal\/#organization","name":"Secci\u00f3n Sindical de UGT del Ayuntamiento de Santander","url":"https:\/\/ugtaytosantander.es\/portal\/","logo":{"@type":"ImageObject","inLanguage":"es","@id":"https:\/\/ugtaytosantander.es\/portal\/#\/schema\/logo\/image\/","url":"https:\/\/ugtaytosantander.es\/portal\/wp-content\/uploads\/2019\/03\/Logo-FESP200.png","contentUrl":"https:\/\/ugtaytosantander.es\/portal\/wp-content\/uploads\/2019\/03\/Logo-FESP200.png","width":200,"height":123,"caption":"Secci\u00f3n Sindical de UGT del Ayuntamiento de Santander"},"image":{"@id":"https:\/\/ugtaytosantander.es\/portal\/#\/schema\/logo\/image\/"}},{"@type":"Person","@id":"https:\/\/ugtaytosantander.es\/portal\/#\/schema\/person\/ab095264bcbc15f126e32f8c4d53b250","name":"Julio Barcena","sameAs":["http:\/\/ugtaytosantander.es\/portal\/"],"url":"https:\/\/ugtaytosantander.es\/portal\/author\/jbr1254\/"}]}},"publishpress_future_action":{"enabled":false,"date":"2026-05-10 13:44:35","action":"change-status","newStatus":"trash","terms":[],"taxonomy":"category","extraData":[]},"publishpress_future_workflow_manual_trigger":{"enabledWorkflows":[]},"_links":{"self":[{"href":"https:\/\/ugtaytosantander.es\/portal\/wp-json\/wp\/v2\/posts\/3532","targetHints":{"allow":["GET"]}}],"collection":[{"href":"https:\/\/ugtaytosantander.es\/portal\/wp-json\/wp\/v2\/posts"}],"about":[{"href":"https:\/\/ugtaytosantander.es\/portal\/wp-json\/wp\/v2\/types\/post"}],"author":[{"embeddable":true,"href":"https:\/\/ugtaytosantander.es\/portal\/wp-json\/wp\/v2\/users\/2"}],"replies":[{"embeddable":true,"href":"https:\/\/ugtaytosantander.es\/portal\/wp-json\/wp\/v2\/comments?post=3532"}],"version-history":[{"count":1,"href":"https:\/\/ugtaytosantander.es\/portal\/wp-json\/wp\/v2\/posts\/3532\/revisions"}],"predecessor-version":[{"id":3533,"href":"https:\/\/ugtaytosantander.es\/portal\/wp-json\/wp\/v2\/posts\/3532\/revisions\/3533"}],"wp:attachment":[{"href":"https:\/\/ugtaytosantander.es\/portal\/wp-json\/wp\/v2\/media?parent=3532"}],"wp:term":[{"taxonomy":"category","embeddable":true,"href":"https:\/\/ugtaytosantander.es\/portal\/wp-json\/wp\/v2\/categories?post=3532"},{"taxonomy":"post_tag","embeddable":true,"href":"https:\/\/ugtaytosantander.es\/portal\/wp-json\/wp\/v2\/tags?post=3532"}],"curies":[{"name":"wp","href":"https:\/\/api.w.org\/{rel}","templated":true}]}}