{"id":3557,"date":"2023-02-27T12:38:32","date_gmt":"2023-02-27T11:38:32","guid":{"rendered":"https:\/\/ugtaytosantander.es\/portal\/?p=3557"},"modified":"2023-02-27T15:59:15","modified_gmt":"2023-02-27T14:59:15","slug":"los-trabajadores-municipales-no-se-merecen-esta-precampana-electoral","status":"publish","type":"post","link":"https:\/\/ugtaytosantander.es\/portal\/los-trabajadores-municipales-no-se-merecen-esta-precampana-electoral\/","title":{"rendered":"Los trabajadores municipales no se merecen esta precampa\u00f1a electoral."},"content":{"rendered":"<p style=\"text-align: justify;\">Quienes no lo supierais con certeza, os habr\u00e9is imaginado que alguna explicaci\u00f3n ten\u00eda que tener tanto ruido, tanto comunicado y tanto amago de movilizaciones.<\/p>\n<p style=\"text-align: justify;\">La explicaci\u00f3n no es otra que <strong>las elecciones sindicales, que en el Ayuntamiento de Santander se celebrar\u00e1n el pr\u00f3ximo 29 de marzo de 2023<\/strong>. Las votaciones para la elecci\u00f3n de representantes del personal funcionario y del personal laboral ser\u00e1n de 9.00 a 16.30 horas en el Sal\u00f3n de Recepciones del Ayuntamiento de Santander.<\/p>\n<p style=\"text-align: justify;\"><a href=\"https:\/\/ugtaytosantander.es\/portal\/wp-content\/uploads\/2023\/02\/INFORMATE-27022023-1.pdf\">Accede al contenido completo del Informate.<\/a><\/p>\n","protected":false},"excerpt":{"rendered":"<p>Quienes no lo supierais con certeza, os habr\u00e9is imaginado que alguna explicaci\u00f3n ten\u00eda que tener tanto ruido, tanto comunicado y tanto amago de movilizaciones. La explicaci\u00f3n no es otra que las elecciones sindicales, que en el Ayuntamiento de Santander se celebrar\u00e1n el pr\u00f3ximo 29 de marzo de 2023. Las votaciones para la elecci\u00f3n de representantes [&hellip;]<\/p>\n","protected":false},"author":2,"featured_media":0,"comment_status":"closed","ping_status":"open","sticky":false,"template":"","format":"standard","meta":{"_exactmetrics_skip_tracking":false,"_exactmetrics_sitenote_active":false,"_exactmetrics_sitenote_note":"","_exactmetrics_sitenote_category":0,"_genesis_hide_title":false,"_genesis_hide_breadcrumbs":false,"_genesis_hide_singular_image":false,"_genesis_hide_footer_widgets":false,"_genesis_custom_body_class":"","_genesis_custom_post_class":"","_genesis_layout":"","footnotes":""},"categories":[53,54],"tags":[165],"class_list":{"0":"post-3557","1":"post","2":"type-post","3":"status-publish","4":"format-standard","6":"category-informate","7":"category-noticias","8":"tag-informate","9":"entry"},"yoast_head":"<!-- This site is optimized with the Yoast SEO plugin v27.5 - https:\/\/yoast.com\/product\/yoast-seo-wordpress\/ -->\n<title>Los trabajadores municipales no se merecen esta precampa\u00f1a electoral. - UGT Ayuntamiento de Santander<\/title>\n<meta name=\"robots\" content=\"index, follow, max-snippet:-1, max-image-preview:large, max-video-preview:-1\" \/>\n<link rel=\"canonical\" href=\"https:\/\/ugtaytosantander.es\/portal\/los-trabajadores-municipales-no-se-merecen-esta-precampana-electoral\/\" \/>\n<meta property=\"og:locale\" content=\"es_ES\" \/>\n<meta property=\"og:type\" content=\"article\" \/>\n<meta property=\"og:title\" content=\"Los trabajadores municipales no se merecen esta precampa\u00f1a electoral. - UGT Ayuntamiento de Santander\" \/>\n<meta property=\"og:description\" content=\"Quienes no lo supierais con certeza, os habr\u00e9is imaginado que alguna explicaci\u00f3n ten\u00eda que tener tanto ruido, tanto comunicado y tanto amago de movilizaciones. La explicaci\u00f3n no es otra que las elecciones sindicales, que en el Ayuntamiento de Santander se celebrar\u00e1n el pr\u00f3ximo 29 de marzo de 2023. Las votaciones para la elecci\u00f3n de representantes [&hellip;]\" \/>\n<meta property=\"og:url\" content=\"https:\/\/ugtaytosantander.es\/portal\/los-trabajadores-municipales-no-se-merecen-esta-precampana-electoral\/\" \/>\n<meta property=\"og:site_name\" content=\"UGT Ayuntamiento de Santander\" \/>\n<meta property=\"article:published_time\" content=\"2023-02-27T11:38:32+00:00\" \/>\n<meta property=\"article:modified_time\" content=\"2023-02-27T14:59:15+00:00\" \/>\n<meta name=\"author\" content=\"Julio Barcena\" \/>\n<meta name=\"twitter:card\" content=\"summary_large_image\" \/>\n<meta name=\"twitter:label1\" content=\"Escrito por\" \/>\n\t<meta name=\"twitter:data1\" content=\"Julio Barcena\" \/>\n\t<meta name=\"twitter:label2\" content=\"Tiempo de lectura\" \/>\n\t<meta name=\"twitter:data2\" content=\"1 minuto\" \/>\n<script type=\"application\/ld+json\" class=\"yoast-schema-graph\">{\"@context\":\"https:\\\/\\\/schema.org\",\"@graph\":[{\"@type\":\"Article\",\"@id\":\"https:\\\/\\\/ugtaytosantander.es\\\/portal\\\/los-trabajadores-municipales-no-se-merecen-esta-precampana-electoral\\\/#article\",\"isPartOf\":{\"@id\":\"https:\\\/\\\/ugtaytosantander.es\\\/portal\\\/los-trabajadores-municipales-no-se-merecen-esta-precampana-electoral\\\/\"},\"author\":{\"name\":\"Julio Barcena\",\"@id\":\"https:\\\/\\\/ugtaytosantander.es\\\/portal\\\/#\\\/schema\\\/person\\\/ab095264bcbc15f126e32f8c4d53b250\"},\"headline\":\"Los trabajadores municipales no se merecen esta precampa\u00f1a electoral.\",\"datePublished\":\"2023-02-27T11:38:32+00:00\",\"dateModified\":\"2023-02-27T14:59:15+00:00\",\"mainEntityOfPage\":{\"@id\":\"https:\\\/\\\/ugtaytosantander.es\\\/portal\\\/los-trabajadores-municipales-no-se-merecen-esta-precampana-electoral\\\/\"},\"wordCount\":98,\"publisher\":{\"@id\":\"https:\\\/\\\/ugtaytosantander.es\\\/portal\\\/#organization\"},\"keywords\":[\"INFORMATE\"],\"articleSection\":[\"Informate\",\"Noticias\"],\"inLanguage\":\"es\"},{\"@type\":\"WebPage\",\"@id\":\"https:\\\/\\\/ugtaytosantander.es\\\/portal\\\/los-trabajadores-municipales-no-se-merecen-esta-precampana-electoral\\\/\",\"url\":\"https:\\\/\\\/ugtaytosantander.es\\\/portal\\\/los-trabajadores-municipales-no-se-merecen-esta-precampana-electoral\\\/\",\"name\":\"Los trabajadores municipales no se merecen esta precampa\u00f1a electoral. - UGT Ayuntamiento de Santander\",\"isPartOf\":{\"@id\":\"https:\\\/\\\/ugtaytosantander.es\\\/portal\\\/#website\"},\"datePublished\":\"2023-02-27T11:38:32+00:00\",\"dateModified\":\"2023-02-27T14:59:15+00:00\",\"breadcrumb\":{\"@id\":\"https:\\\/\\\/ugtaytosantander.es\\\/portal\\\/los-trabajadores-municipales-no-se-merecen-esta-precampana-electoral\\\/#breadcrumb\"},\"inLanguage\":\"es\",\"potentialAction\":[{\"@type\":\"ReadAction\",\"target\":[\"https:\\\/\\\/ugtaytosantander.es\\\/portal\\\/los-trabajadores-municipales-no-se-merecen-esta-precampana-electoral\\\/\"]}]},{\"@type\":\"BreadcrumbList\",\"@id\":\"https:\\\/\\\/ugtaytosantander.es\\\/portal\\\/los-trabajadores-municipales-no-se-merecen-esta-precampana-electoral\\\/#breadcrumb\",\"itemListElement\":[{\"@type\":\"ListItem\",\"position\":1,\"name\":\"Portada\",\"item\":\"https:\\\/\\\/ugtaytosantander.es\\\/portal\\\/\"},{\"@type\":\"ListItem\",\"position\":2,\"name\":\"Los trabajadores municipales no se merecen esta precampa\u00f1a electoral.\"}]},{\"@type\":\"WebSite\",\"@id\":\"https:\\\/\\\/ugtaytosantander.es\\\/portal\\\/#website\",\"url\":\"https:\\\/\\\/ugtaytosantander.es\\\/portal\\\/\",\"name\":\"UGT Ayuntamiento de Santander\",\"description\":\"Seccion Sindical UGT Ayto Santander\",\"publisher\":{\"@id\":\"https:\\\/\\\/ugtaytosantander.es\\\/portal\\\/#organization\"},\"potentialAction\":[{\"@type\":\"SearchAction\",\"target\":{\"@type\":\"EntryPoint\",\"urlTemplate\":\"https:\\\/\\\/ugtaytosantander.es\\\/portal\\\/?s={search_term_string}\"},\"query-input\":{\"@type\":\"PropertyValueSpecification\",\"valueRequired\":true,\"valueName\":\"search_term_string\"}}],\"inLanguage\":\"es\"},{\"@type\":\"Organization\",\"@id\":\"https:\\\/\\\/ugtaytosantander.es\\\/portal\\\/#organization\",\"name\":\"Secci\u00f3n Sindical de UGT del Ayuntamiento de Santander\",\"url\":\"https:\\\/\\\/ugtaytosantander.es\\\/portal\\\/\",\"logo\":{\"@type\":\"ImageObject\",\"inLanguage\":\"es\",\"@id\":\"https:\\\/\\\/ugtaytosantander.es\\\/portal\\\/#\\\/schema\\\/logo\\\/image\\\/\",\"url\":\"https:\\\/\\\/ugtaytosantander.es\\\/portal\\\/wp-content\\\/uploads\\\/2019\\\/03\\\/Logo-FESP200.png\",\"contentUrl\":\"https:\\\/\\\/ugtaytosantander.es\\\/portal\\\/wp-content\\\/uploads\\\/2019\\\/03\\\/Logo-FESP200.png\",\"width\":200,\"height\":123,\"caption\":\"Secci\u00f3n Sindical de UGT del Ayuntamiento de Santander\"},\"image\":{\"@id\":\"https:\\\/\\\/ugtaytosantander.es\\\/portal\\\/#\\\/schema\\\/logo\\\/image\\\/\"}},{\"@type\":\"Person\",\"@id\":\"https:\\\/\\\/ugtaytosantander.es\\\/portal\\\/#\\\/schema\\\/person\\\/ab095264bcbc15f126e32f8c4d53b250\",\"name\":\"Julio Barcena\",\"sameAs\":[\"http:\\\/\\\/ugtaytosantander.es\\\/portal\\\/\"],\"url\":\"https:\\\/\\\/ugtaytosantander.es\\\/portal\\\/author\\\/jbr1254\\\/\"}]}<\/script>\n<!-- \/ Yoast SEO plugin. -->","yoast_head_json":{"title":"Los trabajadores municipales no se merecen esta precampa\u00f1a electoral. - UGT Ayuntamiento de Santander","robots":{"index":"index","follow":"follow","max-snippet":"max-snippet:-1","max-image-preview":"max-image-preview:large","max-video-preview":"max-video-preview:-1"},"canonical":"https:\/\/ugtaytosantander.es\/portal\/los-trabajadores-municipales-no-se-merecen-esta-precampana-electoral\/","og_locale":"es_ES","og_type":"article","og_title":"Los trabajadores municipales no se merecen esta precampa\u00f1a electoral. - UGT Ayuntamiento de Santander","og_description":"Quienes no lo supierais con certeza, os habr\u00e9is imaginado que alguna explicaci\u00f3n ten\u00eda que tener tanto ruido, tanto comunicado y tanto amago de movilizaciones. La explicaci\u00f3n no es otra que las elecciones sindicales, que en el Ayuntamiento de Santander se celebrar\u00e1n el pr\u00f3ximo 29 de marzo de 2023. Las votaciones para la elecci\u00f3n de representantes [&hellip;]","og_url":"https:\/\/ugtaytosantander.es\/portal\/los-trabajadores-municipales-no-se-merecen-esta-precampana-electoral\/","og_site_name":"UGT Ayuntamiento de Santander","article_published_time":"2023-02-27T11:38:32+00:00","article_modified_time":"2023-02-27T14:59:15+00:00","author":"Julio Barcena","twitter_card":"summary_large_image","twitter_misc":{"Escrito por":"Julio Barcena","Tiempo de lectura":"1 minuto"},"schema":{"@context":"https:\/\/schema.org","@graph":[{"@type":"Article","@id":"https:\/\/ugtaytosantander.es\/portal\/los-trabajadores-municipales-no-se-merecen-esta-precampana-electoral\/#article","isPartOf":{"@id":"https:\/\/ugtaytosantander.es\/portal\/los-trabajadores-municipales-no-se-merecen-esta-precampana-electoral\/"},"author":{"name":"Julio Barcena","@id":"https:\/\/ugtaytosantander.es\/portal\/#\/schema\/person\/ab095264bcbc15f126e32f8c4d53b250"},"headline":"Los trabajadores municipales no se merecen esta precampa\u00f1a electoral.","datePublished":"2023-02-27T11:38:32+00:00","dateModified":"2023-02-27T14:59:15+00:00","mainEntityOfPage":{"@id":"https:\/\/ugtaytosantander.es\/portal\/los-trabajadores-municipales-no-se-merecen-esta-precampana-electoral\/"},"wordCount":98,"publisher":{"@id":"https:\/\/ugtaytosantander.es\/portal\/#organization"},"keywords":["INFORMATE"],"articleSection":["Informate","Noticias"],"inLanguage":"es"},{"@type":"WebPage","@id":"https:\/\/ugtaytosantander.es\/portal\/los-trabajadores-municipales-no-se-merecen-esta-precampana-electoral\/","url":"https:\/\/ugtaytosantander.es\/portal\/los-trabajadores-municipales-no-se-merecen-esta-precampana-electoral\/","name":"Los trabajadores municipales no se merecen esta precampa\u00f1a electoral. - UGT Ayuntamiento de Santander","isPartOf":{"@id":"https:\/\/ugtaytosantander.es\/portal\/#website"},"datePublished":"2023-02-27T11:38:32+00:00","dateModified":"2023-02-27T14:59:15+00:00","breadcrumb":{"@id":"https:\/\/ugtaytosantander.es\/portal\/los-trabajadores-municipales-no-se-merecen-esta-precampana-electoral\/#breadcrumb"},"inLanguage":"es","potentialAction":[{"@type":"ReadAction","target":["https:\/\/ugtaytosantander.es\/portal\/los-trabajadores-municipales-no-se-merecen-esta-precampana-electoral\/"]}]},{"@type":"BreadcrumbList","@id":"https:\/\/ugtaytosantander.es\/portal\/los-trabajadores-municipales-no-se-merecen-esta-precampana-electoral\/#breadcrumb","itemListElement":[{"@type":"ListItem","position":1,"name":"Portada","item":"https:\/\/ugtaytosantander.es\/portal\/"},{"@type":"ListItem","position":2,"name":"Los trabajadores municipales no se merecen esta precampa\u00f1a electoral."}]},{"@type":"WebSite","@id":"https:\/\/ugtaytosantander.es\/portal\/#website","url":"https:\/\/ugtaytosantander.es\/portal\/","name":"UGT Ayuntamiento de Santander","description":"Seccion Sindical UGT Ayto Santander","publisher":{"@id":"https:\/\/ugtaytosantander.es\/portal\/#organization"},"potentialAction":[{"@type":"SearchAction","target":{"@type":"EntryPoint","urlTemplate":"https:\/\/ugtaytosantander.es\/portal\/?s={search_term_string}"},"query-input":{"@type":"PropertyValueSpecification","valueRequired":true,"valueName":"search_term_string"}}],"inLanguage":"es"},{"@type":"Organization","@id":"https:\/\/ugtaytosantander.es\/portal\/#organization","name":"Secci\u00f3n Sindical de UGT del Ayuntamiento de Santander","url":"https:\/\/ugtaytosantander.es\/portal\/","logo":{"@type":"ImageObject","inLanguage":"es","@id":"https:\/\/ugtaytosantander.es\/portal\/#\/schema\/logo\/image\/","url":"https:\/\/ugtaytosantander.es\/portal\/wp-content\/uploads\/2019\/03\/Logo-FESP200.png","contentUrl":"https:\/\/ugtaytosantander.es\/portal\/wp-content\/uploads\/2019\/03\/Logo-FESP200.png","width":200,"height":123,"caption":"Secci\u00f3n Sindical de UGT del Ayuntamiento de Santander"},"image":{"@id":"https:\/\/ugtaytosantander.es\/portal\/#\/schema\/logo\/image\/"}},{"@type":"Person","@id":"https:\/\/ugtaytosantander.es\/portal\/#\/schema\/person\/ab095264bcbc15f126e32f8c4d53b250","name":"Julio Barcena","sameAs":["http:\/\/ugtaytosantander.es\/portal\/"],"url":"https:\/\/ugtaytosantander.es\/portal\/author\/jbr1254\/"}]}},"publishpress_future_action":{"enabled":false,"date":"2026-05-06 17:41:18","action":"change-status","newStatus":"trash","terms":[],"taxonomy":"category","extraData":[]},"publishpress_future_workflow_manual_trigger":{"enabledWorkflows":[]},"_links":{"self":[{"href":"https:\/\/ugtaytosantander.es\/portal\/wp-json\/wp\/v2\/posts\/3557","targetHints":{"allow":["GET"]}}],"collection":[{"href":"https:\/\/ugtaytosantander.es\/portal\/wp-json\/wp\/v2\/posts"}],"about":[{"href":"https:\/\/ugtaytosantander.es\/portal\/wp-json\/wp\/v2\/types\/post"}],"author":[{"embeddable":true,"href":"https:\/\/ugtaytosantander.es\/portal\/wp-json\/wp\/v2\/users\/2"}],"replies":[{"embeddable":true,"href":"https:\/\/ugtaytosantander.es\/portal\/wp-json\/wp\/v2\/comments?post=3557"}],"version-history":[{"count":3,"href":"https:\/\/ugtaytosantander.es\/portal\/wp-json\/wp\/v2\/posts\/3557\/revisions"}],"predecessor-version":[{"id":3562,"href":"https:\/\/ugtaytosantander.es\/portal\/wp-json\/wp\/v2\/posts\/3557\/revisions\/3562"}],"wp:attachment":[{"href":"https:\/\/ugtaytosantander.es\/portal\/wp-json\/wp\/v2\/media?parent=3557"}],"wp:term":[{"taxonomy":"category","embeddable":true,"href":"https:\/\/ugtaytosantander.es\/portal\/wp-json\/wp\/v2\/categories?post=3557"},{"taxonomy":"post_tag","embeddable":true,"href":"https:\/\/ugtaytosantander.es\/portal\/wp-json\/wp\/v2\/tags?post=3557"}],"curies":[{"name":"wp","href":"https:\/\/api.w.org\/{rel}","templated":true}]}}