{"id":3608,"date":"2023-03-29T20:45:39","date_gmt":"2023-03-29T18:45:39","guid":{"rendered":"https:\/\/ugtaytosantander.es\/portal\/?p=3608"},"modified":"2023-03-29T20:58:35","modified_gmt":"2023-03-29T18:58:35","slug":"ugt-se-mantiene-como-sindicato-mas-representativo-en-el-ayuntamiento-de-santander","status":"publish","type":"post","link":"https:\/\/ugtaytosantander.es\/portal\/ugt-se-mantiene-como-sindicato-mas-representativo-en-el-ayuntamiento-de-santander\/","title":{"rendered":"UGT SE MANTIENE COMO SINDICATO M\u00c1S REPRESENTATIVO EN EL AYUNTAMIENTO DE SANTANDER."},"content":{"rendered":"<p>Hoy, 29 de marzo de 2023, se han celebrado las votaciones a los \u00f3rganos de representaci\u00f3n del personal laboral y del personal funcionario del Ayuntamiento de Santander.<\/p>\n<p><u>RESULTADOS COMIT\u00c9 DE EMPRESA<\/u><\/p>\n<p>Se eleg\u00edan 5 delegados\/as, 4 en el Colegio de T\u00e9cnicos y Administrativos que ha conseguido UGT y 1 en el Colegio de Especialistas y no cualificados que ha sido para CSIF.<\/p>\n<p><u>RESULTADOS JUNTA DE PERSONAL<\/u><\/p>\n<p>Se eleg\u00edan 21 delegados\/as. De un censo de 953 electores, se han emitido 713 votos, 699 v\u00e1lidos y 14 nulos, lo que supone un 74,81% de participaci\u00f3n.<\/p>\n<p>Con este resultado, la representatividad sindical en el Ayuntamiento de Santander queda de la siguiente manera:<\/p>\n<table>\n<tbody>\n<tr>\n<td width=\"115\">SINDICATO<\/td>\n<td width=\"115\">JUNTA PERSONAL<\/td>\n<td width=\"115\">COMIT\u00c9 DE EMPRESA<\/td>\n<td width=\"115\">TOTAL DE\u00a0 DELEGADOS<\/td>\n<td width=\"115\">\u00a0PORCENTAJE DE\u00a0 \u00a0REPRESENTACION<\/td>\n<\/tr>\n<tr>\n<td width=\"115\">UGT<\/td>\n<td width=\"115\">5<\/td>\n<td width=\"115\">4<\/td>\n<td width=\"115\">9<\/td>\n<td width=\"115\">34,61 %<\/td>\n<\/tr>\n<tr>\n<td width=\"115\">CSIF<\/td>\n<td width=\"115\">5<\/td>\n<td width=\"115\">1<\/td>\n<td width=\"115\">6<\/td>\n<td width=\"115\">23,07 %<\/td>\n<\/tr>\n<tr>\n<td width=\"115\">SIEP<\/td>\n<td width=\"115\">4<\/td>\n<td width=\"115\">0<\/td>\n<td width=\"115\">4<\/td>\n<td width=\"115\">15,38 %<\/td>\n<\/tr>\n<tr>\n<td width=\"115\">USO-APLB<\/td>\n<td width=\"115\">4<\/td>\n<td width=\"115\">0<\/td>\n<td width=\"115\">4<\/td>\n<td width=\"115\">15,38 %<\/td>\n<\/tr>\n<tr>\n<td width=\"115\">CCOO<\/td>\n<td width=\"115\">3<\/td>\n<td width=\"115\">0<\/td>\n<td width=\"115\">3<\/td>\n<td width=\"115\">11,53 %<\/td>\n<\/tr>\n<tr>\n<td width=\"115\">TOTAL<\/td>\n<td width=\"115\">21<\/td>\n<td width=\"115\">5<\/td>\n<td width=\"115\">26<\/td>\n<td width=\"115\">100 %<\/td>\n<\/tr>\n<\/tbody>\n<\/table>\n<p>OS AGRADECEMOS LA CONFIANZA QUE, UNA VEZ M\u00c1S, HAB\u00c9IS DEPOSITADO EN UGT.<\/p>\n<p>Seguiremos trabajando.<\/p>\n<p>\u00a1\u00a1\u00a1\u00a1UGT SIEMPRE JUNTO A LOS\/AS TRABAJADORES\/AS!!!<\/p>\n<p>&nbsp;<\/p>\n","protected":false},"excerpt":{"rendered":"<p>Hoy, 29 de marzo de 2023, se han celebrado las votaciones a los \u00f3rganos de representaci\u00f3n del personal laboral y del personal funcionario del Ayuntamiento de Santander. RESULTADOS COMIT\u00c9 DE EMPRESA Se eleg\u00edan 5 delegados\/as, 4 en el Colegio de T\u00e9cnicos y Administrativos que ha conseguido UGT y 1 en el Colegio de Especialistas y [&hellip;]<\/p>\n","protected":false},"author":2,"featured_media":0,"comment_status":"closed","ping_status":"open","sticky":false,"template":"","format":"standard","meta":{"_exactmetrics_skip_tracking":false,"_exactmetrics_sitenote_active":false,"_exactmetrics_sitenote_note":"","_exactmetrics_sitenote_category":0,"_genesis_hide_title":false,"_genesis_hide_breadcrumbs":false,"_genesis_hide_singular_image":false,"_genesis_hide_footer_widgets":false,"_genesis_custom_body_class":"","_genesis_custom_post_class":"","_genesis_layout":"","footnotes":""},"categories":[54],"tags":[168],"class_list":{"0":"post-3608","1":"post","2":"type-post","3":"status-publish","4":"format-standard","6":"category-noticias","7":"tag-elecciones-sindicales","8":"entry"},"yoast_head":"<!-- This site is optimized with the Yoast SEO plugin v27.5 - https:\/\/yoast.com\/product\/yoast-seo-wordpress\/ -->\n<title>UGT SE MANTIENE COMO SINDICATO M\u00c1S REPRESENTATIVO EN EL AYUNTAMIENTO DE SANTANDER. - UGT Ayuntamiento de Santander<\/title>\n<meta name=\"robots\" content=\"index, follow, max-snippet:-1, max-image-preview:large, max-video-preview:-1\" \/>\n<link rel=\"canonical\" href=\"https:\/\/ugtaytosantander.es\/portal\/ugt-se-mantiene-como-sindicato-mas-representativo-en-el-ayuntamiento-de-santander\/\" \/>\n<meta property=\"og:locale\" content=\"es_ES\" \/>\n<meta property=\"og:type\" content=\"article\" \/>\n<meta property=\"og:title\" content=\"UGT SE MANTIENE COMO SINDICATO M\u00c1S REPRESENTATIVO EN EL AYUNTAMIENTO DE SANTANDER. - UGT Ayuntamiento de Santander\" \/>\n<meta property=\"og:description\" content=\"Hoy, 29 de marzo de 2023, se han celebrado las votaciones a los \u00f3rganos de representaci\u00f3n del personal laboral y del personal funcionario del Ayuntamiento de Santander. RESULTADOS COMIT\u00c9 DE EMPRESA Se eleg\u00edan 5 delegados\/as, 4 en el Colegio de T\u00e9cnicos y Administrativos que ha conseguido UGT y 1 en el Colegio de Especialistas y [&hellip;]\" \/>\n<meta property=\"og:url\" content=\"https:\/\/ugtaytosantander.es\/portal\/ugt-se-mantiene-como-sindicato-mas-representativo-en-el-ayuntamiento-de-santander\/\" \/>\n<meta property=\"og:site_name\" content=\"UGT Ayuntamiento de Santander\" \/>\n<meta property=\"article:published_time\" content=\"2023-03-29T18:45:39+00:00\" \/>\n<meta property=\"article:modified_time\" content=\"2023-03-29T18:58:35+00:00\" \/>\n<meta name=\"author\" content=\"Julio Barcena\" \/>\n<meta name=\"twitter:card\" content=\"summary_large_image\" \/>\n<meta name=\"twitter:label1\" content=\"Escrito por\" \/>\n\t<meta name=\"twitter:data1\" content=\"Julio Barcena\" \/>\n\t<meta name=\"twitter:label2\" content=\"Tiempo de lectura\" \/>\n\t<meta name=\"twitter:data2\" content=\"1 minuto\" \/>\n<script type=\"application\/ld+json\" class=\"yoast-schema-graph\">{\"@context\":\"https:\\\/\\\/schema.org\",\"@graph\":[{\"@type\":\"Article\",\"@id\":\"https:\\\/\\\/ugtaytosantander.es\\\/portal\\\/ugt-se-mantiene-como-sindicato-mas-representativo-en-el-ayuntamiento-de-santander\\\/#article\",\"isPartOf\":{\"@id\":\"https:\\\/\\\/ugtaytosantander.es\\\/portal\\\/ugt-se-mantiene-como-sindicato-mas-representativo-en-el-ayuntamiento-de-santander\\\/\"},\"author\":{\"name\":\"Julio Barcena\",\"@id\":\"https:\\\/\\\/ugtaytosantander.es\\\/portal\\\/#\\\/schema\\\/person\\\/ab095264bcbc15f126e32f8c4d53b250\"},\"headline\":\"UGT SE MANTIENE COMO SINDICATO M\u00c1S REPRESENTATIVO EN EL AYUNTAMIENTO DE SANTANDER.\",\"datePublished\":\"2023-03-29T18:45:39+00:00\",\"dateModified\":\"2023-03-29T18:58:35+00:00\",\"mainEntityOfPage\":{\"@id\":\"https:\\\/\\\/ugtaytosantander.es\\\/portal\\\/ugt-se-mantiene-como-sindicato-mas-representativo-en-el-ayuntamiento-de-santander\\\/\"},\"wordCount\":162,\"publisher\":{\"@id\":\"https:\\\/\\\/ugtaytosantander.es\\\/portal\\\/#organization\"},\"keywords\":[\"elecciones sindicales\"],\"articleSection\":[\"Noticias\"],\"inLanguage\":\"es\"},{\"@type\":\"WebPage\",\"@id\":\"https:\\\/\\\/ugtaytosantander.es\\\/portal\\\/ugt-se-mantiene-como-sindicato-mas-representativo-en-el-ayuntamiento-de-santander\\\/\",\"url\":\"https:\\\/\\\/ugtaytosantander.es\\\/portal\\\/ugt-se-mantiene-como-sindicato-mas-representativo-en-el-ayuntamiento-de-santander\\\/\",\"name\":\"UGT SE MANTIENE COMO SINDICATO M\u00c1S REPRESENTATIVO EN EL AYUNTAMIENTO DE SANTANDER. - UGT Ayuntamiento de Santander\",\"isPartOf\":{\"@id\":\"https:\\\/\\\/ugtaytosantander.es\\\/portal\\\/#website\"},\"datePublished\":\"2023-03-29T18:45:39+00:00\",\"dateModified\":\"2023-03-29T18:58:35+00:00\",\"breadcrumb\":{\"@id\":\"https:\\\/\\\/ugtaytosantander.es\\\/portal\\\/ugt-se-mantiene-como-sindicato-mas-representativo-en-el-ayuntamiento-de-santander\\\/#breadcrumb\"},\"inLanguage\":\"es\",\"potentialAction\":[{\"@type\":\"ReadAction\",\"target\":[\"https:\\\/\\\/ugtaytosantander.es\\\/portal\\\/ugt-se-mantiene-como-sindicato-mas-representativo-en-el-ayuntamiento-de-santander\\\/\"]}]},{\"@type\":\"BreadcrumbList\",\"@id\":\"https:\\\/\\\/ugtaytosantander.es\\\/portal\\\/ugt-se-mantiene-como-sindicato-mas-representativo-en-el-ayuntamiento-de-santander\\\/#breadcrumb\",\"itemListElement\":[{\"@type\":\"ListItem\",\"position\":1,\"name\":\"Portada\",\"item\":\"https:\\\/\\\/ugtaytosantander.es\\\/portal\\\/\"},{\"@type\":\"ListItem\",\"position\":2,\"name\":\"UGT SE MANTIENE COMO SINDICATO M\u00c1S REPRESENTATIVO EN EL AYUNTAMIENTO DE SANTANDER.\"}]},{\"@type\":\"WebSite\",\"@id\":\"https:\\\/\\\/ugtaytosantander.es\\\/portal\\\/#website\",\"url\":\"https:\\\/\\\/ugtaytosantander.es\\\/portal\\\/\",\"name\":\"UGT Ayuntamiento de Santander\",\"description\":\"Seccion Sindical UGT Ayto Santander\",\"publisher\":{\"@id\":\"https:\\\/\\\/ugtaytosantander.es\\\/portal\\\/#organization\"},\"potentialAction\":[{\"@type\":\"SearchAction\",\"target\":{\"@type\":\"EntryPoint\",\"urlTemplate\":\"https:\\\/\\\/ugtaytosantander.es\\\/portal\\\/?s={search_term_string}\"},\"query-input\":{\"@type\":\"PropertyValueSpecification\",\"valueRequired\":true,\"valueName\":\"search_term_string\"}}],\"inLanguage\":\"es\"},{\"@type\":\"Organization\",\"@id\":\"https:\\\/\\\/ugtaytosantander.es\\\/portal\\\/#organization\",\"name\":\"Secci\u00f3n Sindical de UGT del Ayuntamiento de Santander\",\"url\":\"https:\\\/\\\/ugtaytosantander.es\\\/portal\\\/\",\"logo\":{\"@type\":\"ImageObject\",\"inLanguage\":\"es\",\"@id\":\"https:\\\/\\\/ugtaytosantander.es\\\/portal\\\/#\\\/schema\\\/logo\\\/image\\\/\",\"url\":\"https:\\\/\\\/ugtaytosantander.es\\\/portal\\\/wp-content\\\/uploads\\\/2019\\\/03\\\/Logo-FESP200.png\",\"contentUrl\":\"https:\\\/\\\/ugtaytosantander.es\\\/portal\\\/wp-content\\\/uploads\\\/2019\\\/03\\\/Logo-FESP200.png\",\"width\":200,\"height\":123,\"caption\":\"Secci\u00f3n Sindical de UGT del Ayuntamiento de Santander\"},\"image\":{\"@id\":\"https:\\\/\\\/ugtaytosantander.es\\\/portal\\\/#\\\/schema\\\/logo\\\/image\\\/\"}},{\"@type\":\"Person\",\"@id\":\"https:\\\/\\\/ugtaytosantander.es\\\/portal\\\/#\\\/schema\\\/person\\\/ab095264bcbc15f126e32f8c4d53b250\",\"name\":\"Julio Barcena\",\"sameAs\":[\"http:\\\/\\\/ugtaytosantander.es\\\/portal\\\/\"],\"url\":\"https:\\\/\\\/ugtaytosantander.es\\\/portal\\\/author\\\/jbr1254\\\/\"}]}<\/script>\n<!-- \/ Yoast SEO plugin. -->","yoast_head_json":{"title":"UGT SE MANTIENE COMO SINDICATO M\u00c1S REPRESENTATIVO EN EL AYUNTAMIENTO DE SANTANDER. - UGT Ayuntamiento de Santander","robots":{"index":"index","follow":"follow","max-snippet":"max-snippet:-1","max-image-preview":"max-image-preview:large","max-video-preview":"max-video-preview:-1"},"canonical":"https:\/\/ugtaytosantander.es\/portal\/ugt-se-mantiene-como-sindicato-mas-representativo-en-el-ayuntamiento-de-santander\/","og_locale":"es_ES","og_type":"article","og_title":"UGT SE MANTIENE COMO SINDICATO M\u00c1S REPRESENTATIVO EN EL AYUNTAMIENTO DE SANTANDER. - UGT Ayuntamiento de Santander","og_description":"Hoy, 29 de marzo de 2023, se han celebrado las votaciones a los \u00f3rganos de representaci\u00f3n del personal laboral y del personal funcionario del Ayuntamiento de Santander. RESULTADOS COMIT\u00c9 DE EMPRESA Se eleg\u00edan 5 delegados\/as, 4 en el Colegio de T\u00e9cnicos y Administrativos que ha conseguido UGT y 1 en el Colegio de Especialistas y [&hellip;]","og_url":"https:\/\/ugtaytosantander.es\/portal\/ugt-se-mantiene-como-sindicato-mas-representativo-en-el-ayuntamiento-de-santander\/","og_site_name":"UGT Ayuntamiento de Santander","article_published_time":"2023-03-29T18:45:39+00:00","article_modified_time":"2023-03-29T18:58:35+00:00","author":"Julio Barcena","twitter_card":"summary_large_image","twitter_misc":{"Escrito por":"Julio Barcena","Tiempo de lectura":"1 minuto"},"schema":{"@context":"https:\/\/schema.org","@graph":[{"@type":"Article","@id":"https:\/\/ugtaytosantander.es\/portal\/ugt-se-mantiene-como-sindicato-mas-representativo-en-el-ayuntamiento-de-santander\/#article","isPartOf":{"@id":"https:\/\/ugtaytosantander.es\/portal\/ugt-se-mantiene-como-sindicato-mas-representativo-en-el-ayuntamiento-de-santander\/"},"author":{"name":"Julio Barcena","@id":"https:\/\/ugtaytosantander.es\/portal\/#\/schema\/person\/ab095264bcbc15f126e32f8c4d53b250"},"headline":"UGT SE MANTIENE COMO SINDICATO M\u00c1S REPRESENTATIVO EN EL AYUNTAMIENTO DE SANTANDER.","datePublished":"2023-03-29T18:45:39+00:00","dateModified":"2023-03-29T18:58:35+00:00","mainEntityOfPage":{"@id":"https:\/\/ugtaytosantander.es\/portal\/ugt-se-mantiene-como-sindicato-mas-representativo-en-el-ayuntamiento-de-santander\/"},"wordCount":162,"publisher":{"@id":"https:\/\/ugtaytosantander.es\/portal\/#organization"},"keywords":["elecciones sindicales"],"articleSection":["Noticias"],"inLanguage":"es"},{"@type":"WebPage","@id":"https:\/\/ugtaytosantander.es\/portal\/ugt-se-mantiene-como-sindicato-mas-representativo-en-el-ayuntamiento-de-santander\/","url":"https:\/\/ugtaytosantander.es\/portal\/ugt-se-mantiene-como-sindicato-mas-representativo-en-el-ayuntamiento-de-santander\/","name":"UGT SE MANTIENE COMO SINDICATO M\u00c1S REPRESENTATIVO EN EL AYUNTAMIENTO DE SANTANDER. - UGT Ayuntamiento de Santander","isPartOf":{"@id":"https:\/\/ugtaytosantander.es\/portal\/#website"},"datePublished":"2023-03-29T18:45:39+00:00","dateModified":"2023-03-29T18:58:35+00:00","breadcrumb":{"@id":"https:\/\/ugtaytosantander.es\/portal\/ugt-se-mantiene-como-sindicato-mas-representativo-en-el-ayuntamiento-de-santander\/#breadcrumb"},"inLanguage":"es","potentialAction":[{"@type":"ReadAction","target":["https:\/\/ugtaytosantander.es\/portal\/ugt-se-mantiene-como-sindicato-mas-representativo-en-el-ayuntamiento-de-santander\/"]}]},{"@type":"BreadcrumbList","@id":"https:\/\/ugtaytosantander.es\/portal\/ugt-se-mantiene-como-sindicato-mas-representativo-en-el-ayuntamiento-de-santander\/#breadcrumb","itemListElement":[{"@type":"ListItem","position":1,"name":"Portada","item":"https:\/\/ugtaytosantander.es\/portal\/"},{"@type":"ListItem","position":2,"name":"UGT SE MANTIENE COMO SINDICATO M\u00c1S REPRESENTATIVO EN EL AYUNTAMIENTO DE SANTANDER."}]},{"@type":"WebSite","@id":"https:\/\/ugtaytosantander.es\/portal\/#website","url":"https:\/\/ugtaytosantander.es\/portal\/","name":"UGT Ayuntamiento de Santander","description":"Seccion Sindical UGT Ayto Santander","publisher":{"@id":"https:\/\/ugtaytosantander.es\/portal\/#organization"},"potentialAction":[{"@type":"SearchAction","target":{"@type":"EntryPoint","urlTemplate":"https:\/\/ugtaytosantander.es\/portal\/?s={search_term_string}"},"query-input":{"@type":"PropertyValueSpecification","valueRequired":true,"valueName":"search_term_string"}}],"inLanguage":"es"},{"@type":"Organization","@id":"https:\/\/ugtaytosantander.es\/portal\/#organization","name":"Secci\u00f3n Sindical de UGT del Ayuntamiento de Santander","url":"https:\/\/ugtaytosantander.es\/portal\/","logo":{"@type":"ImageObject","inLanguage":"es","@id":"https:\/\/ugtaytosantander.es\/portal\/#\/schema\/logo\/image\/","url":"https:\/\/ugtaytosantander.es\/portal\/wp-content\/uploads\/2019\/03\/Logo-FESP200.png","contentUrl":"https:\/\/ugtaytosantander.es\/portal\/wp-content\/uploads\/2019\/03\/Logo-FESP200.png","width":200,"height":123,"caption":"Secci\u00f3n Sindical de UGT del Ayuntamiento de Santander"},"image":{"@id":"https:\/\/ugtaytosantander.es\/portal\/#\/schema\/logo\/image\/"}},{"@type":"Person","@id":"https:\/\/ugtaytosantander.es\/portal\/#\/schema\/person\/ab095264bcbc15f126e32f8c4d53b250","name":"Julio Barcena","sameAs":["http:\/\/ugtaytosantander.es\/portal\/"],"url":"https:\/\/ugtaytosantander.es\/portal\/author\/jbr1254\/"}]}},"publishpress_future_action":{"enabled":false,"date":"2026-05-10 10:33:04","action":"change-status","newStatus":"trash","terms":[],"taxonomy":"category","extraData":[]},"publishpress_future_workflow_manual_trigger":{"enabledWorkflows":[]},"_links":{"self":[{"href":"https:\/\/ugtaytosantander.es\/portal\/wp-json\/wp\/v2\/posts\/3608","targetHints":{"allow":["GET"]}}],"collection":[{"href":"https:\/\/ugtaytosantander.es\/portal\/wp-json\/wp\/v2\/posts"}],"about":[{"href":"https:\/\/ugtaytosantander.es\/portal\/wp-json\/wp\/v2\/types\/post"}],"author":[{"embeddable":true,"href":"https:\/\/ugtaytosantander.es\/portal\/wp-json\/wp\/v2\/users\/2"}],"replies":[{"embeddable":true,"href":"https:\/\/ugtaytosantander.es\/portal\/wp-json\/wp\/v2\/comments?post=3608"}],"version-history":[{"count":5,"href":"https:\/\/ugtaytosantander.es\/portal\/wp-json\/wp\/v2\/posts\/3608\/revisions"}],"predecessor-version":[{"id":3613,"href":"https:\/\/ugtaytosantander.es\/portal\/wp-json\/wp\/v2\/posts\/3608\/revisions\/3613"}],"wp:attachment":[{"href":"https:\/\/ugtaytosantander.es\/portal\/wp-json\/wp\/v2\/media?parent=3608"}],"wp:term":[{"taxonomy":"category","embeddable":true,"href":"https:\/\/ugtaytosantander.es\/portal\/wp-json\/wp\/v2\/categories?post=3608"},{"taxonomy":"post_tag","embeddable":true,"href":"https:\/\/ugtaytosantander.es\/portal\/wp-json\/wp\/v2\/tags?post=3608"}],"curies":[{"name":"wp","href":"https:\/\/api.w.org\/{rel}","templated":true}]}}