{"id":3656,"date":"2023-05-09T13:03:22","date_gmt":"2023-05-09T11:03:22","guid":{"rendered":"https:\/\/ugtaytosantander.es\/portal\/?p=3656"},"modified":"2023-05-09T13:15:11","modified_gmt":"2023-05-09T11:15:11","slug":"casa-consistorial-ribalagyua-y-la-paz-tras-la-solicitud-de-ugt-se-inicia-la-formacion-de-los-equipos-de-emergencia-y-evacuacion","status":"publish","type":"post","link":"https:\/\/ugtaytosantander.es\/portal\/casa-consistorial-ribalagyua-y-la-paz-tras-la-solicitud-de-ugt-se-inicia-la-formacion-de-los-equipos-de-emergencia-y-evacuacion\/","title":{"rendered":"CASA CONSISTORIAL, RIBALAYGUA Y LA PAZ. TRAS SOLICITUD DE UGT SE INICIA LA FORMACI\u00d3N DE LOS EQUIPOS DE EMERGENCIA Y EVACUACI\u00d3N"},"content":{"rendered":"<p><img decoding=\"async\" src=\"https:\/\/ugtaytosantander.es\/portal\/wp-content\/uploads\/2023\/05\/IMG-20230509-WA0016.jpg\" \/><\/p>\n<p>Tras las <strong>solicitudes efectuadas desde UGT<\/strong>, en el seno del COMIT\u00c9 DE SEGURIDAD Y SALUD, de puesta en marcha y actualizaci\u00f3n de los Planes de Emergencia y Evacuaci\u00f3n, finalmente nuestra petici\u00f3n se manifiesta en actuaciones concretas. Hoy d\u00eda 9 de mayo, se han iniciado las jornadas formativas te\u00f3rico-pr\u00e1cticas para los compa\u00f1eros integrantes de los equipos de emergencia y evacuaci\u00f3n..<\/p>\n<p>Estas formaciones se est\u00e1n realizando en las dependencias de Bomberos, siendo impartidas por parte del personal t\u00e9cnico del S.P.P.M. con la colaboraci\u00f3n del Servicio de Extinci\u00f3n de Incendios y Salvamento, para los Edificios La Paz, Ribalaygua y Casa Consistorial.<\/p>\n<p>Os seguiremos informando ya que la SEGURIDAD Y SALUD de la plantilla municipal es uno de nuestros pilares de trabajo sindical.<\/p>\n<p><img decoding=\"async\" src=\"https:\/\/ugtaytosantander.es\/portal\/wp-content\/uploads\/2023\/05\/IMG-20230509-WA0017.jpg\" \/><\/p>\n<p>&nbsp;<\/p>\n<p>&nbsp;<\/p>\n","protected":false},"excerpt":{"rendered":"<p>Tras las solicitudes efectuadas desde UGT, en el seno del COMIT\u00c9 DE SEGURIDAD Y SALUD, de puesta en marcha y actualizaci\u00f3n de los Planes de Emergencia y Evacuaci\u00f3n, finalmente nuestra petici\u00f3n se manifiesta en actuaciones concretas. Hoy d\u00eda 9 de mayo, se han iniciado las jornadas formativas te\u00f3rico-pr\u00e1cticas para los compa\u00f1eros integrantes de los equipos [&hellip;]<\/p>\n","protected":false},"author":8,"featured_media":0,"comment_status":"closed","ping_status":"open","sticky":false,"template":"","format":"standard","meta":{"_exactmetrics_skip_tracking":false,"_exactmetrics_sitenote_active":false,"_exactmetrics_sitenote_note":"","_exactmetrics_sitenote_category":0,"_genesis_hide_title":false,"_genesis_hide_breadcrumbs":false,"_genesis_hide_singular_image":false,"_genesis_hide_footer_widgets":false,"_genesis_custom_body_class":"","_genesis_custom_post_class":"","_genesis_layout":"","footnotes":""},"categories":[71,64,56,67,54,65],"tags":[],"class_list":{"0":"post-3656","1":"post","2":"type-post","3":"status-publish","4":"format-standard","6":"category-comite-seguridad-y-salud-laboral","7":"category-formacion","8":"category-funcionarios","9":"category-archivo-historico","10":"category-noticias","11":"category-presencial","12":"entry","13":"has-post-thumbnail"},"yoast_head":"<!-- This site is optimized with the Yoast SEO plugin v27.5 - https:\/\/yoast.com\/product\/yoast-seo-wordpress\/ -->\n<title>CASA CONSISTORIAL, RIBALAYGUA Y LA PAZ. TRAS SOLICITUD DE UGT SE INICIA LA FORMACI\u00d3N DE LOS EQUIPOS DE EMERGENCIA Y EVACUACI\u00d3N - UGT Ayuntamiento de Santander<\/title>\n<meta name=\"robots\" content=\"index, follow, max-snippet:-1, max-image-preview:large, max-video-preview:-1\" \/>\n<link rel=\"canonical\" href=\"https:\/\/ugtaytosantander.es\/portal\/casa-consistorial-ribalagyua-y-la-paz-tras-la-solicitud-de-ugt-se-inicia-la-formacion-de-los-equipos-de-emergencia-y-evacuacion\/\" \/>\n<meta property=\"og:locale\" content=\"es_ES\" \/>\n<meta property=\"og:type\" content=\"article\" \/>\n<meta property=\"og:title\" content=\"CASA CONSISTORIAL, RIBALAYGUA Y LA PAZ. TRAS SOLICITUD DE UGT SE INICIA LA FORMACI\u00d3N DE LOS EQUIPOS DE EMERGENCIA Y EVACUACI\u00d3N - UGT Ayuntamiento de Santander\" \/>\n<meta property=\"og:description\" content=\"Tras las solicitudes efectuadas desde UGT, en el seno del COMIT\u00c9 DE SEGURIDAD Y SALUD, de puesta en marcha y actualizaci\u00f3n de los Planes de Emergencia y Evacuaci\u00f3n, finalmente nuestra petici\u00f3n se manifiesta en actuaciones concretas. Hoy d\u00eda 9 de mayo, se han iniciado las jornadas formativas te\u00f3rico-pr\u00e1cticas para los compa\u00f1eros integrantes de los equipos [&hellip;]\" \/>\n<meta property=\"og:url\" content=\"https:\/\/ugtaytosantander.es\/portal\/casa-consistorial-ribalagyua-y-la-paz-tras-la-solicitud-de-ugt-se-inicia-la-formacion-de-los-equipos-de-emergencia-y-evacuacion\/\" \/>\n<meta property=\"og:site_name\" content=\"UGT Ayuntamiento de Santander\" \/>\n<meta property=\"article:published_time\" content=\"2023-05-09T11:03:22+00:00\" \/>\n<meta property=\"article:modified_time\" content=\"2023-05-09T11:15:11+00:00\" \/>\n<meta property=\"og:image\" content=\"https:\/\/ugtaytosantander.es\/portal\/wp-content\/uploads\/2023\/05\/IMG-20230509-WA0016.jpg\" \/>\n<meta name=\"author\" content=\"Ricardo Garcia Pardo\" \/>\n<meta name=\"twitter:card\" content=\"summary_large_image\" \/>\n<meta name=\"twitter:label1\" content=\"Escrito por\" \/>\n\t<meta name=\"twitter:data1\" content=\"Ricardo Garcia Pardo\" \/>\n\t<meta name=\"twitter:label2\" content=\"Tiempo de lectura\" \/>\n\t<meta name=\"twitter:data2\" content=\"1 minuto\" \/>\n<script type=\"application\/ld+json\" class=\"yoast-schema-graph\">{\"@context\":\"https:\\\/\\\/schema.org\",\"@graph\":[{\"@type\":\"Article\",\"@id\":\"https:\\\/\\\/ugtaytosantander.es\\\/portal\\\/casa-consistorial-ribalagyua-y-la-paz-tras-la-solicitud-de-ugt-se-inicia-la-formacion-de-los-equipos-de-emergencia-y-evacuacion\\\/#article\",\"isPartOf\":{\"@id\":\"https:\\\/\\\/ugtaytosantander.es\\\/portal\\\/casa-consistorial-ribalagyua-y-la-paz-tras-la-solicitud-de-ugt-se-inicia-la-formacion-de-los-equipos-de-emergencia-y-evacuacion\\\/\"},\"author\":{\"name\":\"Ricardo Garcia Pardo\",\"@id\":\"https:\\\/\\\/ugtaytosantander.es\\\/portal\\\/#\\\/schema\\\/person\\\/ff5d6b0ad70c04f17d8981e1a397ff21\"},\"headline\":\"CASA CONSISTORIAL, RIBALAYGUA Y LA PAZ. TRAS SOLICITUD DE UGT SE INICIA LA FORMACI\u00d3N DE LOS EQUIPOS DE EMERGENCIA Y EVACUACI\u00d3N\",\"datePublished\":\"2023-05-09T11:03:22+00:00\",\"dateModified\":\"2023-05-09T11:15:11+00:00\",\"mainEntityOfPage\":{\"@id\":\"https:\\\/\\\/ugtaytosantander.es\\\/portal\\\/casa-consistorial-ribalagyua-y-la-paz-tras-la-solicitud-de-ugt-se-inicia-la-formacion-de-los-equipos-de-emergencia-y-evacuacion\\\/\"},\"wordCount\":158,\"publisher\":{\"@id\":\"https:\\\/\\\/ugtaytosantander.es\\\/portal\\\/#organization\"},\"image\":{\"@id\":\"https:\\\/\\\/ugtaytosantander.es\\\/portal\\\/casa-consistorial-ribalagyua-y-la-paz-tras-la-solicitud-de-ugt-se-inicia-la-formacion-de-los-equipos-de-emergencia-y-evacuacion\\\/#primaryimage\"},\"thumbnailUrl\":\"https:\\\/\\\/ugtaytosantander.es\\\/portal\\\/wp-content\\\/uploads\\\/2023\\\/05\\\/IMG-20230509-WA0016.jpg\",\"articleSection\":[\"Comite Seguridad y Salud Laboral\",\"Formaci\u00f3n\",\"Funcionarios\",\"Hist\u00f3rico\",\"Noticias\",\"Presencial\"],\"inLanguage\":\"es\"},{\"@type\":\"WebPage\",\"@id\":\"https:\\\/\\\/ugtaytosantander.es\\\/portal\\\/casa-consistorial-ribalagyua-y-la-paz-tras-la-solicitud-de-ugt-se-inicia-la-formacion-de-los-equipos-de-emergencia-y-evacuacion\\\/\",\"url\":\"https:\\\/\\\/ugtaytosantander.es\\\/portal\\\/casa-consistorial-ribalagyua-y-la-paz-tras-la-solicitud-de-ugt-se-inicia-la-formacion-de-los-equipos-de-emergencia-y-evacuacion\\\/\",\"name\":\"CASA CONSISTORIAL, RIBALAYGUA Y LA PAZ. TRAS SOLICITUD DE UGT SE INICIA LA FORMACI\u00d3N DE LOS EQUIPOS DE EMERGENCIA Y EVACUACI\u00d3N - UGT Ayuntamiento de Santander\",\"isPartOf\":{\"@id\":\"https:\\\/\\\/ugtaytosantander.es\\\/portal\\\/#website\"},\"primaryImageOfPage\":{\"@id\":\"https:\\\/\\\/ugtaytosantander.es\\\/portal\\\/casa-consistorial-ribalagyua-y-la-paz-tras-la-solicitud-de-ugt-se-inicia-la-formacion-de-los-equipos-de-emergencia-y-evacuacion\\\/#primaryimage\"},\"image\":{\"@id\":\"https:\\\/\\\/ugtaytosantander.es\\\/portal\\\/casa-consistorial-ribalagyua-y-la-paz-tras-la-solicitud-de-ugt-se-inicia-la-formacion-de-los-equipos-de-emergencia-y-evacuacion\\\/#primaryimage\"},\"thumbnailUrl\":\"https:\\\/\\\/ugtaytosantander.es\\\/portal\\\/wp-content\\\/uploads\\\/2023\\\/05\\\/IMG-20230509-WA0016.jpg\",\"datePublished\":\"2023-05-09T11:03:22+00:00\",\"dateModified\":\"2023-05-09T11:15:11+00:00\",\"breadcrumb\":{\"@id\":\"https:\\\/\\\/ugtaytosantander.es\\\/portal\\\/casa-consistorial-ribalagyua-y-la-paz-tras-la-solicitud-de-ugt-se-inicia-la-formacion-de-los-equipos-de-emergencia-y-evacuacion\\\/#breadcrumb\"},\"inLanguage\":\"es\",\"potentialAction\":[{\"@type\":\"ReadAction\",\"target\":[\"https:\\\/\\\/ugtaytosantander.es\\\/portal\\\/casa-consistorial-ribalagyua-y-la-paz-tras-la-solicitud-de-ugt-se-inicia-la-formacion-de-los-equipos-de-emergencia-y-evacuacion\\\/\"]}]},{\"@type\":\"ImageObject\",\"inLanguage\":\"es\",\"@id\":\"https:\\\/\\\/ugtaytosantander.es\\\/portal\\\/casa-consistorial-ribalagyua-y-la-paz-tras-la-solicitud-de-ugt-se-inicia-la-formacion-de-los-equipos-de-emergencia-y-evacuacion\\\/#primaryimage\",\"url\":\"https:\\\/\\\/ugtaytosantander.es\\\/portal\\\/wp-content\\\/uploads\\\/2023\\\/05\\\/IMG-20230509-WA0016.jpg\",\"contentUrl\":\"https:\\\/\\\/ugtaytosantander.es\\\/portal\\\/wp-content\\\/uploads\\\/2023\\\/05\\\/IMG-20230509-WA0016.jpg\",\"width\":1600,\"height\":900},{\"@type\":\"BreadcrumbList\",\"@id\":\"https:\\\/\\\/ugtaytosantander.es\\\/portal\\\/casa-consistorial-ribalagyua-y-la-paz-tras-la-solicitud-de-ugt-se-inicia-la-formacion-de-los-equipos-de-emergencia-y-evacuacion\\\/#breadcrumb\",\"itemListElement\":[{\"@type\":\"ListItem\",\"position\":1,\"name\":\"Portada\",\"item\":\"https:\\\/\\\/ugtaytosantander.es\\\/portal\\\/\"},{\"@type\":\"ListItem\",\"position\":2,\"name\":\"CASA CONSISTORIAL, RIBALAYGUA Y LA PAZ. TRAS SOLICITUD DE UGT SE INICIA LA FORMACI\u00d3N DE LOS EQUIPOS DE EMERGENCIA Y EVACUACI\u00d3N\"}]},{\"@type\":\"WebSite\",\"@id\":\"https:\\\/\\\/ugtaytosantander.es\\\/portal\\\/#website\",\"url\":\"https:\\\/\\\/ugtaytosantander.es\\\/portal\\\/\",\"name\":\"UGT Ayuntamiento de Santander\",\"description\":\"Seccion Sindical UGT Ayto Santander\",\"publisher\":{\"@id\":\"https:\\\/\\\/ugtaytosantander.es\\\/portal\\\/#organization\"},\"potentialAction\":[{\"@type\":\"SearchAction\",\"target\":{\"@type\":\"EntryPoint\",\"urlTemplate\":\"https:\\\/\\\/ugtaytosantander.es\\\/portal\\\/?s={search_term_string}\"},\"query-input\":{\"@type\":\"PropertyValueSpecification\",\"valueRequired\":true,\"valueName\":\"search_term_string\"}}],\"inLanguage\":\"es\"},{\"@type\":\"Organization\",\"@id\":\"https:\\\/\\\/ugtaytosantander.es\\\/portal\\\/#organization\",\"name\":\"Secci\u00f3n Sindical de UGT del Ayuntamiento de Santander\",\"url\":\"https:\\\/\\\/ugtaytosantander.es\\\/portal\\\/\",\"logo\":{\"@type\":\"ImageObject\",\"inLanguage\":\"es\",\"@id\":\"https:\\\/\\\/ugtaytosantander.es\\\/portal\\\/#\\\/schema\\\/logo\\\/image\\\/\",\"url\":\"https:\\\/\\\/ugtaytosantander.es\\\/portal\\\/wp-content\\\/uploads\\\/2019\\\/03\\\/Logo-FESP200.png\",\"contentUrl\":\"https:\\\/\\\/ugtaytosantander.es\\\/portal\\\/wp-content\\\/uploads\\\/2019\\\/03\\\/Logo-FESP200.png\",\"width\":200,\"height\":123,\"caption\":\"Secci\u00f3n Sindical de UGT del Ayuntamiento de Santander\"},\"image\":{\"@id\":\"https:\\\/\\\/ugtaytosantander.es\\\/portal\\\/#\\\/schema\\\/logo\\\/image\\\/\"}},{\"@type\":\"Person\",\"@id\":\"https:\\\/\\\/ugtaytosantander.es\\\/portal\\\/#\\\/schema\\\/person\\\/ff5d6b0ad70c04f17d8981e1a397ff21\",\"name\":\"Ricardo Garcia Pardo\",\"url\":\"https:\\\/\\\/ugtaytosantander.es\\\/portal\\\/author\\\/ricardo\\\/\"}]}<\/script>\n<!-- \/ Yoast SEO plugin. -->","yoast_head_json":{"title":"CASA CONSISTORIAL, RIBALAYGUA Y LA PAZ. TRAS SOLICITUD DE UGT SE INICIA LA FORMACI\u00d3N DE LOS EQUIPOS DE EMERGENCIA Y EVACUACI\u00d3N - UGT Ayuntamiento de Santander","robots":{"index":"index","follow":"follow","max-snippet":"max-snippet:-1","max-image-preview":"max-image-preview:large","max-video-preview":"max-video-preview:-1"},"canonical":"https:\/\/ugtaytosantander.es\/portal\/casa-consistorial-ribalagyua-y-la-paz-tras-la-solicitud-de-ugt-se-inicia-la-formacion-de-los-equipos-de-emergencia-y-evacuacion\/","og_locale":"es_ES","og_type":"article","og_title":"CASA CONSISTORIAL, RIBALAYGUA Y LA PAZ. TRAS SOLICITUD DE UGT SE INICIA LA FORMACI\u00d3N DE LOS EQUIPOS DE EMERGENCIA Y EVACUACI\u00d3N - UGT Ayuntamiento de Santander","og_description":"Tras las solicitudes efectuadas desde UGT, en el seno del COMIT\u00c9 DE SEGURIDAD Y SALUD, de puesta en marcha y actualizaci\u00f3n de los Planes de Emergencia y Evacuaci\u00f3n, finalmente nuestra petici\u00f3n se manifiesta en actuaciones concretas. Hoy d\u00eda 9 de mayo, se han iniciado las jornadas formativas te\u00f3rico-pr\u00e1cticas para los compa\u00f1eros integrantes de los equipos [&hellip;]","og_url":"https:\/\/ugtaytosantander.es\/portal\/casa-consistorial-ribalagyua-y-la-paz-tras-la-solicitud-de-ugt-se-inicia-la-formacion-de-los-equipos-de-emergencia-y-evacuacion\/","og_site_name":"UGT Ayuntamiento de Santander","article_published_time":"2023-05-09T11:03:22+00:00","article_modified_time":"2023-05-09T11:15:11+00:00","og_image":[{"url":"https:\/\/ugtaytosantander.es\/portal\/wp-content\/uploads\/2023\/05\/IMG-20230509-WA0016.jpg","type":"","width":"","height":""}],"author":"Ricardo Garcia Pardo","twitter_card":"summary_large_image","twitter_misc":{"Escrito por":"Ricardo Garcia Pardo","Tiempo de lectura":"1 minuto"},"schema":{"@context":"https:\/\/schema.org","@graph":[{"@type":"Article","@id":"https:\/\/ugtaytosantander.es\/portal\/casa-consistorial-ribalagyua-y-la-paz-tras-la-solicitud-de-ugt-se-inicia-la-formacion-de-los-equipos-de-emergencia-y-evacuacion\/#article","isPartOf":{"@id":"https:\/\/ugtaytosantander.es\/portal\/casa-consistorial-ribalagyua-y-la-paz-tras-la-solicitud-de-ugt-se-inicia-la-formacion-de-los-equipos-de-emergencia-y-evacuacion\/"},"author":{"name":"Ricardo Garcia Pardo","@id":"https:\/\/ugtaytosantander.es\/portal\/#\/schema\/person\/ff5d6b0ad70c04f17d8981e1a397ff21"},"headline":"CASA CONSISTORIAL, RIBALAYGUA Y LA PAZ. TRAS SOLICITUD DE UGT SE INICIA LA FORMACI\u00d3N DE LOS EQUIPOS DE EMERGENCIA Y EVACUACI\u00d3N","datePublished":"2023-05-09T11:03:22+00:00","dateModified":"2023-05-09T11:15:11+00:00","mainEntityOfPage":{"@id":"https:\/\/ugtaytosantander.es\/portal\/casa-consistorial-ribalagyua-y-la-paz-tras-la-solicitud-de-ugt-se-inicia-la-formacion-de-los-equipos-de-emergencia-y-evacuacion\/"},"wordCount":158,"publisher":{"@id":"https:\/\/ugtaytosantander.es\/portal\/#organization"},"image":{"@id":"https:\/\/ugtaytosantander.es\/portal\/casa-consistorial-ribalagyua-y-la-paz-tras-la-solicitud-de-ugt-se-inicia-la-formacion-de-los-equipos-de-emergencia-y-evacuacion\/#primaryimage"},"thumbnailUrl":"https:\/\/ugtaytosantander.es\/portal\/wp-content\/uploads\/2023\/05\/IMG-20230509-WA0016.jpg","articleSection":["Comite Seguridad y Salud Laboral","Formaci\u00f3n","Funcionarios","Hist\u00f3rico","Noticias","Presencial"],"inLanguage":"es"},{"@type":"WebPage","@id":"https:\/\/ugtaytosantander.es\/portal\/casa-consistorial-ribalagyua-y-la-paz-tras-la-solicitud-de-ugt-se-inicia-la-formacion-de-los-equipos-de-emergencia-y-evacuacion\/","url":"https:\/\/ugtaytosantander.es\/portal\/casa-consistorial-ribalagyua-y-la-paz-tras-la-solicitud-de-ugt-se-inicia-la-formacion-de-los-equipos-de-emergencia-y-evacuacion\/","name":"CASA CONSISTORIAL, RIBALAYGUA Y LA PAZ. TRAS SOLICITUD DE UGT SE INICIA LA FORMACI\u00d3N DE LOS EQUIPOS DE EMERGENCIA Y EVACUACI\u00d3N - UGT Ayuntamiento de Santander","isPartOf":{"@id":"https:\/\/ugtaytosantander.es\/portal\/#website"},"primaryImageOfPage":{"@id":"https:\/\/ugtaytosantander.es\/portal\/casa-consistorial-ribalagyua-y-la-paz-tras-la-solicitud-de-ugt-se-inicia-la-formacion-de-los-equipos-de-emergencia-y-evacuacion\/#primaryimage"},"image":{"@id":"https:\/\/ugtaytosantander.es\/portal\/casa-consistorial-ribalagyua-y-la-paz-tras-la-solicitud-de-ugt-se-inicia-la-formacion-de-los-equipos-de-emergencia-y-evacuacion\/#primaryimage"},"thumbnailUrl":"https:\/\/ugtaytosantander.es\/portal\/wp-content\/uploads\/2023\/05\/IMG-20230509-WA0016.jpg","datePublished":"2023-05-09T11:03:22+00:00","dateModified":"2023-05-09T11:15:11+00:00","breadcrumb":{"@id":"https:\/\/ugtaytosantander.es\/portal\/casa-consistorial-ribalagyua-y-la-paz-tras-la-solicitud-de-ugt-se-inicia-la-formacion-de-los-equipos-de-emergencia-y-evacuacion\/#breadcrumb"},"inLanguage":"es","potentialAction":[{"@type":"ReadAction","target":["https:\/\/ugtaytosantander.es\/portal\/casa-consistorial-ribalagyua-y-la-paz-tras-la-solicitud-de-ugt-se-inicia-la-formacion-de-los-equipos-de-emergencia-y-evacuacion\/"]}]},{"@type":"ImageObject","inLanguage":"es","@id":"https:\/\/ugtaytosantander.es\/portal\/casa-consistorial-ribalagyua-y-la-paz-tras-la-solicitud-de-ugt-se-inicia-la-formacion-de-los-equipos-de-emergencia-y-evacuacion\/#primaryimage","url":"https:\/\/ugtaytosantander.es\/portal\/wp-content\/uploads\/2023\/05\/IMG-20230509-WA0016.jpg","contentUrl":"https:\/\/ugtaytosantander.es\/portal\/wp-content\/uploads\/2023\/05\/IMG-20230509-WA0016.jpg","width":1600,"height":900},{"@type":"BreadcrumbList","@id":"https:\/\/ugtaytosantander.es\/portal\/casa-consistorial-ribalagyua-y-la-paz-tras-la-solicitud-de-ugt-se-inicia-la-formacion-de-los-equipos-de-emergencia-y-evacuacion\/#breadcrumb","itemListElement":[{"@type":"ListItem","position":1,"name":"Portada","item":"https:\/\/ugtaytosantander.es\/portal\/"},{"@type":"ListItem","position":2,"name":"CASA CONSISTORIAL, RIBALAYGUA Y LA PAZ. TRAS SOLICITUD DE UGT SE INICIA LA FORMACI\u00d3N DE LOS EQUIPOS DE EMERGENCIA Y EVACUACI\u00d3N"}]},{"@type":"WebSite","@id":"https:\/\/ugtaytosantander.es\/portal\/#website","url":"https:\/\/ugtaytosantander.es\/portal\/","name":"UGT Ayuntamiento de Santander","description":"Seccion Sindical UGT Ayto Santander","publisher":{"@id":"https:\/\/ugtaytosantander.es\/portal\/#organization"},"potentialAction":[{"@type":"SearchAction","target":{"@type":"EntryPoint","urlTemplate":"https:\/\/ugtaytosantander.es\/portal\/?s={search_term_string}"},"query-input":{"@type":"PropertyValueSpecification","valueRequired":true,"valueName":"search_term_string"}}],"inLanguage":"es"},{"@type":"Organization","@id":"https:\/\/ugtaytosantander.es\/portal\/#organization","name":"Secci\u00f3n Sindical de UGT del Ayuntamiento de Santander","url":"https:\/\/ugtaytosantander.es\/portal\/","logo":{"@type":"ImageObject","inLanguage":"es","@id":"https:\/\/ugtaytosantander.es\/portal\/#\/schema\/logo\/image\/","url":"https:\/\/ugtaytosantander.es\/portal\/wp-content\/uploads\/2019\/03\/Logo-FESP200.png","contentUrl":"https:\/\/ugtaytosantander.es\/portal\/wp-content\/uploads\/2019\/03\/Logo-FESP200.png","width":200,"height":123,"caption":"Secci\u00f3n Sindical de UGT del Ayuntamiento de Santander"},"image":{"@id":"https:\/\/ugtaytosantander.es\/portal\/#\/schema\/logo\/image\/"}},{"@type":"Person","@id":"https:\/\/ugtaytosantander.es\/portal\/#\/schema\/person\/ff5d6b0ad70c04f17d8981e1a397ff21","name":"Ricardo Garcia Pardo","url":"https:\/\/ugtaytosantander.es\/portal\/author\/ricardo\/"}]}},"publishpress_future_action":{"enabled":false,"date":"2026-05-06 15:44:29","action":"change-status","newStatus":"trash","terms":[],"taxonomy":"category","extraData":[]},"publishpress_future_workflow_manual_trigger":{"enabledWorkflows":[]},"_links":{"self":[{"href":"https:\/\/ugtaytosantander.es\/portal\/wp-json\/wp\/v2\/posts\/3656","targetHints":{"allow":["GET"]}}],"collection":[{"href":"https:\/\/ugtaytosantander.es\/portal\/wp-json\/wp\/v2\/posts"}],"about":[{"href":"https:\/\/ugtaytosantander.es\/portal\/wp-json\/wp\/v2\/types\/post"}],"author":[{"embeddable":true,"href":"https:\/\/ugtaytosantander.es\/portal\/wp-json\/wp\/v2\/users\/8"}],"replies":[{"embeddable":true,"href":"https:\/\/ugtaytosantander.es\/portal\/wp-json\/wp\/v2\/comments?post=3656"}],"version-history":[{"count":11,"href":"https:\/\/ugtaytosantander.es\/portal\/wp-json\/wp\/v2\/posts\/3656\/revisions"}],"predecessor-version":[{"id":3669,"href":"https:\/\/ugtaytosantander.es\/portal\/wp-json\/wp\/v2\/posts\/3656\/revisions\/3669"}],"wp:attachment":[{"href":"https:\/\/ugtaytosantander.es\/portal\/wp-json\/wp\/v2\/media?parent=3656"}],"wp:term":[{"taxonomy":"category","embeddable":true,"href":"https:\/\/ugtaytosantander.es\/portal\/wp-json\/wp\/v2\/categories?post=3656"},{"taxonomy":"post_tag","embeddable":true,"href":"https:\/\/ugtaytosantander.es\/portal\/wp-json\/wp\/v2\/tags?post=3656"}],"curies":[{"name":"wp","href":"https:\/\/api.w.org\/{rel}","templated":true}]}}