{"id":3725,"date":"2023-06-02T20:42:22","date_gmt":"2023-06-02T18:42:22","guid":{"rendered":"https:\/\/ugtaytosantander.es\/portal\/?p=3725"},"modified":"2023-06-02T20:42:22","modified_gmt":"2023-06-02T18:42:22","slug":"recomendaciones-sobre-el-dichoso-cuestionario","status":"publish","type":"post","link":"https:\/\/ugtaytosantander.es\/portal\/recomendaciones-sobre-el-dichoso-cuestionario\/","title":{"rendered":"RECOMENDACIONES SOBRE EL DICHOSO CUESTIONARIO"},"content":{"rendered":"<p>El lunes d\u00eda 5 de junio de 2023 es el \u00faltimo d\u00eda del plazo dado por la empresa para el env\u00edo del cuestionario. Siguen sin corregirse las graves deficiencias denunciadas desde el principio por UGT:<\/p>\n<p><strong>1.<\/strong>&#8211; <strong>No se ha celebrado ninguna reuni\u00f3n Presencial formativa\/informativa<\/strong> con asistencia de los T\u00e9cnicos de la empresa adjudicataria, del responsable de este contrato\u00a0 de 140.000 euros, y de los representantes de los trabajadores.<\/p>\n<p><strong>2.<\/strong>&#8211; <strong>Desconocemos quienes son los \u201cagentes\u201d implicados en el proyecto = T\u00e9cnicos, as\u00ed como su Titulaci\u00f3n habilitante para realizar este estudio y su experiencia<\/strong>.<\/p>\n<p><strong>3.<\/strong>&#8211; <strong>No conocemos el Manual de valoraci\u00f3n ni la metodolog\u00eda a aplicar, para su validaci\u00f3n previa<\/strong>. Es m\u00e1s, en la reuni\u00f3n telem\u00e1tica que se celebr\u00f3 nos comunicaron que no han elaborado manual y que siguen indicaciones de la empresa para no venir, y que se act\u00faa as\u00ed, porque se les ha solicitado por el Ayuntamiento expresamente.<\/p>\n<p><strong>4<\/strong>.- <strong>En UGT tenemos muy clara la importancia y transcendencia de este asunto para las condiciones laborales de TODOS los empleados municipales. <\/strong><\/p>\n<p>Estos estudios habilitan dentro de la Administraci\u00f3n a modificar funciones y complementos espec\u00edficos, subi\u00e9ndolos o baj\u00e1ndolos, cambiar niveles, subi\u00e9ndolos o baj\u00e1ndolos, y reorganizar las estructuras a las que se asignan los trabajadores.<\/p>\n<p><strong>Se ha difundido la falsa realidad que una valoraci\u00f3n de puestos solo implica subidas salariales, cuando no es as\u00ed<\/strong>. Tambi\u00e9n pueden considerar un puesto sobrevalorado y ver recortados sus complementos, ampliadas funciones sin que tenga un reflejo en salarios y cambios de trabajadores de un servicio a otro, con modificaci\u00f3n de estructuras en puestos no singularizados, como por ejemplo, vigilantes, ordenanzas, auxiliares, administrativos, etc.<\/p>\n<p><strong>Al no constar ning\u00fan compromiso ni asignaci\u00f3n presupuestaria<\/strong>, el resultado final pudiera ser un reajuste, a la baja, de gastos y de plantilla del personal municipal.<\/p>\n<p><strong><u>UGT ha solicitado acceso al expediente de contrataci\u00f3n y si el equipo de gobierno no exige a la empresa el cumplimiento del pliego que rige este contrato, y que se est\u00e1 ya incumpliendo, adoptaremos las acciones legales procedentes.<\/u><\/strong><\/p>\n<p>Por todas estas graves irregularidades que os hemos ido explicando, os recomendamos, tal y como hemos hecho ya quienes integramos la Secci\u00f3n Sindical de UGT en el Ayuntamiento de Santander, que envi\u00e9is por correo electr\u00f3nico a la empresa (rpt@consultoriaintegral.es) <strong>el modelo de escrito que os adjuntamos<\/strong> <a href=\"https:\/\/ugtaytosantander.es\/portal\/wp-content\/uploads\/2023\/06\/ESCRITO-TRABAJADORES-valoracion.docx\"><strong>(PINCHAR AQUI)<\/strong><\/a> ,<strong> en el que manifest\u00e1is que no proceder\u00e9is a cumplimentar y enviar tal cuestionario, hasta que no se haga entrega a los representantes de los trabajadores del Manual de Valoraci\u00f3n<\/strong> y m\u00e9todo a emplear para nuestra \u201cVALORACI\u00d3N DE PUESTOS Y ELABORACI\u00d3N DE LA RPT\u201d, para que de este modo os podamos facilitar la informaci\u00f3n y asesoramiento que necesit\u00e9is para poder cumplimentar adecuadamente y en un futuro este cuestionario.<\/p>\n","protected":false},"excerpt":{"rendered":"<p>El lunes d\u00eda 5 de junio de 2023 es el \u00faltimo d\u00eda del plazo dado por la empresa para el env\u00edo del cuestionario. Siguen sin corregirse las graves deficiencias denunciadas desde el principio por UGT: 1.&#8211; No se ha celebrado ninguna reuni\u00f3n Presencial formativa\/informativa con asistencia de los T\u00e9cnicos de la empresa adjudicataria, del responsable [&hellip;]<\/p>\n","protected":false},"author":8,"featured_media":0,"comment_status":"closed","ping_status":"open","sticky":false,"template":"","format":"standard","meta":{"_exactmetrics_skip_tracking":false,"_exactmetrics_sitenote_active":false,"_exactmetrics_sitenote_note":"","_exactmetrics_sitenote_category":0,"_genesis_hide_title":false,"_genesis_hide_breadcrumbs":false,"_genesis_hide_singular_image":false,"_genesis_hide_footer_widgets":false,"_genesis_custom_body_class":"","_genesis_custom_post_class":"","_genesis_layout":"","footnotes":""},"categories":[53,54],"tags":[],"class_list":{"0":"post-3725","1":"post","2":"type-post","3":"status-publish","4":"format-standard","6":"category-informate","7":"category-noticias","8":"entry"},"yoast_head":"<!-- This site is optimized with the Yoast SEO plugin v27.5 - https:\/\/yoast.com\/product\/yoast-seo-wordpress\/ -->\n<title>RECOMENDACIONES SOBRE EL DICHOSO CUESTIONARIO - UGT Ayuntamiento de Santander<\/title>\n<meta name=\"robots\" content=\"index, follow, max-snippet:-1, max-image-preview:large, max-video-preview:-1\" \/>\n<link rel=\"canonical\" href=\"https:\/\/ugtaytosantander.es\/portal\/recomendaciones-sobre-el-dichoso-cuestionario\/\" \/>\n<meta property=\"og:locale\" content=\"es_ES\" \/>\n<meta property=\"og:type\" content=\"article\" \/>\n<meta property=\"og:title\" content=\"RECOMENDACIONES SOBRE EL DICHOSO CUESTIONARIO - UGT Ayuntamiento de Santander\" \/>\n<meta property=\"og:description\" content=\"El lunes d\u00eda 5 de junio de 2023 es el \u00faltimo d\u00eda del plazo dado por la empresa para el env\u00edo del cuestionario. Siguen sin corregirse las graves deficiencias denunciadas desde el principio por UGT: 1.&#8211; No se ha celebrado ninguna reuni\u00f3n Presencial formativa\/informativa con asistencia de los T\u00e9cnicos de la empresa adjudicataria, del responsable [&hellip;]\" \/>\n<meta property=\"og:url\" content=\"https:\/\/ugtaytosantander.es\/portal\/recomendaciones-sobre-el-dichoso-cuestionario\/\" \/>\n<meta property=\"og:site_name\" content=\"UGT Ayuntamiento de Santander\" \/>\n<meta property=\"article:published_time\" content=\"2023-06-02T18:42:22+00:00\" \/>\n<meta name=\"author\" content=\"Ricardo Garcia Pardo\" \/>\n<meta name=\"twitter:card\" content=\"summary_large_image\" \/>\n<meta name=\"twitter:label1\" content=\"Escrito por\" \/>\n\t<meta name=\"twitter:data1\" content=\"Ricardo Garcia Pardo\" \/>\n\t<meta name=\"twitter:label2\" content=\"Tiempo de lectura\" \/>\n\t<meta name=\"twitter:data2\" content=\"3 minutos\" \/>\n<script type=\"application\/ld+json\" class=\"yoast-schema-graph\">{\"@context\":\"https:\\\/\\\/schema.org\",\"@graph\":[{\"@type\":\"Article\",\"@id\":\"https:\\\/\\\/ugtaytosantander.es\\\/portal\\\/recomendaciones-sobre-el-dichoso-cuestionario\\\/#article\",\"isPartOf\":{\"@id\":\"https:\\\/\\\/ugtaytosantander.es\\\/portal\\\/recomendaciones-sobre-el-dichoso-cuestionario\\\/\"},\"author\":{\"name\":\"Ricardo Garcia Pardo\",\"@id\":\"https:\\\/\\\/ugtaytosantander.es\\\/portal\\\/#\\\/schema\\\/person\\\/ff5d6b0ad70c04f17d8981e1a397ff21\"},\"headline\":\"RECOMENDACIONES SOBRE EL DICHOSO CUESTIONARIO\",\"datePublished\":\"2023-06-02T18:42:22+00:00\",\"mainEntityOfPage\":{\"@id\":\"https:\\\/\\\/ugtaytosantander.es\\\/portal\\\/recomendaciones-sobre-el-dichoso-cuestionario\\\/\"},\"wordCount\":486,\"publisher\":{\"@id\":\"https:\\\/\\\/ugtaytosantander.es\\\/portal\\\/#organization\"},\"articleSection\":[\"Informate\",\"Noticias\"],\"inLanguage\":\"es\"},{\"@type\":\"WebPage\",\"@id\":\"https:\\\/\\\/ugtaytosantander.es\\\/portal\\\/recomendaciones-sobre-el-dichoso-cuestionario\\\/\",\"url\":\"https:\\\/\\\/ugtaytosantander.es\\\/portal\\\/recomendaciones-sobre-el-dichoso-cuestionario\\\/\",\"name\":\"RECOMENDACIONES SOBRE EL DICHOSO CUESTIONARIO - UGT Ayuntamiento de Santander\",\"isPartOf\":{\"@id\":\"https:\\\/\\\/ugtaytosantander.es\\\/portal\\\/#website\"},\"datePublished\":\"2023-06-02T18:42:22+00:00\",\"breadcrumb\":{\"@id\":\"https:\\\/\\\/ugtaytosantander.es\\\/portal\\\/recomendaciones-sobre-el-dichoso-cuestionario\\\/#breadcrumb\"},\"inLanguage\":\"es\",\"potentialAction\":[{\"@type\":\"ReadAction\",\"target\":[\"https:\\\/\\\/ugtaytosantander.es\\\/portal\\\/recomendaciones-sobre-el-dichoso-cuestionario\\\/\"]}]},{\"@type\":\"BreadcrumbList\",\"@id\":\"https:\\\/\\\/ugtaytosantander.es\\\/portal\\\/recomendaciones-sobre-el-dichoso-cuestionario\\\/#breadcrumb\",\"itemListElement\":[{\"@type\":\"ListItem\",\"position\":1,\"name\":\"Portada\",\"item\":\"https:\\\/\\\/ugtaytosantander.es\\\/portal\\\/\"},{\"@type\":\"ListItem\",\"position\":2,\"name\":\"RECOMENDACIONES SOBRE EL DICHOSO CUESTIONARIO\"}]},{\"@type\":\"WebSite\",\"@id\":\"https:\\\/\\\/ugtaytosantander.es\\\/portal\\\/#website\",\"url\":\"https:\\\/\\\/ugtaytosantander.es\\\/portal\\\/\",\"name\":\"UGT Ayuntamiento de Santander\",\"description\":\"Seccion Sindical UGT Ayto Santander\",\"publisher\":{\"@id\":\"https:\\\/\\\/ugtaytosantander.es\\\/portal\\\/#organization\"},\"potentialAction\":[{\"@type\":\"SearchAction\",\"target\":{\"@type\":\"EntryPoint\",\"urlTemplate\":\"https:\\\/\\\/ugtaytosantander.es\\\/portal\\\/?s={search_term_string}\"},\"query-input\":{\"@type\":\"PropertyValueSpecification\",\"valueRequired\":true,\"valueName\":\"search_term_string\"}}],\"inLanguage\":\"es\"},{\"@type\":\"Organization\",\"@id\":\"https:\\\/\\\/ugtaytosantander.es\\\/portal\\\/#organization\",\"name\":\"Secci\u00f3n Sindical de UGT del Ayuntamiento de Santander\",\"url\":\"https:\\\/\\\/ugtaytosantander.es\\\/portal\\\/\",\"logo\":{\"@type\":\"ImageObject\",\"inLanguage\":\"es\",\"@id\":\"https:\\\/\\\/ugtaytosantander.es\\\/portal\\\/#\\\/schema\\\/logo\\\/image\\\/\",\"url\":\"https:\\\/\\\/ugtaytosantander.es\\\/portal\\\/wp-content\\\/uploads\\\/2019\\\/03\\\/Logo-FESP200.png\",\"contentUrl\":\"https:\\\/\\\/ugtaytosantander.es\\\/portal\\\/wp-content\\\/uploads\\\/2019\\\/03\\\/Logo-FESP200.png\",\"width\":200,\"height\":123,\"caption\":\"Secci\u00f3n Sindical de UGT del Ayuntamiento de Santander\"},\"image\":{\"@id\":\"https:\\\/\\\/ugtaytosantander.es\\\/portal\\\/#\\\/schema\\\/logo\\\/image\\\/\"}},{\"@type\":\"Person\",\"@id\":\"https:\\\/\\\/ugtaytosantander.es\\\/portal\\\/#\\\/schema\\\/person\\\/ff5d6b0ad70c04f17d8981e1a397ff21\",\"name\":\"Ricardo Garcia Pardo\",\"url\":\"https:\\\/\\\/ugtaytosantander.es\\\/portal\\\/author\\\/ricardo\\\/\"}]}<\/script>\n<!-- \/ Yoast SEO plugin. -->","yoast_head_json":{"title":"RECOMENDACIONES SOBRE EL DICHOSO CUESTIONARIO - UGT Ayuntamiento de Santander","robots":{"index":"index","follow":"follow","max-snippet":"max-snippet:-1","max-image-preview":"max-image-preview:large","max-video-preview":"max-video-preview:-1"},"canonical":"https:\/\/ugtaytosantander.es\/portal\/recomendaciones-sobre-el-dichoso-cuestionario\/","og_locale":"es_ES","og_type":"article","og_title":"RECOMENDACIONES SOBRE EL DICHOSO CUESTIONARIO - UGT Ayuntamiento de Santander","og_description":"El lunes d\u00eda 5 de junio de 2023 es el \u00faltimo d\u00eda del plazo dado por la empresa para el env\u00edo del cuestionario. Siguen sin corregirse las graves deficiencias denunciadas desde el principio por UGT: 1.&#8211; No se ha celebrado ninguna reuni\u00f3n Presencial formativa\/informativa con asistencia de los T\u00e9cnicos de la empresa adjudicataria, del responsable [&hellip;]","og_url":"https:\/\/ugtaytosantander.es\/portal\/recomendaciones-sobre-el-dichoso-cuestionario\/","og_site_name":"UGT Ayuntamiento de Santander","article_published_time":"2023-06-02T18:42:22+00:00","author":"Ricardo Garcia Pardo","twitter_card":"summary_large_image","twitter_misc":{"Escrito por":"Ricardo Garcia Pardo","Tiempo de lectura":"3 minutos"},"schema":{"@context":"https:\/\/schema.org","@graph":[{"@type":"Article","@id":"https:\/\/ugtaytosantander.es\/portal\/recomendaciones-sobre-el-dichoso-cuestionario\/#article","isPartOf":{"@id":"https:\/\/ugtaytosantander.es\/portal\/recomendaciones-sobre-el-dichoso-cuestionario\/"},"author":{"name":"Ricardo Garcia Pardo","@id":"https:\/\/ugtaytosantander.es\/portal\/#\/schema\/person\/ff5d6b0ad70c04f17d8981e1a397ff21"},"headline":"RECOMENDACIONES SOBRE EL DICHOSO CUESTIONARIO","datePublished":"2023-06-02T18:42:22+00:00","mainEntityOfPage":{"@id":"https:\/\/ugtaytosantander.es\/portal\/recomendaciones-sobre-el-dichoso-cuestionario\/"},"wordCount":486,"publisher":{"@id":"https:\/\/ugtaytosantander.es\/portal\/#organization"},"articleSection":["Informate","Noticias"],"inLanguage":"es"},{"@type":"WebPage","@id":"https:\/\/ugtaytosantander.es\/portal\/recomendaciones-sobre-el-dichoso-cuestionario\/","url":"https:\/\/ugtaytosantander.es\/portal\/recomendaciones-sobre-el-dichoso-cuestionario\/","name":"RECOMENDACIONES SOBRE EL DICHOSO CUESTIONARIO - UGT Ayuntamiento de Santander","isPartOf":{"@id":"https:\/\/ugtaytosantander.es\/portal\/#website"},"datePublished":"2023-06-02T18:42:22+00:00","breadcrumb":{"@id":"https:\/\/ugtaytosantander.es\/portal\/recomendaciones-sobre-el-dichoso-cuestionario\/#breadcrumb"},"inLanguage":"es","potentialAction":[{"@type":"ReadAction","target":["https:\/\/ugtaytosantander.es\/portal\/recomendaciones-sobre-el-dichoso-cuestionario\/"]}]},{"@type":"BreadcrumbList","@id":"https:\/\/ugtaytosantander.es\/portal\/recomendaciones-sobre-el-dichoso-cuestionario\/#breadcrumb","itemListElement":[{"@type":"ListItem","position":1,"name":"Portada","item":"https:\/\/ugtaytosantander.es\/portal\/"},{"@type":"ListItem","position":2,"name":"RECOMENDACIONES SOBRE EL DICHOSO CUESTIONARIO"}]},{"@type":"WebSite","@id":"https:\/\/ugtaytosantander.es\/portal\/#website","url":"https:\/\/ugtaytosantander.es\/portal\/","name":"UGT Ayuntamiento de Santander","description":"Seccion Sindical UGT Ayto Santander","publisher":{"@id":"https:\/\/ugtaytosantander.es\/portal\/#organization"},"potentialAction":[{"@type":"SearchAction","target":{"@type":"EntryPoint","urlTemplate":"https:\/\/ugtaytosantander.es\/portal\/?s={search_term_string}"},"query-input":{"@type":"PropertyValueSpecification","valueRequired":true,"valueName":"search_term_string"}}],"inLanguage":"es"},{"@type":"Organization","@id":"https:\/\/ugtaytosantander.es\/portal\/#organization","name":"Secci\u00f3n Sindical de UGT del Ayuntamiento de Santander","url":"https:\/\/ugtaytosantander.es\/portal\/","logo":{"@type":"ImageObject","inLanguage":"es","@id":"https:\/\/ugtaytosantander.es\/portal\/#\/schema\/logo\/image\/","url":"https:\/\/ugtaytosantander.es\/portal\/wp-content\/uploads\/2019\/03\/Logo-FESP200.png","contentUrl":"https:\/\/ugtaytosantander.es\/portal\/wp-content\/uploads\/2019\/03\/Logo-FESP200.png","width":200,"height":123,"caption":"Secci\u00f3n Sindical de UGT del Ayuntamiento de Santander"},"image":{"@id":"https:\/\/ugtaytosantander.es\/portal\/#\/schema\/logo\/image\/"}},{"@type":"Person","@id":"https:\/\/ugtaytosantander.es\/portal\/#\/schema\/person\/ff5d6b0ad70c04f17d8981e1a397ff21","name":"Ricardo Garcia Pardo","url":"https:\/\/ugtaytosantander.es\/portal\/author\/ricardo\/"}]}},"publishpress_future_action":{"enabled":false,"date":"2026-05-06 17:10:26","action":"change-status","newStatus":"trash","terms":[],"taxonomy":"category","extraData":[]},"publishpress_future_workflow_manual_trigger":{"enabledWorkflows":[]},"_links":{"self":[{"href":"https:\/\/ugtaytosantander.es\/portal\/wp-json\/wp\/v2\/posts\/3725","targetHints":{"allow":["GET"]}}],"collection":[{"href":"https:\/\/ugtaytosantander.es\/portal\/wp-json\/wp\/v2\/posts"}],"about":[{"href":"https:\/\/ugtaytosantander.es\/portal\/wp-json\/wp\/v2\/types\/post"}],"author":[{"embeddable":true,"href":"https:\/\/ugtaytosantander.es\/portal\/wp-json\/wp\/v2\/users\/8"}],"replies":[{"embeddable":true,"href":"https:\/\/ugtaytosantander.es\/portal\/wp-json\/wp\/v2\/comments?post=3725"}],"version-history":[{"count":6,"href":"https:\/\/ugtaytosantander.es\/portal\/wp-json\/wp\/v2\/posts\/3725\/revisions"}],"predecessor-version":[{"id":3732,"href":"https:\/\/ugtaytosantander.es\/portal\/wp-json\/wp\/v2\/posts\/3725\/revisions\/3732"}],"wp:attachment":[{"href":"https:\/\/ugtaytosantander.es\/portal\/wp-json\/wp\/v2\/media?parent=3725"}],"wp:term":[{"taxonomy":"category","embeddable":true,"href":"https:\/\/ugtaytosantander.es\/portal\/wp-json\/wp\/v2\/categories?post=3725"},{"taxonomy":"post_tag","embeddable":true,"href":"https:\/\/ugtaytosantander.es\/portal\/wp-json\/wp\/v2\/tags?post=3725"}],"curies":[{"name":"wp","href":"https:\/\/api.w.org\/{rel}","templated":true}]}}