{"id":4179,"date":"2025-11-14T10:21:56","date_gmt":"2025-11-14T09:21:56","guid":{"rendered":"https:\/\/ugtaytosantander.es\/portal\/?p=4179"},"modified":"2025-11-14T10:26:49","modified_gmt":"2025-11-14T09:26:49","slug":"ugt-informa-el-laberinto-del-equipo-de-gobierno","status":"publish","type":"post","link":"https:\/\/ugtaytosantander.es\/portal\/ugt-informa-el-laberinto-del-equipo-de-gobierno\/","title":{"rendered":"UGT INFORMA: EL LABERINTO DEL EQUIPO DE GOBIERNO"},"content":{"rendered":"<p><img fetchpriority=\"high\" decoding=\"async\" class=\" wp-image-4180 aligncenter\" src=\"https:\/\/ugtaytosantander.es\/portal\/wp-content\/uploads\/2025\/11\/a41c965d-9da6-4eeb-806e-6bcfbf5bbe85-300x242.jpeg\" alt=\"\" width=\"465\" height=\"375\" srcset=\"https:\/\/ugtaytosantander.es\/portal\/wp-content\/uploads\/2025\/11\/a41c965d-9da6-4eeb-806e-6bcfbf5bbe85-300x242.jpeg 300w, https:\/\/ugtaytosantander.es\/portal\/wp-content\/uploads\/2025\/11\/a41c965d-9da6-4eeb-806e-6bcfbf5bbe85-1024x825.jpeg 1024w, https:\/\/ugtaytosantander.es\/portal\/wp-content\/uploads\/2025\/11\/a41c965d-9da6-4eeb-806e-6bcfbf5bbe85-768x619.jpeg 768w, https:\/\/ugtaytosantander.es\/portal\/wp-content\/uploads\/2025\/11\/a41c965d-9da6-4eeb-806e-6bcfbf5bbe85-1536x1238.jpeg 1536w, https:\/\/ugtaytosantander.es\/portal\/wp-content\/uploads\/2025\/11\/a41c965d-9da6-4eeb-806e-6bcfbf5bbe85.jpeg 1952w\" sizes=\"(max-width: 465px) 100vw, 465px\" \/><\/p>\n<p style=\"text-align: justify;\">Compa\u00f1eros, tal y como os comunicamos desde <span style=\"color: #ff0000;\"><strong>UGT<\/strong><\/span> en el anterior <span style=\"color: #ff0000;\"><strong>Informa<\/strong><\/span>, las <strong>MOVILIZACIONES<\/strong> por los <strong>IMPAGOS E INCUMPLIMIENTOS DE LOS ACUERDOS ALCANZADOS EN MESA CONTIN\u00daAN HASTA QUE NO SE HAGA EFECTIVO CADA EURO COMPROMETIDO.<\/strong><\/p>\n<p style=\"text-align: justify;\">El pasado <strong>jueves 30 de octubre<\/strong> los representantes de todas las organizaciones sindicales municipales y muchos compa\u00f1eros hemos secundado las <strong>movilizaciones ante la puerta del Ayuntamiento, y a continuaci\u00f3n en el seno del Pleno<\/strong> realizamos movilizaciones contra los incumplimientos de los acuerdos y por los impagos a los que nos somete este Equipo de Gobierno.<\/p>\n<p style=\"text-align: justify;\">Este martes <strong>11 de noviembre,<\/strong> de nuevo, se produjo una <strong>concentraci\u00f3n<\/strong> y posterior asistencia <strong>ante el Pleno<\/strong> <strong>continuando con la<\/strong> <strong>protesta.<\/strong><\/p>\n<p style=\"text-align: justify;\">Desde <strong><span style=\"color: #ff0000;\">UGT<\/span>,<\/strong> consideramos que este Equipo de Gobierno, con sus <strong>pol\u00edticas de RR.HH.<\/strong> ha perdido la orientaci\u00f3n y sus salidas son cada vez m\u00e1s err\u00e1ticas, posicion\u00e1ndose ya <strong>en \u201cca\u00edda libre\u201c<\/strong>.<br \/>\nDurante los Plenos, han llegado a manifestar que el Ayuntamiento dispone de recursos econ\u00f3micos y que \u201cellos pagan\u201d. Quiz\u00e1s hayan tenido un salto <strong><span style=\"color: #ff0000;\">\u201cal METAVERSO\u201c<\/span><\/strong> y sea all\u00ed, en esa realidad paralela, donde han pagado lo acordado en Mesa a los empleados municipales, porque en la realidad en la que nosotros estamos, estos hechos, no se han producido.<\/p>\n<p style=\"text-align: justify;\">A esto compa\u00f1eros, se suma que en el <strong>Pleno extraordinario de este 11 de noviembre dedicado a los presupuestos del 2026<\/strong> al que acudimos, se puso de manifiesto por uno de los partidos de la oposici\u00f3n que en 2026 <strong>no hay partida destinada para hacer efectivo del pago de los compromisos adquiridos en los acuerdos ya afirmados en las Mesas<\/strong>.<\/p>\n<p style=\"text-align: justify;\">Desde <span style=\"color: #ff0000;\"><strong>UGT<\/strong><\/span> creemos que este Equipo de Gobierno es reo del laberinto que ellos mismos han creado, y del cual no terminan de encontrar la salida.\u00a0Apostaron en esta legislatura, por un sistema de RR.HH. basado en el nombramiento de un DIRECTOR GENERAL, QUE YA HEMOS DENUNCIADO VARIAS VECES QUE CARECE DE CONOCIMIENTOS T\u00c9CNICOS ESPEC\u00cdFICOS EN RECURSOS HUMANOS, O DE ALG\u00daN TIPO DE FORMACI\u00d3N ESPEC\u00cdFICA O EXPERIENCIAS PREVIAS, <strong><u>JUSTAMENTE LO OPUESTO A LO QUE SE LE EXIGE A CUALQUIER FUNCIONARIO DE CARRERA PARA ACCEDER A LA FUNCI\u00d3N P\u00daBLICA.<\/u><\/strong> A continuaci\u00f3n, pusieron en sus manos la gesti\u00f3n de m\u00e1s de 1.100 trabajadores, y ahora, tras m\u00e1s de dos a\u00f1os, vamos recogiendo \u201cla cosecha\u201d.<\/p>\n<p style=\"text-align: justify;\"><strong>Sus resultados son<\/strong> <strong>impagos, incumplimiento de los acuerdos, actividades paralelas muy cuestionables ya judicializadas, informes que no se sostienen<\/strong>, <strong>Servicios municipales infradotados de medios materiales y humanos<\/strong>, etc etc \u2026<\/p>\n<p style=\"text-align: justify;\"><strong>VENIMOS PADECIENDO UN MALTRATO A LA TOTALIDAD DE LA PLANTILLA MUNICIPAL SIN PRECEDENTES.<\/strong><\/p>\n<p style=\"text-align: justify;\">A esto, se suman nuevas decisiones unidas a la ampliaci\u00f3n de las Direcciones Generales, como la generaci\u00f3n del <span style=\"color: #ff0000;\"><strong>NUEVO CANAL DE FIRMAS<\/strong><\/span>, (que ya hemos denunciado varias veces en nuestros Informa) <span style=\"color: #ff0000;\"><strong>PARA EL ACCESO A LAS PARTIDAS DE DINERO P\u00daBLICO<\/strong>, <strong>MEDIANTE EL \u00daNICO IMPULSO DE LAS DIRECCIONES GENERALES Y CONCEJAL\u00cdAS, SIN INFORMES PREVIOS DE LOS FUNCIONARIOS JEFES DE SERVICIO<\/strong><\/span>. Este nuevo sistema de gesti\u00f3n del dinero p\u00fablico, tenemos serias dudas de que se sostenga legalmente.<\/p>\n<p style=\"text-align: justify;\">La opini\u00f3n de <span style=\"color: #ff0000;\"><strong>UGT<\/strong> <\/span>al respecto es que los expedientes realizados de este modo, pueden carecer del impulso t\u00e9cnico y la justificaci\u00f3n suficiente, ya que <strong>SON LOS FUNCIONARIOS JEFES DE SERVICIO, QUIENES COMO T\u00c9CNICOS OSTENTAN LA POTESTAD P\u00daBLICA DE SALVAGUARDA DE LOS INTERESES GENERALES<\/strong>, algo reservado a los funcionarios de carrera.<\/p>\n<p style=\"text-align: justify;\">Por ello, hemos elevado <strong><u>escrito a la Alcaldesa del Ayuntamiento de Santander, solicitando conocer la argumentaci\u00f3n legal<\/u><\/strong> en la que se ha basado el Equipo de Gobierno, para la generaci\u00f3n de este nuevo sistema de acceso al presupuesto p\u00fablico. Estaremos pendientes de su respuesta, ya que, <strong><u>de persistir nuestras dudas, acudiremos a los tribunales para que sean ellos, quienes las diriman.<\/u><\/strong><\/p>\n<p style=\"text-align: justify;\">Por \u00faltimo, desde <span style=\"color: #ff0000;\"><strong>UGT<\/strong><\/span> solo queremos deciros que <span style=\"color: #ff0000;\"><strong>CONTINUAREMOS INFORMANDO A TODOS LOS COMPA\u00d1EROS Y LUCHANDO POR LA EJECUCI\u00d3N DE LOS ACUERDOS YA FIRMADOS, Y POR UN PLAN DE EMPLEO CON MEJORAS PARA TODOS LOS EMPLEADOS MUNICIPALES<\/strong><\/span><strong>,<\/strong> as\u00ed como por el respeto a los derechos de toda la plantilla municipal, <strong>FUNCIONARIOS Y LABORALES<\/strong>.<\/p>\n<p style=\"text-align: justify;\"><span style=\"color: #ff0000;\">Seguiremos informando.<\/span><\/p>\n","protected":false},"excerpt":{"rendered":"<p>Compa\u00f1eros, tal y como os comunicamos desde UGT en el anterior Informa, las MOVILIZACIONES por los IMPAGOS E INCUMPLIMIENTOS DE LOS ACUERDOS ALCANZADOS EN MESA CONTIN\u00daAN HASTA QUE NO SE HAGA EFECTIVO CADA EURO COMPROMETIDO. El pasado jueves 30 de octubre los representantes de todas las organizaciones sindicales municipales y muchos compa\u00f1eros hemos secundado las [&hellip;]<\/p>\n","protected":false},"author":8,"featured_media":0,"comment_status":"closed","ping_status":"open","sticky":false,"template":"","format":"standard","meta":{"_exactmetrics_skip_tracking":false,"_exactmetrics_sitenote_active":false,"_exactmetrics_sitenote_note":"","_exactmetrics_sitenote_category":0,"_genesis_hide_title":false,"_genesis_hide_breadcrumbs":false,"_genesis_hide_singular_image":false,"_genesis_hide_footer_widgets":false,"_genesis_custom_body_class":"","_genesis_custom_post_class":"","_genesis_layout":"","footnotes":""},"categories":[54],"tags":[],"class_list":{"0":"post-4179","1":"post","2":"type-post","3":"status-publish","4":"format-standard","6":"category-noticias","7":"entry","8":"has-post-thumbnail"},"yoast_head":"<!-- This site is optimized with the Yoast SEO plugin v27.5 - https:\/\/yoast.com\/product\/yoast-seo-wordpress\/ -->\n<title>UGT INFORMA: EL LABERINTO DEL EQUIPO DE GOBIERNO - UGT Ayuntamiento de Santander<\/title>\n<meta name=\"robots\" content=\"index, follow, max-snippet:-1, max-image-preview:large, max-video-preview:-1\" \/>\n<link rel=\"canonical\" href=\"https:\/\/ugtaytosantander.es\/portal\/ugt-informa-el-laberinto-del-equipo-de-gobierno\/\" \/>\n<meta property=\"og:locale\" content=\"es_ES\" \/>\n<meta property=\"og:type\" content=\"article\" \/>\n<meta property=\"og:title\" content=\"UGT INFORMA: EL LABERINTO DEL EQUIPO DE GOBIERNO - UGT Ayuntamiento de Santander\" \/>\n<meta property=\"og:description\" content=\"Compa\u00f1eros, tal y como os comunicamos desde UGT en el anterior Informa, las MOVILIZACIONES por los IMPAGOS E INCUMPLIMIENTOS DE LOS ACUERDOS ALCANZADOS EN MESA CONTIN\u00daAN HASTA QUE NO SE HAGA EFECTIVO CADA EURO COMPROMETIDO. El pasado jueves 30 de octubre los representantes de todas las organizaciones sindicales municipales y muchos compa\u00f1eros hemos secundado las [&hellip;]\" \/>\n<meta property=\"og:url\" content=\"https:\/\/ugtaytosantander.es\/portal\/ugt-informa-el-laberinto-del-equipo-de-gobierno\/\" \/>\n<meta property=\"og:site_name\" content=\"UGT Ayuntamiento de Santander\" \/>\n<meta property=\"article:published_time\" content=\"2025-11-14T09:21:56+00:00\" \/>\n<meta property=\"article:modified_time\" content=\"2025-11-14T09:26:49+00:00\" \/>\n<meta property=\"og:image\" content=\"https:\/\/ugtaytosantander.es\/portal\/wp-content\/uploads\/2025\/11\/a41c965d-9da6-4eeb-806e-6bcfbf5bbe85.jpeg\" \/>\n\t<meta property=\"og:image:width\" content=\"1952\" \/>\n\t<meta property=\"og:image:height\" content=\"1573\" \/>\n\t<meta property=\"og:image:type\" content=\"image\/jpeg\" \/>\n<meta name=\"author\" content=\"Ricardo Garcia Pardo\" \/>\n<meta name=\"twitter:card\" content=\"summary_large_image\" \/>\n<meta name=\"twitter:label1\" content=\"Escrito por\" \/>\n\t<meta name=\"twitter:data1\" content=\"Ricardo Garcia Pardo\" \/>\n\t<meta name=\"twitter:label2\" content=\"Tiempo de lectura\" \/>\n\t<meta name=\"twitter:data2\" content=\"4 minutos\" \/>\n<script type=\"application\/ld+json\" class=\"yoast-schema-graph\">{\"@context\":\"https:\\\/\\\/schema.org\",\"@graph\":[{\"@type\":\"Article\",\"@id\":\"https:\\\/\\\/ugtaytosantander.es\\\/portal\\\/ugt-informa-el-laberinto-del-equipo-de-gobierno\\\/#article\",\"isPartOf\":{\"@id\":\"https:\\\/\\\/ugtaytosantander.es\\\/portal\\\/ugt-informa-el-laberinto-del-equipo-de-gobierno\\\/\"},\"author\":{\"name\":\"Ricardo Garcia Pardo\",\"@id\":\"https:\\\/\\\/ugtaytosantander.es\\\/portal\\\/#\\\/schema\\\/person\\\/ff5d6b0ad70c04f17d8981e1a397ff21\"},\"headline\":\"UGT INFORMA: EL LABERINTO DEL EQUIPO DE GOBIERNO\",\"datePublished\":\"2025-11-14T09:21:56+00:00\",\"dateModified\":\"2025-11-14T09:26:49+00:00\",\"mainEntityOfPage\":{\"@id\":\"https:\\\/\\\/ugtaytosantander.es\\\/portal\\\/ugt-informa-el-laberinto-del-equipo-de-gobierno\\\/\"},\"wordCount\":702,\"publisher\":{\"@id\":\"https:\\\/\\\/ugtaytosantander.es\\\/portal\\\/#organization\"},\"image\":{\"@id\":\"https:\\\/\\\/ugtaytosantander.es\\\/portal\\\/ugt-informa-el-laberinto-del-equipo-de-gobierno\\\/#primaryimage\"},\"thumbnailUrl\":\"https:\\\/\\\/ugtaytosantander.es\\\/portal\\\/wp-content\\\/uploads\\\/2025\\\/11\\\/a41c965d-9da6-4eeb-806e-6bcfbf5bbe85-300x242.jpeg\",\"articleSection\":[\"Noticias\"],\"inLanguage\":\"es\"},{\"@type\":\"WebPage\",\"@id\":\"https:\\\/\\\/ugtaytosantander.es\\\/portal\\\/ugt-informa-el-laberinto-del-equipo-de-gobierno\\\/\",\"url\":\"https:\\\/\\\/ugtaytosantander.es\\\/portal\\\/ugt-informa-el-laberinto-del-equipo-de-gobierno\\\/\",\"name\":\"UGT INFORMA: EL LABERINTO DEL EQUIPO DE GOBIERNO - UGT Ayuntamiento de Santander\",\"isPartOf\":{\"@id\":\"https:\\\/\\\/ugtaytosantander.es\\\/portal\\\/#website\"},\"primaryImageOfPage\":{\"@id\":\"https:\\\/\\\/ugtaytosantander.es\\\/portal\\\/ugt-informa-el-laberinto-del-equipo-de-gobierno\\\/#primaryimage\"},\"image\":{\"@id\":\"https:\\\/\\\/ugtaytosantander.es\\\/portal\\\/ugt-informa-el-laberinto-del-equipo-de-gobierno\\\/#primaryimage\"},\"thumbnailUrl\":\"https:\\\/\\\/ugtaytosantander.es\\\/portal\\\/wp-content\\\/uploads\\\/2025\\\/11\\\/a41c965d-9da6-4eeb-806e-6bcfbf5bbe85-300x242.jpeg\",\"datePublished\":\"2025-11-14T09:21:56+00:00\",\"dateModified\":\"2025-11-14T09:26:49+00:00\",\"breadcrumb\":{\"@id\":\"https:\\\/\\\/ugtaytosantander.es\\\/portal\\\/ugt-informa-el-laberinto-del-equipo-de-gobierno\\\/#breadcrumb\"},\"inLanguage\":\"es\",\"potentialAction\":[{\"@type\":\"ReadAction\",\"target\":[\"https:\\\/\\\/ugtaytosantander.es\\\/portal\\\/ugt-informa-el-laberinto-del-equipo-de-gobierno\\\/\"]}]},{\"@type\":\"ImageObject\",\"inLanguage\":\"es\",\"@id\":\"https:\\\/\\\/ugtaytosantander.es\\\/portal\\\/ugt-informa-el-laberinto-del-equipo-de-gobierno\\\/#primaryimage\",\"url\":\"https:\\\/\\\/ugtaytosantander.es\\\/portal\\\/wp-content\\\/uploads\\\/2025\\\/11\\\/a41c965d-9da6-4eeb-806e-6bcfbf5bbe85.jpeg\",\"contentUrl\":\"https:\\\/\\\/ugtaytosantander.es\\\/portal\\\/wp-content\\\/uploads\\\/2025\\\/11\\\/a41c965d-9da6-4eeb-806e-6bcfbf5bbe85.jpeg\",\"width\":1952,\"height\":1573},{\"@type\":\"BreadcrumbList\",\"@id\":\"https:\\\/\\\/ugtaytosantander.es\\\/portal\\\/ugt-informa-el-laberinto-del-equipo-de-gobierno\\\/#breadcrumb\",\"itemListElement\":[{\"@type\":\"ListItem\",\"position\":1,\"name\":\"Portada\",\"item\":\"https:\\\/\\\/ugtaytosantander.es\\\/portal\\\/\"},{\"@type\":\"ListItem\",\"position\":2,\"name\":\"UGT INFORMA: EL LABERINTO DEL EQUIPO DE GOBIERNO\"}]},{\"@type\":\"WebSite\",\"@id\":\"https:\\\/\\\/ugtaytosantander.es\\\/portal\\\/#website\",\"url\":\"https:\\\/\\\/ugtaytosantander.es\\\/portal\\\/\",\"name\":\"UGT Ayuntamiento de Santander\",\"description\":\"Seccion Sindical UGT Ayto Santander\",\"publisher\":{\"@id\":\"https:\\\/\\\/ugtaytosantander.es\\\/portal\\\/#organization\"},\"potentialAction\":[{\"@type\":\"SearchAction\",\"target\":{\"@type\":\"EntryPoint\",\"urlTemplate\":\"https:\\\/\\\/ugtaytosantander.es\\\/portal\\\/?s={search_term_string}\"},\"query-input\":{\"@type\":\"PropertyValueSpecification\",\"valueRequired\":true,\"valueName\":\"search_term_string\"}}],\"inLanguage\":\"es\"},{\"@type\":\"Organization\",\"@id\":\"https:\\\/\\\/ugtaytosantander.es\\\/portal\\\/#organization\",\"name\":\"Secci\u00f3n Sindical de UGT del Ayuntamiento de Santander\",\"url\":\"https:\\\/\\\/ugtaytosantander.es\\\/portal\\\/\",\"logo\":{\"@type\":\"ImageObject\",\"inLanguage\":\"es\",\"@id\":\"https:\\\/\\\/ugtaytosantander.es\\\/portal\\\/#\\\/schema\\\/logo\\\/image\\\/\",\"url\":\"https:\\\/\\\/ugtaytosantander.es\\\/portal\\\/wp-content\\\/uploads\\\/2019\\\/03\\\/Logo-FESP200.png\",\"contentUrl\":\"https:\\\/\\\/ugtaytosantander.es\\\/portal\\\/wp-content\\\/uploads\\\/2019\\\/03\\\/Logo-FESP200.png\",\"width\":200,\"height\":123,\"caption\":\"Secci\u00f3n Sindical de UGT del Ayuntamiento de Santander\"},\"image\":{\"@id\":\"https:\\\/\\\/ugtaytosantander.es\\\/portal\\\/#\\\/schema\\\/logo\\\/image\\\/\"}},{\"@type\":\"Person\",\"@id\":\"https:\\\/\\\/ugtaytosantander.es\\\/portal\\\/#\\\/schema\\\/person\\\/ff5d6b0ad70c04f17d8981e1a397ff21\",\"name\":\"Ricardo Garcia Pardo\",\"url\":\"https:\\\/\\\/ugtaytosantander.es\\\/portal\\\/author\\\/ricardo\\\/\"}]}<\/script>\n<!-- \/ Yoast SEO plugin. -->","yoast_head_json":{"title":"UGT INFORMA: EL LABERINTO DEL EQUIPO DE GOBIERNO - UGT Ayuntamiento de Santander","robots":{"index":"index","follow":"follow","max-snippet":"max-snippet:-1","max-image-preview":"max-image-preview:large","max-video-preview":"max-video-preview:-1"},"canonical":"https:\/\/ugtaytosantander.es\/portal\/ugt-informa-el-laberinto-del-equipo-de-gobierno\/","og_locale":"es_ES","og_type":"article","og_title":"UGT INFORMA: EL LABERINTO DEL EQUIPO DE GOBIERNO - UGT Ayuntamiento de Santander","og_description":"Compa\u00f1eros, tal y como os comunicamos desde UGT en el anterior Informa, las MOVILIZACIONES por los IMPAGOS E INCUMPLIMIENTOS DE LOS ACUERDOS ALCANZADOS EN MESA CONTIN\u00daAN HASTA QUE NO SE HAGA EFECTIVO CADA EURO COMPROMETIDO. El pasado jueves 30 de octubre los representantes de todas las organizaciones sindicales municipales y muchos compa\u00f1eros hemos secundado las [&hellip;]","og_url":"https:\/\/ugtaytosantander.es\/portal\/ugt-informa-el-laberinto-del-equipo-de-gobierno\/","og_site_name":"UGT Ayuntamiento de Santander","article_published_time":"2025-11-14T09:21:56+00:00","article_modified_time":"2025-11-14T09:26:49+00:00","og_image":[{"width":1952,"height":1573,"url":"https:\/\/ugtaytosantander.es\/portal\/wp-content\/uploads\/2025\/11\/a41c965d-9da6-4eeb-806e-6bcfbf5bbe85.jpeg","type":"image\/jpeg"}],"author":"Ricardo Garcia Pardo","twitter_card":"summary_large_image","twitter_misc":{"Escrito por":"Ricardo Garcia Pardo","Tiempo de lectura":"4 minutos"},"schema":{"@context":"https:\/\/schema.org","@graph":[{"@type":"Article","@id":"https:\/\/ugtaytosantander.es\/portal\/ugt-informa-el-laberinto-del-equipo-de-gobierno\/#article","isPartOf":{"@id":"https:\/\/ugtaytosantander.es\/portal\/ugt-informa-el-laberinto-del-equipo-de-gobierno\/"},"author":{"name":"Ricardo Garcia Pardo","@id":"https:\/\/ugtaytosantander.es\/portal\/#\/schema\/person\/ff5d6b0ad70c04f17d8981e1a397ff21"},"headline":"UGT INFORMA: EL LABERINTO DEL EQUIPO DE GOBIERNO","datePublished":"2025-11-14T09:21:56+00:00","dateModified":"2025-11-14T09:26:49+00:00","mainEntityOfPage":{"@id":"https:\/\/ugtaytosantander.es\/portal\/ugt-informa-el-laberinto-del-equipo-de-gobierno\/"},"wordCount":702,"publisher":{"@id":"https:\/\/ugtaytosantander.es\/portal\/#organization"},"image":{"@id":"https:\/\/ugtaytosantander.es\/portal\/ugt-informa-el-laberinto-del-equipo-de-gobierno\/#primaryimage"},"thumbnailUrl":"https:\/\/ugtaytosantander.es\/portal\/wp-content\/uploads\/2025\/11\/a41c965d-9da6-4eeb-806e-6bcfbf5bbe85-300x242.jpeg","articleSection":["Noticias"],"inLanguage":"es"},{"@type":"WebPage","@id":"https:\/\/ugtaytosantander.es\/portal\/ugt-informa-el-laberinto-del-equipo-de-gobierno\/","url":"https:\/\/ugtaytosantander.es\/portal\/ugt-informa-el-laberinto-del-equipo-de-gobierno\/","name":"UGT INFORMA: EL LABERINTO DEL EQUIPO DE GOBIERNO - UGT Ayuntamiento de Santander","isPartOf":{"@id":"https:\/\/ugtaytosantander.es\/portal\/#website"},"primaryImageOfPage":{"@id":"https:\/\/ugtaytosantander.es\/portal\/ugt-informa-el-laberinto-del-equipo-de-gobierno\/#primaryimage"},"image":{"@id":"https:\/\/ugtaytosantander.es\/portal\/ugt-informa-el-laberinto-del-equipo-de-gobierno\/#primaryimage"},"thumbnailUrl":"https:\/\/ugtaytosantander.es\/portal\/wp-content\/uploads\/2025\/11\/a41c965d-9da6-4eeb-806e-6bcfbf5bbe85-300x242.jpeg","datePublished":"2025-11-14T09:21:56+00:00","dateModified":"2025-11-14T09:26:49+00:00","breadcrumb":{"@id":"https:\/\/ugtaytosantander.es\/portal\/ugt-informa-el-laberinto-del-equipo-de-gobierno\/#breadcrumb"},"inLanguage":"es","potentialAction":[{"@type":"ReadAction","target":["https:\/\/ugtaytosantander.es\/portal\/ugt-informa-el-laberinto-del-equipo-de-gobierno\/"]}]},{"@type":"ImageObject","inLanguage":"es","@id":"https:\/\/ugtaytosantander.es\/portal\/ugt-informa-el-laberinto-del-equipo-de-gobierno\/#primaryimage","url":"https:\/\/ugtaytosantander.es\/portal\/wp-content\/uploads\/2025\/11\/a41c965d-9da6-4eeb-806e-6bcfbf5bbe85.jpeg","contentUrl":"https:\/\/ugtaytosantander.es\/portal\/wp-content\/uploads\/2025\/11\/a41c965d-9da6-4eeb-806e-6bcfbf5bbe85.jpeg","width":1952,"height":1573},{"@type":"BreadcrumbList","@id":"https:\/\/ugtaytosantander.es\/portal\/ugt-informa-el-laberinto-del-equipo-de-gobierno\/#breadcrumb","itemListElement":[{"@type":"ListItem","position":1,"name":"Portada","item":"https:\/\/ugtaytosantander.es\/portal\/"},{"@type":"ListItem","position":2,"name":"UGT INFORMA: EL LABERINTO DEL EQUIPO DE GOBIERNO"}]},{"@type":"WebSite","@id":"https:\/\/ugtaytosantander.es\/portal\/#website","url":"https:\/\/ugtaytosantander.es\/portal\/","name":"UGT Ayuntamiento de Santander","description":"Seccion Sindical UGT Ayto Santander","publisher":{"@id":"https:\/\/ugtaytosantander.es\/portal\/#organization"},"potentialAction":[{"@type":"SearchAction","target":{"@type":"EntryPoint","urlTemplate":"https:\/\/ugtaytosantander.es\/portal\/?s={search_term_string}"},"query-input":{"@type":"PropertyValueSpecification","valueRequired":true,"valueName":"search_term_string"}}],"inLanguage":"es"},{"@type":"Organization","@id":"https:\/\/ugtaytosantander.es\/portal\/#organization","name":"Secci\u00f3n Sindical de UGT del Ayuntamiento de Santander","url":"https:\/\/ugtaytosantander.es\/portal\/","logo":{"@type":"ImageObject","inLanguage":"es","@id":"https:\/\/ugtaytosantander.es\/portal\/#\/schema\/logo\/image\/","url":"https:\/\/ugtaytosantander.es\/portal\/wp-content\/uploads\/2019\/03\/Logo-FESP200.png","contentUrl":"https:\/\/ugtaytosantander.es\/portal\/wp-content\/uploads\/2019\/03\/Logo-FESP200.png","width":200,"height":123,"caption":"Secci\u00f3n Sindical de UGT del Ayuntamiento de Santander"},"image":{"@id":"https:\/\/ugtaytosantander.es\/portal\/#\/schema\/logo\/image\/"}},{"@type":"Person","@id":"https:\/\/ugtaytosantander.es\/portal\/#\/schema\/person\/ff5d6b0ad70c04f17d8981e1a397ff21","name":"Ricardo Garcia Pardo","url":"https:\/\/ugtaytosantander.es\/portal\/author\/ricardo\/"}]}},"publishpress_future_action":{"enabled":false,"date":"2026-05-09 12:32:07","action":"change-status","newStatus":"trash","terms":[],"taxonomy":"category","extraData":[]},"publishpress_future_workflow_manual_trigger":{"enabledWorkflows":[]},"_links":{"self":[{"href":"https:\/\/ugtaytosantander.es\/portal\/wp-json\/wp\/v2\/posts\/4179","targetHints":{"allow":["GET"]}}],"collection":[{"href":"https:\/\/ugtaytosantander.es\/portal\/wp-json\/wp\/v2\/posts"}],"about":[{"href":"https:\/\/ugtaytosantander.es\/portal\/wp-json\/wp\/v2\/types\/post"}],"author":[{"embeddable":true,"href":"https:\/\/ugtaytosantander.es\/portal\/wp-json\/wp\/v2\/users\/8"}],"replies":[{"embeddable":true,"href":"https:\/\/ugtaytosantander.es\/portal\/wp-json\/wp\/v2\/comments?post=4179"}],"version-history":[{"count":3,"href":"https:\/\/ugtaytosantander.es\/portal\/wp-json\/wp\/v2\/posts\/4179\/revisions"}],"predecessor-version":[{"id":4183,"href":"https:\/\/ugtaytosantander.es\/portal\/wp-json\/wp\/v2\/posts\/4179\/revisions\/4183"}],"wp:attachment":[{"href":"https:\/\/ugtaytosantander.es\/portal\/wp-json\/wp\/v2\/media?parent=4179"}],"wp:term":[{"taxonomy":"category","embeddable":true,"href":"https:\/\/ugtaytosantander.es\/portal\/wp-json\/wp\/v2\/categories?post=4179"},{"taxonomy":"post_tag","embeddable":true,"href":"https:\/\/ugtaytosantander.es\/portal\/wp-json\/wp\/v2\/tags?post=4179"}],"curies":[{"name":"wp","href":"https:\/\/api.w.org\/{rel}","templated":true}]}}