{"id":4184,"date":"2025-11-25T10:33:04","date_gmt":"2025-11-25T09:33:04","guid":{"rendered":"https:\/\/ugtaytosantander.es\/portal\/?p=4184"},"modified":"2025-11-25T11:22:11","modified_gmt":"2025-11-25T10:22:11","slug":"25-n-2025-tolerancia-cero-contra-la-delincuencia-machista","status":"publish","type":"post","link":"https:\/\/ugtaytosantander.es\/portal\/25-n-2025-tolerancia-cero-contra-la-delincuencia-machista\/","title":{"rendered":"25 N 2025: TOLERANCIA CERO CONTRA LA DELINCUENCIA MACHISTA."},"content":{"rendered":"<p><img fetchpriority=\"high\" decoding=\"async\" class=\" wp-image-4196 aligncenter\" src=\"https:\/\/ugtaytosantander.es\/portal\/wp-content\/uploads\/2025\/11\/CMANIO-FORMATO-LETRA-25N-274x300.jpeg\" alt=\"\" width=\"375\" height=\"411\" srcset=\"https:\/\/ugtaytosantander.es\/portal\/wp-content\/uploads\/2025\/11\/CMANIO-FORMATO-LETRA-25N-274x300.jpeg 274w, https:\/\/ugtaytosantander.es\/portal\/wp-content\/uploads\/2025\/11\/CMANIO-FORMATO-LETRA-25N-768x841.jpeg 768w, https:\/\/ugtaytosantander.es\/portal\/wp-content\/uploads\/2025\/11\/CMANIO-FORMATO-LETRA-25N.jpeg 921w\" sizes=\"(max-width: 375px) 100vw, 375px\" \/><\/p>\n<p style=\"text-align: justify;\">Cada 25 de noviembre conmemoramos el <strong>D\u00eda internacional para la eliminaci\u00f3n de la violencia contra la mujer<\/strong>. Se eligi\u00f3 esta fecha <strong><span style=\"color: #ff0000;\">porque el 25 de noviembre de 1960<\/span><\/strong>, tres hermanas dominicanas, Patria, Minerva y Mar\u00eda Teresa Mirabal, opositoras al r\u00e9gimen dictatorial de Trujillo, fueron secuestradas, torturadas y asesinadas y, para simular un accidente, sus cad\u00e1veres fueron arrojados dentro de un coche por un barranco.<\/p>\n<p style=\"text-align: justify;\">La delincuencia machista es un t\u00e9rmino que no aparece en los C\u00f3digos Penales como categor\u00eda jur\u00eddica, pero describe perfectamente este fen\u00f3meno criminal y ayuda a entender la violencia machista como delito y como problema social. Hace referencia al conjunto de comportamientos delictivos que se ejercen sobre una mujer por razones de g\u00e9nero y basados en ideas machistas toleradas socialmente durante siglos: desigualdad, posesi\u00f3n, control, celos, dominaci\u00f3n, desprecio, violencia. No es un fen\u00f3meno aislado, sino que forma parte de una estructura social que da m\u00e1s poder a los hombres que a las mujeres en lo econ\u00f3mico, pol\u00edtico y social. Durante siglos, la ley, la religi\u00f3n y la cultura avalaron esta desigualdad. Aunque muchas de esas normas se han eliminado, sus efectos persisten.<\/p>\n<p style=\"text-align: justify;\"><span style=\"text-decoration: underline; color: #ff0000;\"><strong>A las y los m\u00e1s j\u00f3venes<\/strong><\/span> debemos explicarles lo que ha conseguido la lucha feminista. Tienen que saber que en Espa\u00f1a las mujeres\u00a0 no ten\u00edamos derecho a votar hasta 1931; necesit\u00e1bamos permiso de nuestro tutor (primero el padre y despu\u00e9s el marido) para trabajar, abrir una cuenta bancaria, administrar nuestras propiedades o viajar hasta 1975; no pod\u00edamos usar anticonceptivos hasta 1978; no ten\u00edamos derecho a divorciarnos hasta 1981; no ten\u00edamos derecho a abortar hasta 1985; la violaci\u00f3n dentro del matrimonio no se consideraba delito hasta 1992, pero el adulterio femenino se consideraba delito hasta 1978, etc., etc., etc. <strong>La Ley para la igualdad efectiva de mujeres y hombres se aprob\u00f3 en 2007.<\/strong><\/p>\n<p style=\"text-align: justify;\">Debemos explicarles que no deben permitir que nadie pretenda que se averg\u00fcencen de ser feministas. Para defenderlo, basta recurrir al Diccionario de la Real Academia Espa\u00f1ola: el feminismo defiende la igualdad de derechos y de oportunidades entre mujeres y hombres y lucha por la realizaci\u00f3n efectiva de esa igualdad en todos los \u00f3rdenes. A ellos, debemos explicarles que les enga\u00f1an quienes intentan convencerles de que los avances en los derechos de las mujeres son una amenaza para los derechos de los hombres. <strong><span style=\"color: #ff0000;\">M\u00e1s igualdad no significa menos derechos para los hombres, significa una sociedad m\u00e1s justa. El feminismo no enfrenta g\u00e9neros, libera y beneficia a toda la sociedad.<\/span><\/strong><\/p>\n<p style=\"text-align: justify;\">La delincuencia machista mata: 39 mujeres asesinadas, v\u00edctimas de violencia de g\u00e9nero, en lo que llevamos de a\u00f1o, y 3 ni\u00f1as y ni\u00f1os asesinados, v\u00edctimas de violencia vicaria. Cada manifestaci\u00f3n y cada condena por cada nueva v\u00edctima no hacen sino constatar que estamos fallando como sociedad. Han pasado 21 a\u00f1os desde la aprobaci\u00f3n de la Ley integral contra la Violencia de G\u00e9nero y el n\u00famero de v\u00edctimas mortales contin\u00faa siendo sostenido a lo largo de los a\u00f1os.<\/p>\n<p style=\"text-align: justify;\"><strong>No normalicemos lo que es inaceptable<\/strong>. Porque la \u00fanica cifra asumible para una sociedad igualitaria es CERO.<\/p>\n<p style=\"text-align: justify;\">La delincuencia machista, adem\u00e1s de matar, tambi\u00e9n enferma. Ya no utiliza,\u00a0m\u00e9todos como aquellos de quemarnos en\u00a0 hogueras, arrojarnos por acantilados o encerrarnos de por vida en castillos o monasterios. Pero utiliza otros, como:<\/p>\n<p style=\"text-align: justify;\">La violencia sexual: trata, violaciones, abusos, agresiones, mutilaci\u00f3n genital, acoso sexual.<\/p>\n<p style=\"text-align: justify;\">La violencia f\u00edsica: agresiones, lesiones.<\/p>\n<p style=\"text-align: justify;\">La violencia psicol\u00f3gica: amenazas, coacciones, intimidaci\u00f3n, hostigamiento, humillaciones, control, aislamiento.<\/p>\n<p style=\"text-align: justify;\">La violencia econ\u00f3mica.<\/p>\n<p style=\"text-align: justify;\">La violencia digital.<\/p>\n<p style=\"text-align: justify;\">Establecer las cifras exactas de estas v\u00edctimas es imposible. De las pocas cifras oficiales que hemos encontrado, recordar que en este momento hay en Espa\u00f1a 105.509 mujeres y adolescentes con protecci\u00f3n policial activa.<\/p>\n<p style=\"text-align: justify;\"><span style=\"text-decoration: underline;\"><span style=\"color: #ff0000; text-decoration: underline;\"><strong>En el mundo laboral<\/strong><\/span><\/span>, la delincuencia machista act\u00faa disfraz\u00e1ndose de superioridad jer\u00e1rquica, de estructura, de aparato, de pol\u00edtica de empresa, de necesidades de servicio, etc., etc. Pero a quienes representamos a las mujeres trabajadoras no van a conseguir enga\u00f1arnos. Tenemos claro que es delincuencia machista situaciones que muchas mujeres trabajadoras hemos vivido cuando hemos cuestionado el patriarcado: brecha salarial, acoso, que se nos juzgue por nuestro aspecto f\u00edsico o por nuestra forma de vestir, que se extiendan rumores sobre nuestra sexualidad o nuestra vida privada, que se nos desacredite a nuestras espaldas sin que podamos defendernos, que se cuestione nuestra salud mental, que se nos se\u00f1ale \u00a0por decisiones adoptadas por m\u00e1s personas, que se decida sobre nuestra vida laboral sin consultarnos, que se nos a\u00edsle. Podr\u00edamos llenar folios y folios con ejemplos reales. Hasta que enfermamos, y tenemos que elegir curarnos, y consiguen su objetivo: apartarnos, porque resultamos inc\u00f3modas y son incapaces de hacernos frente con m\u00e9todos leg\u00edtimos en el \u00e1mbito laboral. <span style=\"color: #ff0000;\">Lo m\u00e1s desolador es comprobar c\u00f3mo la delincuencia machista en los centros de trabajo cuenta con c\u00f3mplices, personas necias que justifican y reproducen su argumentario y personas cobardes, que prefieren mirar hacia otro lado.<span style=\"color: #000000;\"> Hoy algunas de ellas acudir\u00e1n a las manifestaciones y se declarar\u00e1n muy feministas.<\/span><\/span> Ojal\u00e1 encuentren un momento para acordarse de las v\u00edctimas a las que ni siquiera quisieron escuchar, y a las que fueron incapaces de proteger adecuadamente.<\/p>\n<p style=\"text-align: justify;\">La delincuencia machista es una lacra social, y como tal, su erradicaci\u00f3n nos compete a todas y a todos. Reclamemos a las Administraciones P\u00fablicas pol\u00edticas eficaces y, como ciudadanas y ciudadanos, no s\u00f3lo hoy 25 N, sino cada uno y todos los d\u00edas, mostremos TOLERANCIA CERO CONTRA LA DELINCUENCIA MACHISTA.<\/p>\n","protected":false},"excerpt":{"rendered":"<p>Cada 25 de noviembre conmemoramos el D\u00eda internacional para la eliminaci\u00f3n de la violencia contra la mujer. Se eligi\u00f3 esta fecha porque el 25 de noviembre de 1960, tres hermanas dominicanas, Patria, Minerva y Mar\u00eda Teresa Mirabal, opositoras al r\u00e9gimen dictatorial de Trujillo, fueron secuestradas, torturadas y asesinadas y, para simular un accidente, sus cad\u00e1veres [&hellip;]<\/p>\n","protected":false},"author":8,"featured_media":0,"comment_status":"closed","ping_status":"open","sticky":false,"template":"","format":"standard","meta":{"_exactmetrics_skip_tracking":false,"_exactmetrics_sitenote_active":false,"_exactmetrics_sitenote_note":"","_exactmetrics_sitenote_category":0,"_genesis_hide_title":false,"_genesis_hide_breadcrumbs":false,"_genesis_hide_singular_image":false,"_genesis_hide_footer_widgets":false,"_genesis_custom_body_class":"","_genesis_custom_post_class":"","_genesis_layout":"","footnotes":""},"categories":[54],"tags":[],"class_list":{"0":"post-4184","1":"post","2":"type-post","3":"status-publish","4":"format-standard","6":"category-noticias","7":"entry","8":"has-post-thumbnail"},"yoast_head":"<!-- This site is optimized with the Yoast SEO plugin v27.5 - https:\/\/yoast.com\/product\/yoast-seo-wordpress\/ -->\n<title>25 N 2025: TOLERANCIA CERO CONTRA LA DELINCUENCIA MACHISTA. - UGT Ayuntamiento de Santander<\/title>\n<meta name=\"robots\" content=\"index, follow, max-snippet:-1, max-image-preview:large, max-video-preview:-1\" \/>\n<link rel=\"canonical\" href=\"https:\/\/ugtaytosantander.es\/portal\/25-n-2025-tolerancia-cero-contra-la-delincuencia-machista\/\" \/>\n<meta property=\"og:locale\" content=\"es_ES\" \/>\n<meta property=\"og:type\" content=\"article\" \/>\n<meta property=\"og:title\" content=\"25 N 2025: TOLERANCIA CERO CONTRA LA DELINCUENCIA MACHISTA. - UGT Ayuntamiento de Santander\" \/>\n<meta property=\"og:description\" content=\"Cada 25 de noviembre conmemoramos el D\u00eda internacional para la eliminaci\u00f3n de la violencia contra la mujer. Se eligi\u00f3 esta fecha porque el 25 de noviembre de 1960, tres hermanas dominicanas, Patria, Minerva y Mar\u00eda Teresa Mirabal, opositoras al r\u00e9gimen dictatorial de Trujillo, fueron secuestradas, torturadas y asesinadas y, para simular un accidente, sus cad\u00e1veres [&hellip;]\" \/>\n<meta property=\"og:url\" content=\"https:\/\/ugtaytosantander.es\/portal\/25-n-2025-tolerancia-cero-contra-la-delincuencia-machista\/\" \/>\n<meta property=\"og:site_name\" content=\"UGT Ayuntamiento de Santander\" \/>\n<meta property=\"article:published_time\" content=\"2025-11-25T09:33:04+00:00\" \/>\n<meta property=\"article:modified_time\" content=\"2025-11-25T10:22:11+00:00\" \/>\n<meta property=\"og:image\" content=\"https:\/\/ugtaytosantander.es\/portal\/wp-content\/uploads\/2025\/11\/CMANIO-FORMATO-LETRA-25N.jpeg\" \/>\n\t<meta property=\"og:image:width\" content=\"921\" \/>\n\t<meta property=\"og:image:height\" content=\"1009\" \/>\n\t<meta property=\"og:image:type\" content=\"image\/jpeg\" \/>\n<meta name=\"author\" content=\"Ricardo Garcia Pardo\" \/>\n<meta name=\"twitter:card\" content=\"summary_large_image\" \/>\n<meta name=\"twitter:label1\" content=\"Escrito por\" \/>\n\t<meta name=\"twitter:data1\" content=\"Ricardo Garcia Pardo\" \/>\n\t<meta name=\"twitter:label2\" content=\"Tiempo de lectura\" \/>\n\t<meta name=\"twitter:data2\" content=\"5 minutos\" \/>\n<script type=\"application\/ld+json\" class=\"yoast-schema-graph\">{\"@context\":\"https:\\\/\\\/schema.org\",\"@graph\":[{\"@type\":\"Article\",\"@id\":\"https:\\\/\\\/ugtaytosantander.es\\\/portal\\\/25-n-2025-tolerancia-cero-contra-la-delincuencia-machista\\\/#article\",\"isPartOf\":{\"@id\":\"https:\\\/\\\/ugtaytosantander.es\\\/portal\\\/25-n-2025-tolerancia-cero-contra-la-delincuencia-machista\\\/\"},\"author\":{\"name\":\"Ricardo Garcia Pardo\",\"@id\":\"https:\\\/\\\/ugtaytosantander.es\\\/portal\\\/#\\\/schema\\\/person\\\/ff5d6b0ad70c04f17d8981e1a397ff21\"},\"headline\":\"25 N 2025: TOLERANCIA CERO CONTRA LA DELINCUENCIA MACHISTA.\",\"datePublished\":\"2025-11-25T09:33:04+00:00\",\"dateModified\":\"2025-11-25T10:22:11+00:00\",\"mainEntityOfPage\":{\"@id\":\"https:\\\/\\\/ugtaytosantander.es\\\/portal\\\/25-n-2025-tolerancia-cero-contra-la-delincuencia-machista\\\/\"},\"wordCount\":958,\"publisher\":{\"@id\":\"https:\\\/\\\/ugtaytosantander.es\\\/portal\\\/#organization\"},\"image\":{\"@id\":\"https:\\\/\\\/ugtaytosantander.es\\\/portal\\\/25-n-2025-tolerancia-cero-contra-la-delincuencia-machista\\\/#primaryimage\"},\"thumbnailUrl\":\"https:\\\/\\\/ugtaytosantander.es\\\/portal\\\/wp-content\\\/uploads\\\/2025\\\/11\\\/CMANIO-FORMATO-LETRA-25N-274x300.jpeg\",\"articleSection\":[\"Noticias\"],\"inLanguage\":\"es\"},{\"@type\":\"WebPage\",\"@id\":\"https:\\\/\\\/ugtaytosantander.es\\\/portal\\\/25-n-2025-tolerancia-cero-contra-la-delincuencia-machista\\\/\",\"url\":\"https:\\\/\\\/ugtaytosantander.es\\\/portal\\\/25-n-2025-tolerancia-cero-contra-la-delincuencia-machista\\\/\",\"name\":\"25 N 2025: TOLERANCIA CERO CONTRA LA DELINCUENCIA MACHISTA. - UGT Ayuntamiento de Santander\",\"isPartOf\":{\"@id\":\"https:\\\/\\\/ugtaytosantander.es\\\/portal\\\/#website\"},\"primaryImageOfPage\":{\"@id\":\"https:\\\/\\\/ugtaytosantander.es\\\/portal\\\/25-n-2025-tolerancia-cero-contra-la-delincuencia-machista\\\/#primaryimage\"},\"image\":{\"@id\":\"https:\\\/\\\/ugtaytosantander.es\\\/portal\\\/25-n-2025-tolerancia-cero-contra-la-delincuencia-machista\\\/#primaryimage\"},\"thumbnailUrl\":\"https:\\\/\\\/ugtaytosantander.es\\\/portal\\\/wp-content\\\/uploads\\\/2025\\\/11\\\/CMANIO-FORMATO-LETRA-25N-274x300.jpeg\",\"datePublished\":\"2025-11-25T09:33:04+00:00\",\"dateModified\":\"2025-11-25T10:22:11+00:00\",\"breadcrumb\":{\"@id\":\"https:\\\/\\\/ugtaytosantander.es\\\/portal\\\/25-n-2025-tolerancia-cero-contra-la-delincuencia-machista\\\/#breadcrumb\"},\"inLanguage\":\"es\",\"potentialAction\":[{\"@type\":\"ReadAction\",\"target\":[\"https:\\\/\\\/ugtaytosantander.es\\\/portal\\\/25-n-2025-tolerancia-cero-contra-la-delincuencia-machista\\\/\"]}]},{\"@type\":\"ImageObject\",\"inLanguage\":\"es\",\"@id\":\"https:\\\/\\\/ugtaytosantander.es\\\/portal\\\/25-n-2025-tolerancia-cero-contra-la-delincuencia-machista\\\/#primaryimage\",\"url\":\"https:\\\/\\\/ugtaytosantander.es\\\/portal\\\/wp-content\\\/uploads\\\/2025\\\/11\\\/CMANIO-FORMATO-LETRA-25N.jpeg\",\"contentUrl\":\"https:\\\/\\\/ugtaytosantander.es\\\/portal\\\/wp-content\\\/uploads\\\/2025\\\/11\\\/CMANIO-FORMATO-LETRA-25N.jpeg\",\"width\":921,\"height\":1009},{\"@type\":\"BreadcrumbList\",\"@id\":\"https:\\\/\\\/ugtaytosantander.es\\\/portal\\\/25-n-2025-tolerancia-cero-contra-la-delincuencia-machista\\\/#breadcrumb\",\"itemListElement\":[{\"@type\":\"ListItem\",\"position\":1,\"name\":\"Portada\",\"item\":\"https:\\\/\\\/ugtaytosantander.es\\\/portal\\\/\"},{\"@type\":\"ListItem\",\"position\":2,\"name\":\"25 N 2025: TOLERANCIA CERO CONTRA LA DELINCUENCIA MACHISTA.\"}]},{\"@type\":\"WebSite\",\"@id\":\"https:\\\/\\\/ugtaytosantander.es\\\/portal\\\/#website\",\"url\":\"https:\\\/\\\/ugtaytosantander.es\\\/portal\\\/\",\"name\":\"UGT Ayuntamiento de Santander\",\"description\":\"Seccion Sindical UGT Ayto Santander\",\"publisher\":{\"@id\":\"https:\\\/\\\/ugtaytosantander.es\\\/portal\\\/#organization\"},\"potentialAction\":[{\"@type\":\"SearchAction\",\"target\":{\"@type\":\"EntryPoint\",\"urlTemplate\":\"https:\\\/\\\/ugtaytosantander.es\\\/portal\\\/?s={search_term_string}\"},\"query-input\":{\"@type\":\"PropertyValueSpecification\",\"valueRequired\":true,\"valueName\":\"search_term_string\"}}],\"inLanguage\":\"es\"},{\"@type\":\"Organization\",\"@id\":\"https:\\\/\\\/ugtaytosantander.es\\\/portal\\\/#organization\",\"name\":\"Secci\u00f3n Sindical de UGT del Ayuntamiento de Santander\",\"url\":\"https:\\\/\\\/ugtaytosantander.es\\\/portal\\\/\",\"logo\":{\"@type\":\"ImageObject\",\"inLanguage\":\"es\",\"@id\":\"https:\\\/\\\/ugtaytosantander.es\\\/portal\\\/#\\\/schema\\\/logo\\\/image\\\/\",\"url\":\"https:\\\/\\\/ugtaytosantander.es\\\/portal\\\/wp-content\\\/uploads\\\/2019\\\/03\\\/Logo-FESP200.png\",\"contentUrl\":\"https:\\\/\\\/ugtaytosantander.es\\\/portal\\\/wp-content\\\/uploads\\\/2019\\\/03\\\/Logo-FESP200.png\",\"width\":200,\"height\":123,\"caption\":\"Secci\u00f3n Sindical de UGT del Ayuntamiento de Santander\"},\"image\":{\"@id\":\"https:\\\/\\\/ugtaytosantander.es\\\/portal\\\/#\\\/schema\\\/logo\\\/image\\\/\"}},{\"@type\":\"Person\",\"@id\":\"https:\\\/\\\/ugtaytosantander.es\\\/portal\\\/#\\\/schema\\\/person\\\/ff5d6b0ad70c04f17d8981e1a397ff21\",\"name\":\"Ricardo Garcia Pardo\",\"url\":\"https:\\\/\\\/ugtaytosantander.es\\\/portal\\\/author\\\/ricardo\\\/\"}]}<\/script>\n<!-- \/ Yoast SEO plugin. -->","yoast_head_json":{"title":"25 N 2025: TOLERANCIA CERO CONTRA LA DELINCUENCIA MACHISTA. - UGT Ayuntamiento de Santander","robots":{"index":"index","follow":"follow","max-snippet":"max-snippet:-1","max-image-preview":"max-image-preview:large","max-video-preview":"max-video-preview:-1"},"canonical":"https:\/\/ugtaytosantander.es\/portal\/25-n-2025-tolerancia-cero-contra-la-delincuencia-machista\/","og_locale":"es_ES","og_type":"article","og_title":"25 N 2025: TOLERANCIA CERO CONTRA LA DELINCUENCIA MACHISTA. - UGT Ayuntamiento de Santander","og_description":"Cada 25 de noviembre conmemoramos el D\u00eda internacional para la eliminaci\u00f3n de la violencia contra la mujer. Se eligi\u00f3 esta fecha porque el 25 de noviembre de 1960, tres hermanas dominicanas, Patria, Minerva y Mar\u00eda Teresa Mirabal, opositoras al r\u00e9gimen dictatorial de Trujillo, fueron secuestradas, torturadas y asesinadas y, para simular un accidente, sus cad\u00e1veres [&hellip;]","og_url":"https:\/\/ugtaytosantander.es\/portal\/25-n-2025-tolerancia-cero-contra-la-delincuencia-machista\/","og_site_name":"UGT Ayuntamiento de Santander","article_published_time":"2025-11-25T09:33:04+00:00","article_modified_time":"2025-11-25T10:22:11+00:00","og_image":[{"width":921,"height":1009,"url":"https:\/\/ugtaytosantander.es\/portal\/wp-content\/uploads\/2025\/11\/CMANIO-FORMATO-LETRA-25N.jpeg","type":"image\/jpeg"}],"author":"Ricardo Garcia Pardo","twitter_card":"summary_large_image","twitter_misc":{"Escrito por":"Ricardo Garcia Pardo","Tiempo de lectura":"5 minutos"},"schema":{"@context":"https:\/\/schema.org","@graph":[{"@type":"Article","@id":"https:\/\/ugtaytosantander.es\/portal\/25-n-2025-tolerancia-cero-contra-la-delincuencia-machista\/#article","isPartOf":{"@id":"https:\/\/ugtaytosantander.es\/portal\/25-n-2025-tolerancia-cero-contra-la-delincuencia-machista\/"},"author":{"name":"Ricardo Garcia Pardo","@id":"https:\/\/ugtaytosantander.es\/portal\/#\/schema\/person\/ff5d6b0ad70c04f17d8981e1a397ff21"},"headline":"25 N 2025: TOLERANCIA CERO CONTRA LA DELINCUENCIA MACHISTA.","datePublished":"2025-11-25T09:33:04+00:00","dateModified":"2025-11-25T10:22:11+00:00","mainEntityOfPage":{"@id":"https:\/\/ugtaytosantander.es\/portal\/25-n-2025-tolerancia-cero-contra-la-delincuencia-machista\/"},"wordCount":958,"publisher":{"@id":"https:\/\/ugtaytosantander.es\/portal\/#organization"},"image":{"@id":"https:\/\/ugtaytosantander.es\/portal\/25-n-2025-tolerancia-cero-contra-la-delincuencia-machista\/#primaryimage"},"thumbnailUrl":"https:\/\/ugtaytosantander.es\/portal\/wp-content\/uploads\/2025\/11\/CMANIO-FORMATO-LETRA-25N-274x300.jpeg","articleSection":["Noticias"],"inLanguage":"es"},{"@type":"WebPage","@id":"https:\/\/ugtaytosantander.es\/portal\/25-n-2025-tolerancia-cero-contra-la-delincuencia-machista\/","url":"https:\/\/ugtaytosantander.es\/portal\/25-n-2025-tolerancia-cero-contra-la-delincuencia-machista\/","name":"25 N 2025: TOLERANCIA CERO CONTRA LA DELINCUENCIA MACHISTA. - UGT Ayuntamiento de Santander","isPartOf":{"@id":"https:\/\/ugtaytosantander.es\/portal\/#website"},"primaryImageOfPage":{"@id":"https:\/\/ugtaytosantander.es\/portal\/25-n-2025-tolerancia-cero-contra-la-delincuencia-machista\/#primaryimage"},"image":{"@id":"https:\/\/ugtaytosantander.es\/portal\/25-n-2025-tolerancia-cero-contra-la-delincuencia-machista\/#primaryimage"},"thumbnailUrl":"https:\/\/ugtaytosantander.es\/portal\/wp-content\/uploads\/2025\/11\/CMANIO-FORMATO-LETRA-25N-274x300.jpeg","datePublished":"2025-11-25T09:33:04+00:00","dateModified":"2025-11-25T10:22:11+00:00","breadcrumb":{"@id":"https:\/\/ugtaytosantander.es\/portal\/25-n-2025-tolerancia-cero-contra-la-delincuencia-machista\/#breadcrumb"},"inLanguage":"es","potentialAction":[{"@type":"ReadAction","target":["https:\/\/ugtaytosantander.es\/portal\/25-n-2025-tolerancia-cero-contra-la-delincuencia-machista\/"]}]},{"@type":"ImageObject","inLanguage":"es","@id":"https:\/\/ugtaytosantander.es\/portal\/25-n-2025-tolerancia-cero-contra-la-delincuencia-machista\/#primaryimage","url":"https:\/\/ugtaytosantander.es\/portal\/wp-content\/uploads\/2025\/11\/CMANIO-FORMATO-LETRA-25N.jpeg","contentUrl":"https:\/\/ugtaytosantander.es\/portal\/wp-content\/uploads\/2025\/11\/CMANIO-FORMATO-LETRA-25N.jpeg","width":921,"height":1009},{"@type":"BreadcrumbList","@id":"https:\/\/ugtaytosantander.es\/portal\/25-n-2025-tolerancia-cero-contra-la-delincuencia-machista\/#breadcrumb","itemListElement":[{"@type":"ListItem","position":1,"name":"Portada","item":"https:\/\/ugtaytosantander.es\/portal\/"},{"@type":"ListItem","position":2,"name":"25 N 2025: TOLERANCIA CERO CONTRA LA DELINCUENCIA MACHISTA."}]},{"@type":"WebSite","@id":"https:\/\/ugtaytosantander.es\/portal\/#website","url":"https:\/\/ugtaytosantander.es\/portal\/","name":"UGT Ayuntamiento de Santander","description":"Seccion Sindical UGT Ayto Santander","publisher":{"@id":"https:\/\/ugtaytosantander.es\/portal\/#organization"},"potentialAction":[{"@type":"SearchAction","target":{"@type":"EntryPoint","urlTemplate":"https:\/\/ugtaytosantander.es\/portal\/?s={search_term_string}"},"query-input":{"@type":"PropertyValueSpecification","valueRequired":true,"valueName":"search_term_string"}}],"inLanguage":"es"},{"@type":"Organization","@id":"https:\/\/ugtaytosantander.es\/portal\/#organization","name":"Secci\u00f3n Sindical de UGT del Ayuntamiento de Santander","url":"https:\/\/ugtaytosantander.es\/portal\/","logo":{"@type":"ImageObject","inLanguage":"es","@id":"https:\/\/ugtaytosantander.es\/portal\/#\/schema\/logo\/image\/","url":"https:\/\/ugtaytosantander.es\/portal\/wp-content\/uploads\/2019\/03\/Logo-FESP200.png","contentUrl":"https:\/\/ugtaytosantander.es\/portal\/wp-content\/uploads\/2019\/03\/Logo-FESP200.png","width":200,"height":123,"caption":"Secci\u00f3n Sindical de UGT del Ayuntamiento de Santander"},"image":{"@id":"https:\/\/ugtaytosantander.es\/portal\/#\/schema\/logo\/image\/"}},{"@type":"Person","@id":"https:\/\/ugtaytosantander.es\/portal\/#\/schema\/person\/ff5d6b0ad70c04f17d8981e1a397ff21","name":"Ricardo Garcia Pardo","url":"https:\/\/ugtaytosantander.es\/portal\/author\/ricardo\/"}]}},"publishpress_future_action":{"enabled":false,"date":"2026-05-09 12:37:03","action":"change-status","newStatus":"trash","terms":[],"taxonomy":"category","extraData":[]},"publishpress_future_workflow_manual_trigger":{"enabledWorkflows":[]},"_links":{"self":[{"href":"https:\/\/ugtaytosantander.es\/portal\/wp-json\/wp\/v2\/posts\/4184","targetHints":{"allow":["GET"]}}],"collection":[{"href":"https:\/\/ugtaytosantander.es\/portal\/wp-json\/wp\/v2\/posts"}],"about":[{"href":"https:\/\/ugtaytosantander.es\/portal\/wp-json\/wp\/v2\/types\/post"}],"author":[{"embeddable":true,"href":"https:\/\/ugtaytosantander.es\/portal\/wp-json\/wp\/v2\/users\/8"}],"replies":[{"embeddable":true,"href":"https:\/\/ugtaytosantander.es\/portal\/wp-json\/wp\/v2\/comments?post=4184"}],"version-history":[{"count":10,"href":"https:\/\/ugtaytosantander.es\/portal\/wp-json\/wp\/v2\/posts\/4184\/revisions"}],"predecessor-version":[{"id":4197,"href":"https:\/\/ugtaytosantander.es\/portal\/wp-json\/wp\/v2\/posts\/4184\/revisions\/4197"}],"wp:attachment":[{"href":"https:\/\/ugtaytosantander.es\/portal\/wp-json\/wp\/v2\/media?parent=4184"}],"wp:term":[{"taxonomy":"category","embeddable":true,"href":"https:\/\/ugtaytosantander.es\/portal\/wp-json\/wp\/v2\/categories?post=4184"},{"taxonomy":"post_tag","embeddable":true,"href":"https:\/\/ugtaytosantander.es\/portal\/wp-json\/wp\/v2\/tags?post=4184"}],"curies":[{"name":"wp","href":"https:\/\/api.w.org\/{rel}","templated":true}]}}