{"id":4200,"date":"2026-01-19T15:10:59","date_gmt":"2026-01-19T14:10:59","guid":{"rendered":"https:\/\/ugtaytosantander.es\/portal\/?p=4200"},"modified":"2026-01-19T15:10:59","modified_gmt":"2026-01-19T14:10:59","slug":"ugt-informa-y-la-politica-de-rr-hh-del-equipo-de-gobierno-se-fue-a-pique","status":"publish","type":"post","link":"https:\/\/ugtaytosantander.es\/portal\/ugt-informa-y-la-politica-de-rr-hh-del-equipo-de-gobierno-se-fue-a-pique\/","title":{"rendered":"UGT INFORMA: Y LA POLITICA DE RR.HH. DEL EQUIPO DE GOBIERNO SE FUE A PIQUE"},"content":{"rendered":"<p><img fetchpriority=\"high\" decoding=\"async\" class=\" wp-image-4201 aligncenter\" src=\"https:\/\/ugtaytosantander.es\/portal\/wp-content\/uploads\/2026\/01\/PHOTO-2026-01-18-22-36-26-300x263.jpg\" alt=\"\" width=\"493\" height=\"432\" srcset=\"https:\/\/ugtaytosantander.es\/portal\/wp-content\/uploads\/2026\/01\/PHOTO-2026-01-18-22-36-26-300x263.jpg 300w, https:\/\/ugtaytosantander.es\/portal\/wp-content\/uploads\/2026\/01\/PHOTO-2026-01-18-22-36-26-1024x899.jpg 1024w, https:\/\/ugtaytosantander.es\/portal\/wp-content\/uploads\/2026\/01\/PHOTO-2026-01-18-22-36-26-768x674.jpg 768w, https:\/\/ugtaytosantander.es\/portal\/wp-content\/uploads\/2026\/01\/PHOTO-2026-01-18-22-36-26-1536x1348.jpg 1536w, https:\/\/ugtaytosantander.es\/portal\/wp-content\/uploads\/2026\/01\/PHOTO-2026-01-18-22-36-26.jpg 1792w\" sizes=\"(max-width: 493px) 100vw, 493px\" \/><\/p>\n<p style=\"text-align: justify;\">El reci\u00e9n terminado 2025 y el inicio de este 2026 por lo que m\u00e1s est\u00e1 destacando el Equipo de Gobierno, una vez m\u00e1s con su Director de RRHH a la cabeza, est\u00e1 siendo por el <span style=\"text-decoration: underline;\"><strong><span style=\"color: #ff0000; text-decoration: underline;\">FRACASO ABSOLUTO DE SU POLITICA DE RR. HH.<\/span><\/strong><\/span><\/p>\n<p style=\"text-align: justify;\">El broche final en 2025 fue<span style=\"text-decoration: underline;\"><strong> \u201cel brindis no brindis\u201d<\/strong> <\/span>una clara escenificaci\u00f3n de su maltrato a la plantilla municipal tras meses y meses de <strong><span style=\"text-decoration: underline;\"><span style=\"color: #ff0000; text-decoration: underline;\">INCUMPLIMIENTOS DE LOS ACUERDOS ADOPTADOS<\/span><\/span><\/strong> <span style=\"color: #000000;\"><strong>PARA <span style=\"text-decoration: underline;\">SERVICIOS SOCIALES, VIGILANTES Y<\/span><span style=\"text-decoration: underline;\"> ORDENANZAS, M\u00daSICOS, POLICIAS Y BOMBEROS<\/span><\/strong><\/span>, acuerdos negociados y firmados y que se pretenden dejar en papel mojado, buscando v\u00edas de desviar el foco de atenci\u00f3n y generando situaciones de conflicto en los Servicios.<\/p>\n<p style=\"text-align: justify;\">Tampoco se puede olvidar el <strong><span style=\"text-decoration: underline;\"><span style=\"color: #ff0000; text-decoration: underline;\">MALTRATO A LOS INTERINOS<\/span><\/span><\/strong>, <span style=\"text-decoration: underline;\"><strong>NEG\u00c1NDOLES EL ACCESO A UN CONCURSO-OPOSICI\u00d3N<\/strong> <\/span>injustificado e injustificable en t\u00e9rminos de \u201cbuena fe\u201d, algo de lo que tampoco ha habido en este 2025, e <strong><span style=\"text-decoration: underline;\"><span style=\"color: #ff0000; text-decoration: underline;\">IRREGULARIDADES EN LOS SEGUIMIENTOS DE LAS BOLSAS<\/span><\/span><\/strong>, que derivan en evitar desde la Concejal\u00eda de Personal la convocatoria de la Comisi\u00f3n de Seguimiento, o la entrega de informes por escrito solicitados por U.G.T. de actuaciones que nos generan una vez m\u00e1s, dudas.<\/p>\n<p style=\"text-align: justify;\">Ahora, en el arranque de 2026 se a\u00f1ade la <span style=\"text-decoration: underline;\"><strong><span style=\"color: #ff0000; text-decoration: underline;\">SUSPENSI\u00d3N Y ANULACI\u00d3N DE LAS 10 PLAZAS DE AUXILIAR <\/span><\/strong><\/span><span style=\"text-decoration: underline;\"><strong><span style=\"color: #ff0000; text-decoration: underline;\">ADMINISTRATIVO DE LA OPE 2019 Y QUE EL AYUNTAMIENTO DE SANTANDER HA DEJADO CADUCAR.<\/span><\/strong><\/span> Una vez m\u00e1s intentando desviar el foco de su responsabilidad directa culpando a \u201cotros\u201d, cuando es directamente su responsabilidad y seguramente esto sea s\u00f3lo la punta del iceberg de m\u00e1s situaciones equivalentes.<\/p>\n<p style=\"text-align: justify;\">Desde <strong><span style=\"color: #ff0000;\">U.G.T.<\/span><\/strong> os hemos ido relatando<strong><span style=\"text-decoration: underline;\"> mes tras mes los diferentes esc\u00e1ndalos<\/span> <\/strong>(24 Informas publicados en 2025), muestras claras de lo que solo podemos interpretar como<strong><span style=\"text-decoration: underline;\"> \u201cmala fe\u201d del Equipo de Gobierno<\/span><\/strong>. Fruto de ello, en el mes de abril tuvimos para destacar la negociaci\u00f3n de una <strong><span style=\"text-decoration: underline;\">OPE 2025 irregular y que \u201col\u00eda a chamusquina\u201d<\/span><\/strong> y se culmin\u00f3 en julio, con el conocimiento a trav\u00e9s de los ciudadanos de las <span style=\"text-decoration: underline;\"><strong>\u201cactividades extraescolares\u201d del Director de RR.HH.<\/strong> municipal<\/span>, como preparador de opositores en una academia privada, todo ello judicializado a fecha de hoy por <strong><span style=\"color: #ff0000;\">U.G.T.<\/span><\/strong><\/p>\n<p style=\"text-align: justify;\">Tampoco en <strong><span style=\"color: #ff0000;\">U.G.T.<\/span><\/strong> podemos olvidar los meses y meses de espera para cobrar la subida del<span style=\"text-decoration: underline;\"><strong> 0,5%, que se percibi\u00f3 ya casi termin\u00e1ndose el a\u00f1o<\/strong> <\/span>con la nomina de noviembre, o la <strong><span style=\"text-decoration: underline;\">nueva subida aprobada por el Gobierno la cual el <\/span><\/strong><strong><span style=\"text-decoration: underline;\">Ayuntamiento de Santander tiene pendiente, as\u00ed como sus atrasos \u2026 y veremos hasta cu\u00e1ndo.<\/span><\/strong><\/p>\n<p style=\"text-align: justify;\">Tambi\u00e9n es muy destacable como hemos ido relatando peri\u00f3dicamente, la creaci\u00f3n en 2025 del <strong>\u201cNUEVO CANAL DE FIRMAS\u201d<\/strong> que permite actuar a los <strong>DIRECTORES GENERALES A MODO DE \u201cJEFES DE SERVICIO POL\u00cdTICOS\u201d VALIDANDO DE ESTA FORMA T\u00c9CNICAMENTE LO QUE ELLOS MISMOS PROPONEN POL\u00cdTICAMENTE.<\/strong><\/p>\n<p style=\"text-align: justify;\">Desde<strong><span style=\"color: #ff0000;\"> U.G.T.<\/span> <\/strong>interpretamos que cualquier acto administrativo de contenido econ\u00f3mico firmado por los Directores Generales sin el informe previo de la Jefatura de Servicio correspondiente ocupada por un FUNCIONARIO, (aprobaciones de gastos, validaciones de facturas \u2026 etc) <strong>SON SUSCEPTIBLES DE SER NULOS DE PLENO DERECHO E INCLUSO CON POSIBLES RESPONSABILIDADES A NIVEL CONTABLE.<\/strong><br \/>\nCuando las <span style=\"text-decoration: underline;\">Direcciones Generales redactan \u201cInformes\u201d, elaboran \u201cPresupuestos\u201d o proponen \u201cPagos\u201d<\/span> entran en el \u00c1MBITO EJECUTIVO, QUE TRASCIENDE AMPLIAMENTE DE \u201cDEFINIR ESTRATEGIAS\u201d. No olvidemos que el <strong>ART. 9.2 DEL EBEP EXCLUYE A LOS DIRECTORES GENERALES DE LA SALVAGUARDA DE LOS INTERESES GENERALES Y LA GESTI\u00d3N T\u00c9CNICA (COMPETENCIA EXCLUSIVA DEL FUNCIONARIADO).<\/strong><br \/>\nDesde <strong><span style=\"color: #ff0000;\">U.G.T.<\/span><\/strong> venimos denunciando estas cuestiones por las graves dudas que nos generan, que a fecha de hoy no se han dado respuesta, pero que <span style=\"text-decoration: underline;\">continuaremos por todos los cauces establecidos para esclarecerlas completamente, durante el pr\u00f3ximo 2026.<\/span><\/p>\n<p style=\"text-align: justify;\">POR TODO LO ANTERIORMENTE DESCRITO, LA GRAVEDAD QUE IMPLICA Y LA SITUACI\u00d3N DE QUIEBRA TOTAL Y ABSOLUTA DE LA POL\u00cdTICA DE RR.HH. MUNICIPAL <strong><span style=\"text-decoration: underline;\"><span style=\"color: #ff0000; text-decoration: underline;\">REITERAMOS UNA VEZ MAS LA SOLICITUD DE CESE INMEDIATO DEL DIRECTOR GENERAL DE RR.HH. MUNICIPAL, YA QUE NO VEMOS UNA SOLA CAUSA QUE JUSTIFIQUE MANTENER ESTE PUESTO TRAS TODO LO ACONTECIDO Y DESCRITO.<\/span><\/span><\/strong><\/p>\n<p style=\"text-align: justify;\">Por \u00faltimo, como desde<strong><span style=\"color: #ff0000;\"> U.G.T.<\/span><\/strong> consideramos que en gran medida la suerte es fruto del trabajo y la oportunidad,\u00a0 \u00a0os prometemos seguir <span style=\"color: #ff0000;\"><strong><span style=\"text-decoration: underline;\">TRABAJANDO Y VELANDO TODOS LOS D\u00cdAS POR LA DEFENSA DE VUESTROS DERECHOS Y PARA QUE TODAS LAS INJUSTICIAS QUE VENIMOS PADECIENDO SE REVIERTAN.<\/span><\/strong><\/span><\/p>\n<p style=\"text-align: justify;\"><strong><span style=\"text-decoration: underline;\"><span style=\"color: #ff0000; text-decoration: underline;\">DESDE UGT SEGUIREMOS INFORMANDO<\/span><\/span><\/strong><\/p>\n","protected":false},"excerpt":{"rendered":"<p>El reci\u00e9n terminado 2025 y el inicio de este 2026 por lo que m\u00e1s est\u00e1 destacando el Equipo de Gobierno, una vez m\u00e1s con su Director de RRHH a la cabeza, est\u00e1 siendo por el FRACASO ABSOLUTO DE SU POLITICA DE RR. HH. El broche final en 2025 fue \u201cel brindis no brindis\u201d una clara [&hellip;]<\/p>\n","protected":false},"author":8,"featured_media":0,"comment_status":"closed","ping_status":"open","sticky":false,"template":"","format":"standard","meta":{"_exactmetrics_skip_tracking":false,"_exactmetrics_sitenote_active":false,"_exactmetrics_sitenote_note":"","_exactmetrics_sitenote_category":0,"_genesis_hide_title":false,"_genesis_hide_breadcrumbs":false,"_genesis_hide_singular_image":false,"_genesis_hide_footer_widgets":false,"_genesis_custom_body_class":"","_genesis_custom_post_class":"","_genesis_layout":"","footnotes":""},"categories":[54],"tags":[],"class_list":{"0":"post-4200","1":"post","2":"type-post","3":"status-publish","4":"format-standard","6":"category-noticias","7":"entry","8":"has-post-thumbnail"},"yoast_head":"<!-- This site is optimized with the Yoast SEO plugin v27.5 - https:\/\/yoast.com\/product\/yoast-seo-wordpress\/ -->\n<title>UGT INFORMA: Y LA POLITICA DE RR.HH. DEL EQUIPO DE GOBIERNO SE FUE A PIQUE - UGT Ayuntamiento de Santander<\/title>\n<meta name=\"robots\" content=\"index, follow, max-snippet:-1, max-image-preview:large, max-video-preview:-1\" \/>\n<link rel=\"canonical\" href=\"https:\/\/ugtaytosantander.es\/portal\/ugt-informa-y-la-politica-de-rr-hh-del-equipo-de-gobierno-se-fue-a-pique\/\" \/>\n<meta property=\"og:locale\" content=\"es_ES\" \/>\n<meta property=\"og:type\" content=\"article\" \/>\n<meta property=\"og:title\" content=\"UGT INFORMA: Y LA POLITICA DE RR.HH. DEL EQUIPO DE GOBIERNO SE FUE A PIQUE - UGT Ayuntamiento de Santander\" \/>\n<meta property=\"og:description\" content=\"El reci\u00e9n terminado 2025 y el inicio de este 2026 por lo que m\u00e1s est\u00e1 destacando el Equipo de Gobierno, una vez m\u00e1s con su Director de RRHH a la cabeza, est\u00e1 siendo por el FRACASO ABSOLUTO DE SU POLITICA DE RR. HH. El broche final en 2025 fue \u201cel brindis no brindis\u201d una clara [&hellip;]\" \/>\n<meta property=\"og:url\" content=\"https:\/\/ugtaytosantander.es\/portal\/ugt-informa-y-la-politica-de-rr-hh-del-equipo-de-gobierno-se-fue-a-pique\/\" \/>\n<meta property=\"og:site_name\" content=\"UGT Ayuntamiento de Santander\" \/>\n<meta property=\"article:published_time\" content=\"2026-01-19T14:10:59+00:00\" \/>\n<meta property=\"og:image\" content=\"https:\/\/ugtaytosantander.es\/portal\/wp-content\/uploads\/2026\/01\/PHOTO-2026-01-18-22-36-26.jpg\" \/>\n\t<meta property=\"og:image:width\" content=\"1792\" \/>\n\t<meta property=\"og:image:height\" content=\"1573\" \/>\n\t<meta property=\"og:image:type\" content=\"image\/jpeg\" \/>\n<meta name=\"author\" content=\"Ricardo Garcia Pardo\" \/>\n<meta name=\"twitter:card\" content=\"summary_large_image\" \/>\n<meta name=\"twitter:label1\" content=\"Escrito por\" \/>\n\t<meta name=\"twitter:data1\" content=\"Ricardo Garcia Pardo\" \/>\n\t<meta name=\"twitter:label2\" content=\"Tiempo de lectura\" \/>\n\t<meta name=\"twitter:data2\" content=\"4 minutos\" \/>\n<script type=\"application\/ld+json\" class=\"yoast-schema-graph\">{\"@context\":\"https:\\\/\\\/schema.org\",\"@graph\":[{\"@type\":\"Article\",\"@id\":\"https:\\\/\\\/ugtaytosantander.es\\\/portal\\\/ugt-informa-y-la-politica-de-rr-hh-del-equipo-de-gobierno-se-fue-a-pique\\\/#article\",\"isPartOf\":{\"@id\":\"https:\\\/\\\/ugtaytosantander.es\\\/portal\\\/ugt-informa-y-la-politica-de-rr-hh-del-equipo-de-gobierno-se-fue-a-pique\\\/\"},\"author\":{\"name\":\"Ricardo Garcia Pardo\",\"@id\":\"https:\\\/\\\/ugtaytosantander.es\\\/portal\\\/#\\\/schema\\\/person\\\/ff5d6b0ad70c04f17d8981e1a397ff21\"},\"headline\":\"UGT INFORMA: Y LA POLITICA DE RR.HH. DEL EQUIPO DE GOBIERNO SE FUE A PIQUE\",\"datePublished\":\"2026-01-19T14:10:59+00:00\",\"mainEntityOfPage\":{\"@id\":\"https:\\\/\\\/ugtaytosantander.es\\\/portal\\\/ugt-informa-y-la-politica-de-rr-hh-del-equipo-de-gobierno-se-fue-a-pique\\\/\"},\"wordCount\":745,\"publisher\":{\"@id\":\"https:\\\/\\\/ugtaytosantander.es\\\/portal\\\/#organization\"},\"image\":{\"@id\":\"https:\\\/\\\/ugtaytosantander.es\\\/portal\\\/ugt-informa-y-la-politica-de-rr-hh-del-equipo-de-gobierno-se-fue-a-pique\\\/#primaryimage\"},\"thumbnailUrl\":\"https:\\\/\\\/ugtaytosantander.es\\\/portal\\\/wp-content\\\/uploads\\\/2026\\\/01\\\/PHOTO-2026-01-18-22-36-26-300x263.jpg\",\"articleSection\":[\"Noticias\"],\"inLanguage\":\"es\"},{\"@type\":\"WebPage\",\"@id\":\"https:\\\/\\\/ugtaytosantander.es\\\/portal\\\/ugt-informa-y-la-politica-de-rr-hh-del-equipo-de-gobierno-se-fue-a-pique\\\/\",\"url\":\"https:\\\/\\\/ugtaytosantander.es\\\/portal\\\/ugt-informa-y-la-politica-de-rr-hh-del-equipo-de-gobierno-se-fue-a-pique\\\/\",\"name\":\"UGT INFORMA: Y LA POLITICA DE RR.HH. DEL EQUIPO DE GOBIERNO SE FUE A PIQUE - UGT Ayuntamiento de Santander\",\"isPartOf\":{\"@id\":\"https:\\\/\\\/ugtaytosantander.es\\\/portal\\\/#website\"},\"primaryImageOfPage\":{\"@id\":\"https:\\\/\\\/ugtaytosantander.es\\\/portal\\\/ugt-informa-y-la-politica-de-rr-hh-del-equipo-de-gobierno-se-fue-a-pique\\\/#primaryimage\"},\"image\":{\"@id\":\"https:\\\/\\\/ugtaytosantander.es\\\/portal\\\/ugt-informa-y-la-politica-de-rr-hh-del-equipo-de-gobierno-se-fue-a-pique\\\/#primaryimage\"},\"thumbnailUrl\":\"https:\\\/\\\/ugtaytosantander.es\\\/portal\\\/wp-content\\\/uploads\\\/2026\\\/01\\\/PHOTO-2026-01-18-22-36-26-300x263.jpg\",\"datePublished\":\"2026-01-19T14:10:59+00:00\",\"breadcrumb\":{\"@id\":\"https:\\\/\\\/ugtaytosantander.es\\\/portal\\\/ugt-informa-y-la-politica-de-rr-hh-del-equipo-de-gobierno-se-fue-a-pique\\\/#breadcrumb\"},\"inLanguage\":\"es\",\"potentialAction\":[{\"@type\":\"ReadAction\",\"target\":[\"https:\\\/\\\/ugtaytosantander.es\\\/portal\\\/ugt-informa-y-la-politica-de-rr-hh-del-equipo-de-gobierno-se-fue-a-pique\\\/\"]}]},{\"@type\":\"ImageObject\",\"inLanguage\":\"es\",\"@id\":\"https:\\\/\\\/ugtaytosantander.es\\\/portal\\\/ugt-informa-y-la-politica-de-rr-hh-del-equipo-de-gobierno-se-fue-a-pique\\\/#primaryimage\",\"url\":\"https:\\\/\\\/ugtaytosantander.es\\\/portal\\\/wp-content\\\/uploads\\\/2026\\\/01\\\/PHOTO-2026-01-18-22-36-26.jpg\",\"contentUrl\":\"https:\\\/\\\/ugtaytosantander.es\\\/portal\\\/wp-content\\\/uploads\\\/2026\\\/01\\\/PHOTO-2026-01-18-22-36-26.jpg\",\"width\":1792,\"height\":1573},{\"@type\":\"BreadcrumbList\",\"@id\":\"https:\\\/\\\/ugtaytosantander.es\\\/portal\\\/ugt-informa-y-la-politica-de-rr-hh-del-equipo-de-gobierno-se-fue-a-pique\\\/#breadcrumb\",\"itemListElement\":[{\"@type\":\"ListItem\",\"position\":1,\"name\":\"Portada\",\"item\":\"https:\\\/\\\/ugtaytosantander.es\\\/portal\\\/\"},{\"@type\":\"ListItem\",\"position\":2,\"name\":\"UGT INFORMA: Y LA POLITICA DE RR.HH. DEL EQUIPO DE GOBIERNO SE FUE A PIQUE\"}]},{\"@type\":\"WebSite\",\"@id\":\"https:\\\/\\\/ugtaytosantander.es\\\/portal\\\/#website\",\"url\":\"https:\\\/\\\/ugtaytosantander.es\\\/portal\\\/\",\"name\":\"UGT Ayuntamiento de Santander\",\"description\":\"Seccion Sindical UGT Ayto Santander\",\"publisher\":{\"@id\":\"https:\\\/\\\/ugtaytosantander.es\\\/portal\\\/#organization\"},\"potentialAction\":[{\"@type\":\"SearchAction\",\"target\":{\"@type\":\"EntryPoint\",\"urlTemplate\":\"https:\\\/\\\/ugtaytosantander.es\\\/portal\\\/?s={search_term_string}\"},\"query-input\":{\"@type\":\"PropertyValueSpecification\",\"valueRequired\":true,\"valueName\":\"search_term_string\"}}],\"inLanguage\":\"es\"},{\"@type\":\"Organization\",\"@id\":\"https:\\\/\\\/ugtaytosantander.es\\\/portal\\\/#organization\",\"name\":\"Secci\u00f3n Sindical de UGT del Ayuntamiento de Santander\",\"url\":\"https:\\\/\\\/ugtaytosantander.es\\\/portal\\\/\",\"logo\":{\"@type\":\"ImageObject\",\"inLanguage\":\"es\",\"@id\":\"https:\\\/\\\/ugtaytosantander.es\\\/portal\\\/#\\\/schema\\\/logo\\\/image\\\/\",\"url\":\"https:\\\/\\\/ugtaytosantander.es\\\/portal\\\/wp-content\\\/uploads\\\/2019\\\/03\\\/Logo-FESP200.png\",\"contentUrl\":\"https:\\\/\\\/ugtaytosantander.es\\\/portal\\\/wp-content\\\/uploads\\\/2019\\\/03\\\/Logo-FESP200.png\",\"width\":200,\"height\":123,\"caption\":\"Secci\u00f3n Sindical de UGT del Ayuntamiento de Santander\"},\"image\":{\"@id\":\"https:\\\/\\\/ugtaytosantander.es\\\/portal\\\/#\\\/schema\\\/logo\\\/image\\\/\"}},{\"@type\":\"Person\",\"@id\":\"https:\\\/\\\/ugtaytosantander.es\\\/portal\\\/#\\\/schema\\\/person\\\/ff5d6b0ad70c04f17d8981e1a397ff21\",\"name\":\"Ricardo Garcia Pardo\",\"url\":\"https:\\\/\\\/ugtaytosantander.es\\\/portal\\\/author\\\/ricardo\\\/\"}]}<\/script>\n<!-- \/ Yoast SEO plugin. -->","yoast_head_json":{"title":"UGT INFORMA: Y LA POLITICA DE RR.HH. DEL EQUIPO DE GOBIERNO SE FUE A PIQUE - UGT Ayuntamiento de Santander","robots":{"index":"index","follow":"follow","max-snippet":"max-snippet:-1","max-image-preview":"max-image-preview:large","max-video-preview":"max-video-preview:-1"},"canonical":"https:\/\/ugtaytosantander.es\/portal\/ugt-informa-y-la-politica-de-rr-hh-del-equipo-de-gobierno-se-fue-a-pique\/","og_locale":"es_ES","og_type":"article","og_title":"UGT INFORMA: Y LA POLITICA DE RR.HH. DEL EQUIPO DE GOBIERNO SE FUE A PIQUE - UGT Ayuntamiento de Santander","og_description":"El reci\u00e9n terminado 2025 y el inicio de este 2026 por lo que m\u00e1s est\u00e1 destacando el Equipo de Gobierno, una vez m\u00e1s con su Director de RRHH a la cabeza, est\u00e1 siendo por el FRACASO ABSOLUTO DE SU POLITICA DE RR. HH. El broche final en 2025 fue \u201cel brindis no brindis\u201d una clara [&hellip;]","og_url":"https:\/\/ugtaytosantander.es\/portal\/ugt-informa-y-la-politica-de-rr-hh-del-equipo-de-gobierno-se-fue-a-pique\/","og_site_name":"UGT Ayuntamiento de Santander","article_published_time":"2026-01-19T14:10:59+00:00","og_image":[{"width":1792,"height":1573,"url":"https:\/\/ugtaytosantander.es\/portal\/wp-content\/uploads\/2026\/01\/PHOTO-2026-01-18-22-36-26.jpg","type":"image\/jpeg"}],"author":"Ricardo Garcia Pardo","twitter_card":"summary_large_image","twitter_misc":{"Escrito por":"Ricardo Garcia Pardo","Tiempo de lectura":"4 minutos"},"schema":{"@context":"https:\/\/schema.org","@graph":[{"@type":"Article","@id":"https:\/\/ugtaytosantander.es\/portal\/ugt-informa-y-la-politica-de-rr-hh-del-equipo-de-gobierno-se-fue-a-pique\/#article","isPartOf":{"@id":"https:\/\/ugtaytosantander.es\/portal\/ugt-informa-y-la-politica-de-rr-hh-del-equipo-de-gobierno-se-fue-a-pique\/"},"author":{"name":"Ricardo Garcia Pardo","@id":"https:\/\/ugtaytosantander.es\/portal\/#\/schema\/person\/ff5d6b0ad70c04f17d8981e1a397ff21"},"headline":"UGT INFORMA: Y LA POLITICA DE RR.HH. DEL EQUIPO DE GOBIERNO SE FUE A PIQUE","datePublished":"2026-01-19T14:10:59+00:00","mainEntityOfPage":{"@id":"https:\/\/ugtaytosantander.es\/portal\/ugt-informa-y-la-politica-de-rr-hh-del-equipo-de-gobierno-se-fue-a-pique\/"},"wordCount":745,"publisher":{"@id":"https:\/\/ugtaytosantander.es\/portal\/#organization"},"image":{"@id":"https:\/\/ugtaytosantander.es\/portal\/ugt-informa-y-la-politica-de-rr-hh-del-equipo-de-gobierno-se-fue-a-pique\/#primaryimage"},"thumbnailUrl":"https:\/\/ugtaytosantander.es\/portal\/wp-content\/uploads\/2026\/01\/PHOTO-2026-01-18-22-36-26-300x263.jpg","articleSection":["Noticias"],"inLanguage":"es"},{"@type":"WebPage","@id":"https:\/\/ugtaytosantander.es\/portal\/ugt-informa-y-la-politica-de-rr-hh-del-equipo-de-gobierno-se-fue-a-pique\/","url":"https:\/\/ugtaytosantander.es\/portal\/ugt-informa-y-la-politica-de-rr-hh-del-equipo-de-gobierno-se-fue-a-pique\/","name":"UGT INFORMA: Y LA POLITICA DE RR.HH. DEL EQUIPO DE GOBIERNO SE FUE A PIQUE - UGT Ayuntamiento de Santander","isPartOf":{"@id":"https:\/\/ugtaytosantander.es\/portal\/#website"},"primaryImageOfPage":{"@id":"https:\/\/ugtaytosantander.es\/portal\/ugt-informa-y-la-politica-de-rr-hh-del-equipo-de-gobierno-se-fue-a-pique\/#primaryimage"},"image":{"@id":"https:\/\/ugtaytosantander.es\/portal\/ugt-informa-y-la-politica-de-rr-hh-del-equipo-de-gobierno-se-fue-a-pique\/#primaryimage"},"thumbnailUrl":"https:\/\/ugtaytosantander.es\/portal\/wp-content\/uploads\/2026\/01\/PHOTO-2026-01-18-22-36-26-300x263.jpg","datePublished":"2026-01-19T14:10:59+00:00","breadcrumb":{"@id":"https:\/\/ugtaytosantander.es\/portal\/ugt-informa-y-la-politica-de-rr-hh-del-equipo-de-gobierno-se-fue-a-pique\/#breadcrumb"},"inLanguage":"es","potentialAction":[{"@type":"ReadAction","target":["https:\/\/ugtaytosantander.es\/portal\/ugt-informa-y-la-politica-de-rr-hh-del-equipo-de-gobierno-se-fue-a-pique\/"]}]},{"@type":"ImageObject","inLanguage":"es","@id":"https:\/\/ugtaytosantander.es\/portal\/ugt-informa-y-la-politica-de-rr-hh-del-equipo-de-gobierno-se-fue-a-pique\/#primaryimage","url":"https:\/\/ugtaytosantander.es\/portal\/wp-content\/uploads\/2026\/01\/PHOTO-2026-01-18-22-36-26.jpg","contentUrl":"https:\/\/ugtaytosantander.es\/portal\/wp-content\/uploads\/2026\/01\/PHOTO-2026-01-18-22-36-26.jpg","width":1792,"height":1573},{"@type":"BreadcrumbList","@id":"https:\/\/ugtaytosantander.es\/portal\/ugt-informa-y-la-politica-de-rr-hh-del-equipo-de-gobierno-se-fue-a-pique\/#breadcrumb","itemListElement":[{"@type":"ListItem","position":1,"name":"Portada","item":"https:\/\/ugtaytosantander.es\/portal\/"},{"@type":"ListItem","position":2,"name":"UGT INFORMA: Y LA POLITICA DE RR.HH. DEL EQUIPO DE GOBIERNO SE FUE A PIQUE"}]},{"@type":"WebSite","@id":"https:\/\/ugtaytosantander.es\/portal\/#website","url":"https:\/\/ugtaytosantander.es\/portal\/","name":"UGT Ayuntamiento de Santander","description":"Seccion Sindical UGT Ayto Santander","publisher":{"@id":"https:\/\/ugtaytosantander.es\/portal\/#organization"},"potentialAction":[{"@type":"SearchAction","target":{"@type":"EntryPoint","urlTemplate":"https:\/\/ugtaytosantander.es\/portal\/?s={search_term_string}"},"query-input":{"@type":"PropertyValueSpecification","valueRequired":true,"valueName":"search_term_string"}}],"inLanguage":"es"},{"@type":"Organization","@id":"https:\/\/ugtaytosantander.es\/portal\/#organization","name":"Secci\u00f3n Sindical de UGT del Ayuntamiento de Santander","url":"https:\/\/ugtaytosantander.es\/portal\/","logo":{"@type":"ImageObject","inLanguage":"es","@id":"https:\/\/ugtaytosantander.es\/portal\/#\/schema\/logo\/image\/","url":"https:\/\/ugtaytosantander.es\/portal\/wp-content\/uploads\/2019\/03\/Logo-FESP200.png","contentUrl":"https:\/\/ugtaytosantander.es\/portal\/wp-content\/uploads\/2019\/03\/Logo-FESP200.png","width":200,"height":123,"caption":"Secci\u00f3n Sindical de UGT del Ayuntamiento de Santander"},"image":{"@id":"https:\/\/ugtaytosantander.es\/portal\/#\/schema\/logo\/image\/"}},{"@type":"Person","@id":"https:\/\/ugtaytosantander.es\/portal\/#\/schema\/person\/ff5d6b0ad70c04f17d8981e1a397ff21","name":"Ricardo Garcia Pardo","url":"https:\/\/ugtaytosantander.es\/portal\/author\/ricardo\/"}]}},"publishpress_future_action":{"enabled":false,"date":"2026-05-09 12:32:48","action":"change-status","newStatus":"trash","terms":[],"taxonomy":"category","extraData":[]},"publishpress_future_workflow_manual_trigger":{"enabledWorkflows":[]},"_links":{"self":[{"href":"https:\/\/ugtaytosantander.es\/portal\/wp-json\/wp\/v2\/posts\/4200","targetHints":{"allow":["GET"]}}],"collection":[{"href":"https:\/\/ugtaytosantander.es\/portal\/wp-json\/wp\/v2\/posts"}],"about":[{"href":"https:\/\/ugtaytosantander.es\/portal\/wp-json\/wp\/v2\/types\/post"}],"author":[{"embeddable":true,"href":"https:\/\/ugtaytosantander.es\/portal\/wp-json\/wp\/v2\/users\/8"}],"replies":[{"embeddable":true,"href":"https:\/\/ugtaytosantander.es\/portal\/wp-json\/wp\/v2\/comments?post=4200"}],"version-history":[{"count":1,"href":"https:\/\/ugtaytosantander.es\/portal\/wp-json\/wp\/v2\/posts\/4200\/revisions"}],"predecessor-version":[{"id":4202,"href":"https:\/\/ugtaytosantander.es\/portal\/wp-json\/wp\/v2\/posts\/4200\/revisions\/4202"}],"wp:attachment":[{"href":"https:\/\/ugtaytosantander.es\/portal\/wp-json\/wp\/v2\/media?parent=4200"}],"wp:term":[{"taxonomy":"category","embeddable":true,"href":"https:\/\/ugtaytosantander.es\/portal\/wp-json\/wp\/v2\/categories?post=4200"},{"taxonomy":"post_tag","embeddable":true,"href":"https:\/\/ugtaytosantander.es\/portal\/wp-json\/wp\/v2\/tags?post=4200"}],"curies":[{"name":"wp","href":"https:\/\/api.w.org\/{rel}","templated":true}]}}