{"id":4213,"date":"2026-02-16T10:07:17","date_gmt":"2026-02-16T09:07:17","guid":{"rendered":"https:\/\/ugtaytosantander.es\/portal\/?p=4213"},"modified":"2026-02-16T10:07:17","modified_gmt":"2026-02-16T09:07:17","slug":"ugt-informa-el-camino-equivocado-del-equipo-de-gobierno","status":"publish","type":"post","link":"https:\/\/ugtaytosantander.es\/portal\/ugt-informa-el-camino-equivocado-del-equipo-de-gobierno\/","title":{"rendered":"UGT INFORMA: EL CAMINO EQUIVOCADO DEL EQUIPO DE GOBIERNO"},"content":{"rendered":"<p><img fetchpriority=\"high\" decoding=\"async\" class=\" wp-image-4214 aligncenter\" src=\"https:\/\/ugtaytosantander.es\/portal\/wp-content\/uploads\/2026\/02\/PHOTO-2026-02-15-19-15-35-300x250.jpg\" alt=\"\" width=\"462\" height=\"385\" srcset=\"https:\/\/ugtaytosantander.es\/portal\/wp-content\/uploads\/2026\/02\/PHOTO-2026-02-15-19-15-35-300x250.jpg 300w, https:\/\/ugtaytosantander.es\/portal\/wp-content\/uploads\/2026\/02\/PHOTO-2026-02-15-19-15-35-1024x854.jpg 1024w, https:\/\/ugtaytosantander.es\/portal\/wp-content\/uploads\/2026\/02\/PHOTO-2026-02-15-19-15-35-768x641.jpg 768w, https:\/\/ugtaytosantander.es\/portal\/wp-content\/uploads\/2026\/02\/PHOTO-2026-02-15-19-15-35-1536x1281.jpg 1536w, https:\/\/ugtaytosantander.es\/portal\/wp-content\/uploads\/2026\/02\/PHOTO-2026-02-15-19-15-35.jpg 2048w\" sizes=\"(max-width: 462px) 100vw, 462px\" \/><\/p>\n<p style=\"text-align: justify;\">El Ayuntamiento de Santander ha hecho suya la frase de, <strong>\u201cCUANDO NO SABES D\u00d3NDE VAS, CUALQUIER CAMINO TE LLEVA\u201d <\/strong>pero en una versi\u00f3n que se asemeja m\u00e1s a cuento de terror que otra cosa.<\/p>\n<p style=\"text-align: justify;\">Desde <span style=\"color: #ff0000;\"><strong>UGT,<\/strong><\/span> una vez m\u00e1s salimos para poner en vuestro conocimiento la deriva err\u00e1tica del Equipo de Gobierno y de su Direcci\u00f3n de RRHH. La pasada semana se remiti\u00f3 una convocatoria para Mesa, la cual tuvo que suspenderse al no haber recibido parte de las OO.SS. como en nuestro caso <strong><span style=\"color: #ff0000;\">UGT<\/span>,<\/strong> ni convocatoria, ni documentaci\u00f3n (como ocurri\u00f3 con anterioridad en un caso similar con la Convocatoria del Comit\u00e9 de Seguridad y Salud Laboral). A pesar de este grave error que producir\u00eda la nulidad de acuerdos, durante bastante tiempo desde el Ayuntamiento persist\u00eda en mantener la convocatoria, la cual decay\u00f3 \u00fanicamente tras una nueva denuncia para subsanar de <span style=\"color: #ff0000;\"><strong>UGT.<\/strong><\/span><\/p>\n<p style=\"text-align: justify;\">Tras analizar los documentos con la nueva convocatoria para la <span style=\"color: #ff0000;\"><strong><u>PR\u00d3XIMA MESA DE OPE 2026 DEL MI\u00c9RCOLES 18 DE FEBRERO,<\/u><\/strong> vemos que la <strong><u>DIRECCI\u00d3N DE RRHH Y EL EQUIPO DE GOBIERNO PERSISTEN EN MANTENER A TURNO LIBRE PLAZAS OCUPADAS POR COMPA\u00d1EROS EN INTERINIDAD<\/u><\/strong>,<\/span> por ejemplo las de aquellos que quedaron en \u201c<strong><u>el limbo\u201d<\/u><\/strong> a las puertas de la estabilizaci\u00f3n, y que en lugar de valorar sus conocimientos y experiencia mediante un concurso-oposici\u00f3n, <strong><u>les castiga imponiendo el turno libre<\/u><\/strong>.\u00a0Desde <strong><span style=\"color: #ff0000;\">UGT<\/span>,<\/strong> una vez m\u00e1s insistimos y denunciamos esta pr\u00e1ctica, que no se aplica en otras administraciones, y que perjudica a much\u00edsimos de nuestros compa\u00f1eros y que <strong><u>el Ayuntamiento impone y no justifica en modo alguno<\/u><\/strong>. Se lleva a Mesa para su aprobaci\u00f3n de <span style=\"color: #ff0000;\"><strong>BASES EN TURNO LIBRE para TCO ADMON GRAL A1 Y A2, TCO ESPECIALISTA EN HIGIENE A1, TCO ESPECIALISTA EN ERGONOM\u00cdA Y PSICOSOCIOLOG\u00cdA A1, AUXILIAR DE BIBLIOTECA C2 Y TCO AUXILIAR TURISMO C1<\/strong><\/span>, sin que a los ocupantes de las plazas afectados por estas bases se les haya informado o a sus representantes de cu\u00e1les quedar\u00edan afectadas, jugando una vez m\u00e1s con el futuro de los compa\u00f1eros con el miedo y la indefensi\u00f3n y sin derecho a que se les valore su experiencia y conocimientos.<\/p>\n<p style=\"text-align: justify;\">En la misma convocatoria del mi\u00e9rcoles 18 se incorpora un <span style=\"color: #ff0000;\"><strong>PTO. 4 SOBRE INFORMACI\u00d3N SOBRE PUESTOS A OFERTAR EN CONCURSO DE M\u00c9RITOS QUE NO SE ACOMPA\u00d1A DE DOCUMENTACI\u00d3N<\/strong> <strong>ALGUNA<\/strong> <\/span>desde la Administraci\u00f3n, solo de un mont\u00f3n de rumores que una vez m\u00e1s solo perjudican a los trabajadores.<\/p>\n<p style=\"text-align: justify;\">A esto se suma, que desde el <span style=\"color: #ff0000;\"><strong><u>EQUIPO DE GOBIERNO<\/u><\/strong> se <strong><u>CONTIN\u00daA CON LOS IMPAGOS Y LOS INCUMPLIMIENTOS DE LOS ACUERDOS A LOS COLECTIVOS DE VIGILANTES, ORDENANZAS, SERVICIOS SOCIALES, BANDA DE M\u00daSICA Y CONSERVATORIO, POLIC\u00cdAS, BOMBEROS Y MOVILIDAD<\/u><\/strong>.<\/span>\u00a0La semana pasada como sabr\u00e9is se realiz\u00f3 una <strong>ASAMBLEA INFORMATIVA PARA LOS COMPA\u00d1EROS AFECTADOS POR EL FAMOSO EXPEDIENTE 3\/25<\/strong> pendiente de informar desde hace 10 meses ya (lo que ten\u00eda que haber sido informado en 10 d\u00edas), y los compa\u00f1eros <strong><u>SIGUEN ESPERANDO LO COMPROMETIDO BAJO LOS FLASES Y CON LUCES Y TAQUIGRAFOS.<\/u><\/strong><\/p>\n<p style=\"text-align: justify;\">Ahora m\u00e1s que nunca vamos a seguir luchando por lo firmado y pendiente de ejecuci\u00f3n, e <strong>INSTAMOS A TODOS AQUELLOS INTERINOS AFECTADOS POR ESTE HUMILLANTE MALTRATO AL QUE LES QUIERE SOMETER, A QUE SE SUMEN A LAS MOVILIZACIONES QUE <\/strong><span style=\"color: #ff0000;\"><strong>UGT <\/strong><\/span><strong>EST\u00c1 LLEVANDO CON EL RESTO DE OO.SS. PARA EL CUMPLIMIENTO DE LOS ACUERDOS,<\/strong> incorporando su reivindicaci\u00f3n.<\/p>\n<p style=\"text-align: justify;\">Desde <span style=\"color: #ff0000;\"><strong>UGT<\/strong><\/span> no concebimos c\u00f3mo, <strong><u>a pesar de haber pedido reiteradamente la <\/u><\/strong><strong><u>DIMISI\u00d3N DEL DIRECTOR DE RRHH<\/u><\/strong><strong><u>, desde el Ayuntamiento \u00a0se normalice e incluso de la cara por esta figura que manifiestamente ha quedado claro que ha impartido clases opositores, que contin\u00faa participando en los procesos selectivos y que sostiene empecinadamente que las plazas ocupadas por interinos, pasen a turno libre, sin posibilidad de concurso oposici\u00f3n, en un ejercicio de NORMALIZACI\u00d3N DE LO QUE NUNCA BAJO NUESTRA OPINI\u00d3N, Y LA DE MUCH\u00cdSIMOS COMPA\u00d1EROS NO PUEDE SER NORMAL, \u00c9TICO O RESPETABLE EN UNA ADMINISTRACI\u00d3N P\u00daBLICA.<\/u><\/strong><\/p>\n<p style=\"text-align: justify;\">Por \u00faltimo, no queremos olvidar ya que tambi\u00e9n es muy destacable, como los <strong>DIRECTORES GENERALES est\u00e1n funcionando A MODO DE \u201cJEFES DE SERVICIO POL\u00cdTICOS\u201d VALIDANDO DE ESTA FORMA T\u00c9CNICAMENTE LO QUE ELLOS MISMOS PROPONEN POL\u00cdTICAMENTE, en un limite que ha quedado muy difuso en sus funciones de hasta donde llegan sus competencias dentro de esta Administraci\u00f3n. <\/strong>Desde <span style=\"color: #ff0000;\"><strong>UGT <\/strong><\/span>interpretamos como ya venimos diciendo reiteradamente que cualquier acto administrativo de contenido econ\u00f3mico firmado por los Directores Generales sin el informe previo de la Jefatura de Servicio correspondiente ocupada por un FUNCIONARIO, (aprobaciones de gastos, validaciones de facturas \u2026 etc) son <strong>SUSCEPTIBLES DE SER NULOS DE PLENO DERECHO E INCLUSO CON POSIBLES RESPONSABILIDADES A NIVEL CONTABLE y ya hemos registrados dos escritos pidiendo explicaciones, a\u00fan pendientes tambi\u00e9n de contestaci\u00f3n<\/strong>.<\/p>\n<p style=\"text-align: justify;\"><span style=\"color: #ff0000;\"><strong><u>DESDE UGT SEGUIREMOS INFORMANDO CUMPLIDAMENTE, AHORA MAS QUE NUNCA, PORQUE LA LUCHA COMPA\u00d1EROS CONTIN\u00daA <\/u><\/strong><\/span><\/p>\n","protected":false},"excerpt":{"rendered":"<p>El Ayuntamiento de Santander ha hecho suya la frase de, \u201cCUANDO NO SABES D\u00d3NDE VAS, CUALQUIER CAMINO TE LLEVA\u201d pero en una versi\u00f3n que se asemeja m\u00e1s a cuento de terror que otra cosa. Desde UGT, una vez m\u00e1s salimos para poner en vuestro conocimiento la deriva err\u00e1tica del Equipo de Gobierno y de su [&hellip;]<\/p>\n","protected":false},"author":8,"featured_media":0,"comment_status":"closed","ping_status":"open","sticky":false,"template":"","format":"standard","meta":{"_exactmetrics_skip_tracking":false,"_exactmetrics_sitenote_active":false,"_exactmetrics_sitenote_note":"","_exactmetrics_sitenote_category":0,"_genesis_hide_title":false,"_genesis_hide_breadcrumbs":false,"_genesis_hide_singular_image":false,"_genesis_hide_footer_widgets":false,"_genesis_custom_body_class":"","_genesis_custom_post_class":"","_genesis_layout":"","footnotes":""},"categories":[54],"tags":[],"class_list":{"0":"post-4213","1":"post","2":"type-post","3":"status-publish","4":"format-standard","6":"category-noticias","7":"entry","8":"has-post-thumbnail"},"yoast_head":"<!-- This site is optimized with the Yoast SEO plugin v27.5 - https:\/\/yoast.com\/product\/yoast-seo-wordpress\/ -->\n<title>UGT INFORMA: EL CAMINO EQUIVOCADO DEL EQUIPO DE GOBIERNO - UGT Ayuntamiento de Santander<\/title>\n<meta name=\"robots\" content=\"index, follow, max-snippet:-1, max-image-preview:large, max-video-preview:-1\" \/>\n<link rel=\"canonical\" href=\"https:\/\/ugtaytosantander.es\/portal\/ugt-informa-el-camino-equivocado-del-equipo-de-gobierno\/\" \/>\n<meta property=\"og:locale\" content=\"es_ES\" \/>\n<meta property=\"og:type\" content=\"article\" \/>\n<meta property=\"og:title\" content=\"UGT INFORMA: EL CAMINO EQUIVOCADO DEL EQUIPO DE GOBIERNO - UGT Ayuntamiento de Santander\" \/>\n<meta property=\"og:description\" content=\"El Ayuntamiento de Santander ha hecho suya la frase de, \u201cCUANDO NO SABES D\u00d3NDE VAS, CUALQUIER CAMINO TE LLEVA\u201d pero en una versi\u00f3n que se asemeja m\u00e1s a cuento de terror que otra cosa. Desde UGT, una vez m\u00e1s salimos para poner en vuestro conocimiento la deriva err\u00e1tica del Equipo de Gobierno y de su [&hellip;]\" \/>\n<meta property=\"og:url\" content=\"https:\/\/ugtaytosantander.es\/portal\/ugt-informa-el-camino-equivocado-del-equipo-de-gobierno\/\" \/>\n<meta property=\"og:site_name\" content=\"UGT Ayuntamiento de Santander\" \/>\n<meta property=\"article:published_time\" content=\"2026-02-16T09:07:17+00:00\" \/>\n<meta property=\"og:image\" content=\"https:\/\/ugtaytosantander.es\/portal\/wp-content\/uploads\/2026\/02\/PHOTO-2026-02-15-19-15-35.jpg\" \/>\n\t<meta property=\"og:image:width\" content=\"2048\" \/>\n\t<meta property=\"og:image:height\" content=\"1708\" \/>\n\t<meta property=\"og:image:type\" content=\"image\/jpeg\" \/>\n<meta name=\"author\" content=\"Ricardo Garcia Pardo\" \/>\n<meta name=\"twitter:card\" content=\"summary_large_image\" \/>\n<meta name=\"twitter:label1\" content=\"Escrito por\" \/>\n\t<meta name=\"twitter:data1\" content=\"Ricardo Garcia Pardo\" \/>\n\t<meta name=\"twitter:label2\" content=\"Tiempo de lectura\" \/>\n\t<meta name=\"twitter:data2\" content=\"4 minutos\" \/>\n<script type=\"application\/ld+json\" class=\"yoast-schema-graph\">{\"@context\":\"https:\\\/\\\/schema.org\",\"@graph\":[{\"@type\":\"Article\",\"@id\":\"https:\\\/\\\/ugtaytosantander.es\\\/portal\\\/ugt-informa-el-camino-equivocado-del-equipo-de-gobierno\\\/#article\",\"isPartOf\":{\"@id\":\"https:\\\/\\\/ugtaytosantander.es\\\/portal\\\/ugt-informa-el-camino-equivocado-del-equipo-de-gobierno\\\/\"},\"author\":{\"name\":\"Ricardo Garcia Pardo\",\"@id\":\"https:\\\/\\\/ugtaytosantander.es\\\/portal\\\/#\\\/schema\\\/person\\\/ff5d6b0ad70c04f17d8981e1a397ff21\"},\"headline\":\"UGT INFORMA: EL CAMINO EQUIVOCADO DEL EQUIPO DE GOBIERNO\",\"datePublished\":\"2026-02-16T09:07:17+00:00\",\"mainEntityOfPage\":{\"@id\":\"https:\\\/\\\/ugtaytosantander.es\\\/portal\\\/ugt-informa-el-camino-equivocado-del-equipo-de-gobierno\\\/\"},\"wordCount\":847,\"publisher\":{\"@id\":\"https:\\\/\\\/ugtaytosantander.es\\\/portal\\\/#organization\"},\"image\":{\"@id\":\"https:\\\/\\\/ugtaytosantander.es\\\/portal\\\/ugt-informa-el-camino-equivocado-del-equipo-de-gobierno\\\/#primaryimage\"},\"thumbnailUrl\":\"https:\\\/\\\/ugtaytosantander.es\\\/portal\\\/wp-content\\\/uploads\\\/2026\\\/02\\\/PHOTO-2026-02-15-19-15-35-300x250.jpg\",\"articleSection\":[\"Noticias\"],\"inLanguage\":\"es\"},{\"@type\":\"WebPage\",\"@id\":\"https:\\\/\\\/ugtaytosantander.es\\\/portal\\\/ugt-informa-el-camino-equivocado-del-equipo-de-gobierno\\\/\",\"url\":\"https:\\\/\\\/ugtaytosantander.es\\\/portal\\\/ugt-informa-el-camino-equivocado-del-equipo-de-gobierno\\\/\",\"name\":\"UGT INFORMA: EL CAMINO EQUIVOCADO DEL EQUIPO DE GOBIERNO - UGT Ayuntamiento de Santander\",\"isPartOf\":{\"@id\":\"https:\\\/\\\/ugtaytosantander.es\\\/portal\\\/#website\"},\"primaryImageOfPage\":{\"@id\":\"https:\\\/\\\/ugtaytosantander.es\\\/portal\\\/ugt-informa-el-camino-equivocado-del-equipo-de-gobierno\\\/#primaryimage\"},\"image\":{\"@id\":\"https:\\\/\\\/ugtaytosantander.es\\\/portal\\\/ugt-informa-el-camino-equivocado-del-equipo-de-gobierno\\\/#primaryimage\"},\"thumbnailUrl\":\"https:\\\/\\\/ugtaytosantander.es\\\/portal\\\/wp-content\\\/uploads\\\/2026\\\/02\\\/PHOTO-2026-02-15-19-15-35-300x250.jpg\",\"datePublished\":\"2026-02-16T09:07:17+00:00\",\"breadcrumb\":{\"@id\":\"https:\\\/\\\/ugtaytosantander.es\\\/portal\\\/ugt-informa-el-camino-equivocado-del-equipo-de-gobierno\\\/#breadcrumb\"},\"inLanguage\":\"es\",\"potentialAction\":[{\"@type\":\"ReadAction\",\"target\":[\"https:\\\/\\\/ugtaytosantander.es\\\/portal\\\/ugt-informa-el-camino-equivocado-del-equipo-de-gobierno\\\/\"]}]},{\"@type\":\"ImageObject\",\"inLanguage\":\"es\",\"@id\":\"https:\\\/\\\/ugtaytosantander.es\\\/portal\\\/ugt-informa-el-camino-equivocado-del-equipo-de-gobierno\\\/#primaryimage\",\"url\":\"https:\\\/\\\/ugtaytosantander.es\\\/portal\\\/wp-content\\\/uploads\\\/2026\\\/02\\\/PHOTO-2026-02-15-19-15-35.jpg\",\"contentUrl\":\"https:\\\/\\\/ugtaytosantander.es\\\/portal\\\/wp-content\\\/uploads\\\/2026\\\/02\\\/PHOTO-2026-02-15-19-15-35.jpg\",\"width\":2048,\"height\":1708},{\"@type\":\"BreadcrumbList\",\"@id\":\"https:\\\/\\\/ugtaytosantander.es\\\/portal\\\/ugt-informa-el-camino-equivocado-del-equipo-de-gobierno\\\/#breadcrumb\",\"itemListElement\":[{\"@type\":\"ListItem\",\"position\":1,\"name\":\"Portada\",\"item\":\"https:\\\/\\\/ugtaytosantander.es\\\/portal\\\/\"},{\"@type\":\"ListItem\",\"position\":2,\"name\":\"UGT INFORMA: EL CAMINO EQUIVOCADO DEL EQUIPO DE GOBIERNO\"}]},{\"@type\":\"WebSite\",\"@id\":\"https:\\\/\\\/ugtaytosantander.es\\\/portal\\\/#website\",\"url\":\"https:\\\/\\\/ugtaytosantander.es\\\/portal\\\/\",\"name\":\"UGT Ayuntamiento de Santander\",\"description\":\"Seccion Sindical UGT Ayto Santander\",\"publisher\":{\"@id\":\"https:\\\/\\\/ugtaytosantander.es\\\/portal\\\/#organization\"},\"potentialAction\":[{\"@type\":\"SearchAction\",\"target\":{\"@type\":\"EntryPoint\",\"urlTemplate\":\"https:\\\/\\\/ugtaytosantander.es\\\/portal\\\/?s={search_term_string}\"},\"query-input\":{\"@type\":\"PropertyValueSpecification\",\"valueRequired\":true,\"valueName\":\"search_term_string\"}}],\"inLanguage\":\"es\"},{\"@type\":\"Organization\",\"@id\":\"https:\\\/\\\/ugtaytosantander.es\\\/portal\\\/#organization\",\"name\":\"Secci\u00f3n Sindical de UGT del Ayuntamiento de Santander\",\"url\":\"https:\\\/\\\/ugtaytosantander.es\\\/portal\\\/\",\"logo\":{\"@type\":\"ImageObject\",\"inLanguage\":\"es\",\"@id\":\"https:\\\/\\\/ugtaytosantander.es\\\/portal\\\/#\\\/schema\\\/logo\\\/image\\\/\",\"url\":\"https:\\\/\\\/ugtaytosantander.es\\\/portal\\\/wp-content\\\/uploads\\\/2019\\\/03\\\/Logo-FESP200.png\",\"contentUrl\":\"https:\\\/\\\/ugtaytosantander.es\\\/portal\\\/wp-content\\\/uploads\\\/2019\\\/03\\\/Logo-FESP200.png\",\"width\":200,\"height\":123,\"caption\":\"Secci\u00f3n Sindical de UGT del Ayuntamiento de Santander\"},\"image\":{\"@id\":\"https:\\\/\\\/ugtaytosantander.es\\\/portal\\\/#\\\/schema\\\/logo\\\/image\\\/\"}},{\"@type\":\"Person\",\"@id\":\"https:\\\/\\\/ugtaytosantander.es\\\/portal\\\/#\\\/schema\\\/person\\\/ff5d6b0ad70c04f17d8981e1a397ff21\",\"name\":\"Ricardo Garcia Pardo\",\"url\":\"https:\\\/\\\/ugtaytosantander.es\\\/portal\\\/author\\\/ricardo\\\/\"}]}<\/script>\n<!-- \/ Yoast SEO plugin. -->","yoast_head_json":{"title":"UGT INFORMA: EL CAMINO EQUIVOCADO DEL EQUIPO DE GOBIERNO - UGT Ayuntamiento de Santander","robots":{"index":"index","follow":"follow","max-snippet":"max-snippet:-1","max-image-preview":"max-image-preview:large","max-video-preview":"max-video-preview:-1"},"canonical":"https:\/\/ugtaytosantander.es\/portal\/ugt-informa-el-camino-equivocado-del-equipo-de-gobierno\/","og_locale":"es_ES","og_type":"article","og_title":"UGT INFORMA: EL CAMINO EQUIVOCADO DEL EQUIPO DE GOBIERNO - UGT Ayuntamiento de Santander","og_description":"El Ayuntamiento de Santander ha hecho suya la frase de, \u201cCUANDO NO SABES D\u00d3NDE VAS, CUALQUIER CAMINO TE LLEVA\u201d pero en una versi\u00f3n que se asemeja m\u00e1s a cuento de terror que otra cosa. Desde UGT, una vez m\u00e1s salimos para poner en vuestro conocimiento la deriva err\u00e1tica del Equipo de Gobierno y de su [&hellip;]","og_url":"https:\/\/ugtaytosantander.es\/portal\/ugt-informa-el-camino-equivocado-del-equipo-de-gobierno\/","og_site_name":"UGT Ayuntamiento de Santander","article_published_time":"2026-02-16T09:07:17+00:00","og_image":[{"width":2048,"height":1708,"url":"https:\/\/ugtaytosantander.es\/portal\/wp-content\/uploads\/2026\/02\/PHOTO-2026-02-15-19-15-35.jpg","type":"image\/jpeg"}],"author":"Ricardo Garcia Pardo","twitter_card":"summary_large_image","twitter_misc":{"Escrito por":"Ricardo Garcia Pardo","Tiempo de lectura":"4 minutos"},"schema":{"@context":"https:\/\/schema.org","@graph":[{"@type":"Article","@id":"https:\/\/ugtaytosantander.es\/portal\/ugt-informa-el-camino-equivocado-del-equipo-de-gobierno\/#article","isPartOf":{"@id":"https:\/\/ugtaytosantander.es\/portal\/ugt-informa-el-camino-equivocado-del-equipo-de-gobierno\/"},"author":{"name":"Ricardo Garcia Pardo","@id":"https:\/\/ugtaytosantander.es\/portal\/#\/schema\/person\/ff5d6b0ad70c04f17d8981e1a397ff21"},"headline":"UGT INFORMA: EL CAMINO EQUIVOCADO DEL EQUIPO DE GOBIERNO","datePublished":"2026-02-16T09:07:17+00:00","mainEntityOfPage":{"@id":"https:\/\/ugtaytosantander.es\/portal\/ugt-informa-el-camino-equivocado-del-equipo-de-gobierno\/"},"wordCount":847,"publisher":{"@id":"https:\/\/ugtaytosantander.es\/portal\/#organization"},"image":{"@id":"https:\/\/ugtaytosantander.es\/portal\/ugt-informa-el-camino-equivocado-del-equipo-de-gobierno\/#primaryimage"},"thumbnailUrl":"https:\/\/ugtaytosantander.es\/portal\/wp-content\/uploads\/2026\/02\/PHOTO-2026-02-15-19-15-35-300x250.jpg","articleSection":["Noticias"],"inLanguage":"es"},{"@type":"WebPage","@id":"https:\/\/ugtaytosantander.es\/portal\/ugt-informa-el-camino-equivocado-del-equipo-de-gobierno\/","url":"https:\/\/ugtaytosantander.es\/portal\/ugt-informa-el-camino-equivocado-del-equipo-de-gobierno\/","name":"UGT INFORMA: EL CAMINO EQUIVOCADO DEL EQUIPO DE GOBIERNO - UGT Ayuntamiento de Santander","isPartOf":{"@id":"https:\/\/ugtaytosantander.es\/portal\/#website"},"primaryImageOfPage":{"@id":"https:\/\/ugtaytosantander.es\/portal\/ugt-informa-el-camino-equivocado-del-equipo-de-gobierno\/#primaryimage"},"image":{"@id":"https:\/\/ugtaytosantander.es\/portal\/ugt-informa-el-camino-equivocado-del-equipo-de-gobierno\/#primaryimage"},"thumbnailUrl":"https:\/\/ugtaytosantander.es\/portal\/wp-content\/uploads\/2026\/02\/PHOTO-2026-02-15-19-15-35-300x250.jpg","datePublished":"2026-02-16T09:07:17+00:00","breadcrumb":{"@id":"https:\/\/ugtaytosantander.es\/portal\/ugt-informa-el-camino-equivocado-del-equipo-de-gobierno\/#breadcrumb"},"inLanguage":"es","potentialAction":[{"@type":"ReadAction","target":["https:\/\/ugtaytosantander.es\/portal\/ugt-informa-el-camino-equivocado-del-equipo-de-gobierno\/"]}]},{"@type":"ImageObject","inLanguage":"es","@id":"https:\/\/ugtaytosantander.es\/portal\/ugt-informa-el-camino-equivocado-del-equipo-de-gobierno\/#primaryimage","url":"https:\/\/ugtaytosantander.es\/portal\/wp-content\/uploads\/2026\/02\/PHOTO-2026-02-15-19-15-35.jpg","contentUrl":"https:\/\/ugtaytosantander.es\/portal\/wp-content\/uploads\/2026\/02\/PHOTO-2026-02-15-19-15-35.jpg","width":2048,"height":1708},{"@type":"BreadcrumbList","@id":"https:\/\/ugtaytosantander.es\/portal\/ugt-informa-el-camino-equivocado-del-equipo-de-gobierno\/#breadcrumb","itemListElement":[{"@type":"ListItem","position":1,"name":"Portada","item":"https:\/\/ugtaytosantander.es\/portal\/"},{"@type":"ListItem","position":2,"name":"UGT INFORMA: EL CAMINO EQUIVOCADO DEL EQUIPO DE GOBIERNO"}]},{"@type":"WebSite","@id":"https:\/\/ugtaytosantander.es\/portal\/#website","url":"https:\/\/ugtaytosantander.es\/portal\/","name":"UGT Ayuntamiento de Santander","description":"Seccion Sindical UGT Ayto Santander","publisher":{"@id":"https:\/\/ugtaytosantander.es\/portal\/#organization"},"potentialAction":[{"@type":"SearchAction","target":{"@type":"EntryPoint","urlTemplate":"https:\/\/ugtaytosantander.es\/portal\/?s={search_term_string}"},"query-input":{"@type":"PropertyValueSpecification","valueRequired":true,"valueName":"search_term_string"}}],"inLanguage":"es"},{"@type":"Organization","@id":"https:\/\/ugtaytosantander.es\/portal\/#organization","name":"Secci\u00f3n Sindical de UGT del Ayuntamiento de Santander","url":"https:\/\/ugtaytosantander.es\/portal\/","logo":{"@type":"ImageObject","inLanguage":"es","@id":"https:\/\/ugtaytosantander.es\/portal\/#\/schema\/logo\/image\/","url":"https:\/\/ugtaytosantander.es\/portal\/wp-content\/uploads\/2019\/03\/Logo-FESP200.png","contentUrl":"https:\/\/ugtaytosantander.es\/portal\/wp-content\/uploads\/2019\/03\/Logo-FESP200.png","width":200,"height":123,"caption":"Secci\u00f3n Sindical de UGT del Ayuntamiento de Santander"},"image":{"@id":"https:\/\/ugtaytosantander.es\/portal\/#\/schema\/logo\/image\/"}},{"@type":"Person","@id":"https:\/\/ugtaytosantander.es\/portal\/#\/schema\/person\/ff5d6b0ad70c04f17d8981e1a397ff21","name":"Ricardo Garcia Pardo","url":"https:\/\/ugtaytosantander.es\/portal\/author\/ricardo\/"}]}},"publishpress_future_action":{"enabled":false,"date":"2026-05-09 12:36:34","action":"change-status","newStatus":"trash","terms":[],"taxonomy":"category","extraData":[]},"publishpress_future_workflow_manual_trigger":{"enabledWorkflows":[]},"_links":{"self":[{"href":"https:\/\/ugtaytosantander.es\/portal\/wp-json\/wp\/v2\/posts\/4213","targetHints":{"allow":["GET"]}}],"collection":[{"href":"https:\/\/ugtaytosantander.es\/portal\/wp-json\/wp\/v2\/posts"}],"about":[{"href":"https:\/\/ugtaytosantander.es\/portal\/wp-json\/wp\/v2\/types\/post"}],"author":[{"embeddable":true,"href":"https:\/\/ugtaytosantander.es\/portal\/wp-json\/wp\/v2\/users\/8"}],"replies":[{"embeddable":true,"href":"https:\/\/ugtaytosantander.es\/portal\/wp-json\/wp\/v2\/comments?post=4213"}],"version-history":[{"count":1,"href":"https:\/\/ugtaytosantander.es\/portal\/wp-json\/wp\/v2\/posts\/4213\/revisions"}],"predecessor-version":[{"id":4215,"href":"https:\/\/ugtaytosantander.es\/portal\/wp-json\/wp\/v2\/posts\/4213\/revisions\/4215"}],"wp:attachment":[{"href":"https:\/\/ugtaytosantander.es\/portal\/wp-json\/wp\/v2\/media?parent=4213"}],"wp:term":[{"taxonomy":"category","embeddable":true,"href":"https:\/\/ugtaytosantander.es\/portal\/wp-json\/wp\/v2\/categories?post=4213"},{"taxonomy":"post_tag","embeddable":true,"href":"https:\/\/ugtaytosantander.es\/portal\/wp-json\/wp\/v2\/tags?post=4213"}],"curies":[{"name":"wp","href":"https:\/\/api.w.org\/{rel}","templated":true}]}}