{"id":4223,"date":"2026-03-07T23:27:23","date_gmt":"2026-03-07T22:27:23","guid":{"rendered":"https:\/\/ugtaytosantander.es\/portal\/?p=4223"},"modified":"2026-03-07T23:27:23","modified_gmt":"2026-03-07T22:27:23","slug":"8-m-2026-un-punto-de-inflexion","status":"publish","type":"post","link":"https:\/\/ugtaytosantander.es\/portal\/8-m-2026-un-punto-de-inflexion\/","title":{"rendered":"8 M 2026, UN PUNTO DE INFLEXI\u00d3N"},"content":{"rendered":"<p><img fetchpriority=\"high\" decoding=\"async\" class=\" wp-image-4224 aligncenter\" src=\"https:\/\/ugtaytosantander.es\/portal\/wp-content\/uploads\/2026\/03\/IMG-20260307-WA0014-240x300.jpg\" alt=\"\" width=\"341\" height=\"426\" srcset=\"https:\/\/ugtaytosantander.es\/portal\/wp-content\/uploads\/2026\/03\/IMG-20260307-WA0014-240x300.jpg 240w, https:\/\/ugtaytosantander.es\/portal\/wp-content\/uploads\/2026\/03\/IMG-20260307-WA0014-819x1024.jpg 819w, https:\/\/ugtaytosantander.es\/portal\/wp-content\/uploads\/2026\/03\/IMG-20260307-WA0014-768x960.jpg 768w, https:\/\/ugtaytosantander.es\/portal\/wp-content\/uploads\/2026\/03\/IMG-20260307-WA0014.jpg 1080w\" sizes=\"(max-width: 341px) 100vw, 341px\" \/><\/p>\n<p style=\"text-align: justify;\">El 25 N de 2025 titulamos nuestro Manifiesto<strong><span style=\"color: #ff0000;\"> \u201cTOLERANCIA CERO CONTRA LA DELINCUENCIA MACHISTA\u201d<\/span><\/strong>, t\u00e9rmino que describe perfectamente la violencia machista como delito y como problema social, y todo comportamiento que se ejerce sobre una mujer por razones de g\u00e9nero y que est\u00e1 basado en ideas machistas toleradas socialmente durante siglos: desigualdad, posesi\u00f3n, control, celos, dominaci\u00f3n, desprecio, violencia.<\/p>\n<p style=\"text-align: justify;\"><strong>El machismo es estructural<\/strong>, porque durante siglos los hombres han ostentado m\u00e1s poder que las mujeres en todos los \u00e1mbitos: econ\u00f3mico, pol\u00edtico y social, desigualdad que avalaban la cultura, la religi\u00f3n y la ley. Afortunadamente, muchas de esas leyes se han derogado, y se han aprobado otras esenciales para avanzar en Igualdad.<\/p>\n<p style=\"text-align: justify;\">Pero no podemos obviar la realidad, as\u00ed que este 8 M del 2026 limitarnos a celebrar esos avances ser\u00eda caer en el conformismo, porque las historias que vamos conociendo d\u00eda a d\u00eda han de marcar necesariamente un punto de inflexi\u00f3n, ya que ponen en evidencia que los efectos del machismo persisten y que los avances que tanto celebramos no se han materializado en soluciones efectivas, y que no estamos protegiendo adecuadamente a las v\u00edctimas.<\/p>\n<p style=\"text-align: justify;\"><strong>Debemos, por tanto, intensificar la acci\u00f3n y la lucha.<\/strong><\/p>\n<p style=\"text-align: justify;\"><strong><span style=\"color: #ff0000;\">LA DELINCUENCIA MACHISTA MATA<\/span><\/strong>. El n\u00famero de v\u00edctimas de violencia de g\u00e9nero y de violencia vicaria es inasumible, porque la \u00fanica cifra asumible para una sociedad igualitaria es CERO. La mayor\u00eda de las v\u00edctimas hab\u00edan interpuesto una denuncia antes de ser asesinadas, y nuestra respuesta como sociedad no puede ser \u00fanicamente guardar un minuto de silencio y aplaudir.<\/p>\n<p style=\"text-align: justify;\"><strong><span style=\"color: #ff0000;\">LA DELINCUENCIA MACHISTA ENFERMA.<\/span><\/strong> Establecer las cifras exactas resulta imposible, porque no existen datos oficiales sobre el n\u00famero de v\u00edctimas de violencia sexual, violencia f\u00edsica, violencia psicol\u00f3gica, violencia econ\u00f3mica, violencia digital, violencia laboral ni de otras formas de violencia machista.<\/p>\n<p style=\"text-align: justify;\"><span style=\"text-decoration: underline;\"><strong>En el \u00e1mbito laboral<\/strong><\/span>, la delincuencia machista act\u00faa disfrazada de superioridad jer\u00e1rquica, de estructura, de aparato, de pol\u00edtica de empresa, de necesidades de servicio, etc. Y cuenta con la complicidad necesaria de quienes, por falta de educaci\u00f3n en igualdad, \u00a0normalizan estas conductas, de quienes, <strong>con tal de seguir formando parte del \u201csistema\u201d, \u00a0las justifican, o de quienes, por comodidad \u00bfo cobard\u00eda?, optan por \u201cmirar hacia otro lado\u201d.<\/strong><\/p>\n<p style=\"text-align: justify;\">Es innegable que el machismo sigue presente en todos los \u00e1mbitos de nuestra sociedad. Pero <strong>es desolador e inaceptable que la respuesta a ese machismo sea la misma en instituciones y organizaciones aparentemente antag\u00f3nicas ideol\u00f3gicamente<\/strong>, incluso en aquellas que se declaran feministas o que est\u00e1n lideradas por mujeres que parecen desconocer que la lucha feminista ha posibilitado que puedan ocupar puestos antes reservados s\u00f3lo a los hombres.<\/p>\n<p style=\"text-align: justify;\"><strong>El relato de todas las v\u00edctimas coincide: son invisibilizadas, silenciadas, aisladas, anuladas, cuestionadas, desprestigiadas y\/o presionadas; los Protocolos anti acoso o no existen o no se activan; sufren revictimizaci\u00f3n; el coste personal, familiar, social, laboral y econ\u00f3mico por denunciar roza lo inasumible, a pesar de que todos los discursos digan que es lo que una v\u00edctima debe hacer; se sienten utilizadas como arma pol\u00edtica por el \u201cotro bando\u201d.<\/strong><\/p>\n<p style=\"text-align: justify;\">UGT se proclam\u00f3 oficialmente feminista, por lo que no es compatible ser ugetista y ser machista, quien no comparta ni practique estos valores no tiene cabida en nuestro sindicato.<\/p>\n<p style=\"text-align: justify;\">Quienes formamos la Secci\u00f3n Sindical de UGT en el Ayuntamiento de Santander seguiremos poniendo a las v\u00edctimas, siempre, en el centro.<\/p>\n<p style=\"text-align: justify;\">Seguiremos ofreciendo respeto, solidaridad, apoyo, ayuda, aliento y protecci\u00f3n en sus denuncias a todas las mujeres que hayan sufrido cualquier forma de violencia machista.<\/p>\n<p style=\"text-align: justify;\">Nunca ampararemos ni encubriremos comportamientos machistas, y nos enfrentaremos a quienes los normalicen.<\/p>\n<p style=\"text-align: justify;\">Con el convencimiento de que una sociedad igualitaria es una sociedad m\u00e1s justa, seguiremos exigiendo m\u00e1s y mejores recursos p\u00fablicos, con una financiaci\u00f3n adecuada para acometer, entre otras medidas, modificaciones legislativas que garanticen la efectiva protecci\u00f3n a las v\u00edctimas, y una Educaci\u00f3n y Formaci\u00f3n obligatoria en igualdad, especialmente para cargos p\u00fablicos y org\u00e1nicos.<\/p>\n<p style=\"text-align: justify;\"><span style=\"text-decoration: underline;\"><strong>Si nada hacemos, nada cambia, y no debemos olvidar que lo que hoy es un derecho ayer fue una lucha.<\/strong><\/span><\/p>\n<p style=\"text-align: justify;\"><strong><span style=\"color: #ff0000;\">Comisi\u00f3n Ejecutiva de la Secci\u00f3n Sindical de UGT en el Ayuntamiento de Santander.<\/span><\/strong><\/p>\n","protected":false},"excerpt":{"rendered":"<p>El 25 N de 2025 titulamos nuestro Manifiesto \u201cTOLERANCIA CERO CONTRA LA DELINCUENCIA MACHISTA\u201d, t\u00e9rmino que describe perfectamente la violencia machista como delito y como problema social, y todo comportamiento que se ejerce sobre una mujer por razones de g\u00e9nero y que est\u00e1 basado en ideas machistas toleradas socialmente durante siglos: desigualdad, posesi\u00f3n, control, celos, [&hellip;]<\/p>\n","protected":false},"author":8,"featured_media":0,"comment_status":"closed","ping_status":"open","sticky":false,"template":"","format":"standard","meta":{"_exactmetrics_skip_tracking":false,"_exactmetrics_sitenote_active":false,"_exactmetrics_sitenote_note":"","_exactmetrics_sitenote_category":0,"_genesis_hide_title":false,"_genesis_hide_breadcrumbs":false,"_genesis_hide_singular_image":false,"_genesis_hide_footer_widgets":false,"_genesis_custom_body_class":"","_genesis_custom_post_class":"","_genesis_layout":"","footnotes":""},"categories":[54],"tags":[],"class_list":{"0":"post-4223","1":"post","2":"type-post","3":"status-publish","4":"format-standard","6":"category-noticias","7":"entry","8":"has-post-thumbnail"},"yoast_head":"<!-- This site is optimized with the Yoast SEO plugin v27.5 - https:\/\/yoast.com\/product\/yoast-seo-wordpress\/ -->\n<title>8 M 2026, UN PUNTO DE INFLEXI\u00d3N - UGT Ayuntamiento de Santander<\/title>\n<meta name=\"robots\" content=\"index, follow, max-snippet:-1, max-image-preview:large, max-video-preview:-1\" \/>\n<link rel=\"canonical\" href=\"https:\/\/ugtaytosantander.es\/portal\/8-m-2026-un-punto-de-inflexion\/\" \/>\n<meta property=\"og:locale\" content=\"es_ES\" \/>\n<meta property=\"og:type\" content=\"article\" \/>\n<meta property=\"og:title\" content=\"8 M 2026, UN PUNTO DE INFLEXI\u00d3N - UGT Ayuntamiento de Santander\" \/>\n<meta property=\"og:description\" content=\"El 25 N de 2025 titulamos nuestro Manifiesto \u201cTOLERANCIA CERO CONTRA LA DELINCUENCIA MACHISTA\u201d, t\u00e9rmino que describe perfectamente la violencia machista como delito y como problema social, y todo comportamiento que se ejerce sobre una mujer por razones de g\u00e9nero y que est\u00e1 basado en ideas machistas toleradas socialmente durante siglos: desigualdad, posesi\u00f3n, control, celos, [&hellip;]\" \/>\n<meta property=\"og:url\" content=\"https:\/\/ugtaytosantander.es\/portal\/8-m-2026-un-punto-de-inflexion\/\" \/>\n<meta property=\"og:site_name\" content=\"UGT Ayuntamiento de Santander\" \/>\n<meta property=\"article:published_time\" content=\"2026-03-07T22:27:23+00:00\" \/>\n<meta property=\"og:image\" content=\"https:\/\/ugtaytosantander.es\/portal\/wp-content\/uploads\/2026\/03\/IMG-20260307-WA0014.jpg\" \/>\n\t<meta property=\"og:image:width\" content=\"1080\" \/>\n\t<meta property=\"og:image:height\" content=\"1350\" \/>\n\t<meta property=\"og:image:type\" content=\"image\/jpeg\" \/>\n<meta name=\"author\" content=\"Ricardo Garcia Pardo\" \/>\n<meta name=\"twitter:card\" content=\"summary_large_image\" \/>\n<meta name=\"twitter:label1\" content=\"Escrito por\" \/>\n\t<meta name=\"twitter:data1\" content=\"Ricardo Garcia Pardo\" \/>\n\t<meta name=\"twitter:label2\" content=\"Tiempo de lectura\" \/>\n\t<meta name=\"twitter:data2\" content=\"4 minutos\" \/>\n<script type=\"application\/ld+json\" class=\"yoast-schema-graph\">{\"@context\":\"https:\\\/\\\/schema.org\",\"@graph\":[{\"@type\":\"Article\",\"@id\":\"https:\\\/\\\/ugtaytosantander.es\\\/portal\\\/8-m-2026-un-punto-de-inflexion\\\/#article\",\"isPartOf\":{\"@id\":\"https:\\\/\\\/ugtaytosantander.es\\\/portal\\\/8-m-2026-un-punto-de-inflexion\\\/\"},\"author\":{\"name\":\"Ricardo Garcia Pardo\",\"@id\":\"https:\\\/\\\/ugtaytosantander.es\\\/portal\\\/#\\\/schema\\\/person\\\/ff5d6b0ad70c04f17d8981e1a397ff21\"},\"headline\":\"8 M 2026, UN PUNTO DE INFLEXI\u00d3N\",\"datePublished\":\"2026-03-07T22:27:23+00:00\",\"mainEntityOfPage\":{\"@id\":\"https:\\\/\\\/ugtaytosantander.es\\\/portal\\\/8-m-2026-un-punto-de-inflexion\\\/\"},\"wordCount\":723,\"publisher\":{\"@id\":\"https:\\\/\\\/ugtaytosantander.es\\\/portal\\\/#organization\"},\"image\":{\"@id\":\"https:\\\/\\\/ugtaytosantander.es\\\/portal\\\/8-m-2026-un-punto-de-inflexion\\\/#primaryimage\"},\"thumbnailUrl\":\"https:\\\/\\\/ugtaytosantander.es\\\/portal\\\/wp-content\\\/uploads\\\/2026\\\/03\\\/IMG-20260307-WA0014-240x300.jpg\",\"articleSection\":[\"Noticias\"],\"inLanguage\":\"es\"},{\"@type\":\"WebPage\",\"@id\":\"https:\\\/\\\/ugtaytosantander.es\\\/portal\\\/8-m-2026-un-punto-de-inflexion\\\/\",\"url\":\"https:\\\/\\\/ugtaytosantander.es\\\/portal\\\/8-m-2026-un-punto-de-inflexion\\\/\",\"name\":\"8 M 2026, UN PUNTO DE INFLEXI\u00d3N - UGT Ayuntamiento de Santander\",\"isPartOf\":{\"@id\":\"https:\\\/\\\/ugtaytosantander.es\\\/portal\\\/#website\"},\"primaryImageOfPage\":{\"@id\":\"https:\\\/\\\/ugtaytosantander.es\\\/portal\\\/8-m-2026-un-punto-de-inflexion\\\/#primaryimage\"},\"image\":{\"@id\":\"https:\\\/\\\/ugtaytosantander.es\\\/portal\\\/8-m-2026-un-punto-de-inflexion\\\/#primaryimage\"},\"thumbnailUrl\":\"https:\\\/\\\/ugtaytosantander.es\\\/portal\\\/wp-content\\\/uploads\\\/2026\\\/03\\\/IMG-20260307-WA0014-240x300.jpg\",\"datePublished\":\"2026-03-07T22:27:23+00:00\",\"breadcrumb\":{\"@id\":\"https:\\\/\\\/ugtaytosantander.es\\\/portal\\\/8-m-2026-un-punto-de-inflexion\\\/#breadcrumb\"},\"inLanguage\":\"es\",\"potentialAction\":[{\"@type\":\"ReadAction\",\"target\":[\"https:\\\/\\\/ugtaytosantander.es\\\/portal\\\/8-m-2026-un-punto-de-inflexion\\\/\"]}]},{\"@type\":\"ImageObject\",\"inLanguage\":\"es\",\"@id\":\"https:\\\/\\\/ugtaytosantander.es\\\/portal\\\/8-m-2026-un-punto-de-inflexion\\\/#primaryimage\",\"url\":\"https:\\\/\\\/ugtaytosantander.es\\\/portal\\\/wp-content\\\/uploads\\\/2026\\\/03\\\/IMG-20260307-WA0014.jpg\",\"contentUrl\":\"https:\\\/\\\/ugtaytosantander.es\\\/portal\\\/wp-content\\\/uploads\\\/2026\\\/03\\\/IMG-20260307-WA0014.jpg\",\"width\":1080,\"height\":1350},{\"@type\":\"BreadcrumbList\",\"@id\":\"https:\\\/\\\/ugtaytosantander.es\\\/portal\\\/8-m-2026-un-punto-de-inflexion\\\/#breadcrumb\",\"itemListElement\":[{\"@type\":\"ListItem\",\"position\":1,\"name\":\"Portada\",\"item\":\"https:\\\/\\\/ugtaytosantander.es\\\/portal\\\/\"},{\"@type\":\"ListItem\",\"position\":2,\"name\":\"8 M 2026, UN PUNTO DE INFLEXI\u00d3N\"}]},{\"@type\":\"WebSite\",\"@id\":\"https:\\\/\\\/ugtaytosantander.es\\\/portal\\\/#website\",\"url\":\"https:\\\/\\\/ugtaytosantander.es\\\/portal\\\/\",\"name\":\"UGT Ayuntamiento de Santander\",\"description\":\"Seccion Sindical UGT Ayto Santander\",\"publisher\":{\"@id\":\"https:\\\/\\\/ugtaytosantander.es\\\/portal\\\/#organization\"},\"potentialAction\":[{\"@type\":\"SearchAction\",\"target\":{\"@type\":\"EntryPoint\",\"urlTemplate\":\"https:\\\/\\\/ugtaytosantander.es\\\/portal\\\/?s={search_term_string}\"},\"query-input\":{\"@type\":\"PropertyValueSpecification\",\"valueRequired\":true,\"valueName\":\"search_term_string\"}}],\"inLanguage\":\"es\"},{\"@type\":\"Organization\",\"@id\":\"https:\\\/\\\/ugtaytosantander.es\\\/portal\\\/#organization\",\"name\":\"Secci\u00f3n Sindical de UGT del Ayuntamiento de Santander\",\"url\":\"https:\\\/\\\/ugtaytosantander.es\\\/portal\\\/\",\"logo\":{\"@type\":\"ImageObject\",\"inLanguage\":\"es\",\"@id\":\"https:\\\/\\\/ugtaytosantander.es\\\/portal\\\/#\\\/schema\\\/logo\\\/image\\\/\",\"url\":\"https:\\\/\\\/ugtaytosantander.es\\\/portal\\\/wp-content\\\/uploads\\\/2019\\\/03\\\/Logo-FESP200.png\",\"contentUrl\":\"https:\\\/\\\/ugtaytosantander.es\\\/portal\\\/wp-content\\\/uploads\\\/2019\\\/03\\\/Logo-FESP200.png\",\"width\":200,\"height\":123,\"caption\":\"Secci\u00f3n Sindical de UGT del Ayuntamiento de Santander\"},\"image\":{\"@id\":\"https:\\\/\\\/ugtaytosantander.es\\\/portal\\\/#\\\/schema\\\/logo\\\/image\\\/\"}},{\"@type\":\"Person\",\"@id\":\"https:\\\/\\\/ugtaytosantander.es\\\/portal\\\/#\\\/schema\\\/person\\\/ff5d6b0ad70c04f17d8981e1a397ff21\",\"name\":\"Ricardo Garcia Pardo\",\"url\":\"https:\\\/\\\/ugtaytosantander.es\\\/portal\\\/author\\\/ricardo\\\/\"}]}<\/script>\n<!-- \/ Yoast SEO plugin. -->","yoast_head_json":{"title":"8 M 2026, UN PUNTO DE INFLEXI\u00d3N - UGT Ayuntamiento de Santander","robots":{"index":"index","follow":"follow","max-snippet":"max-snippet:-1","max-image-preview":"max-image-preview:large","max-video-preview":"max-video-preview:-1"},"canonical":"https:\/\/ugtaytosantander.es\/portal\/8-m-2026-un-punto-de-inflexion\/","og_locale":"es_ES","og_type":"article","og_title":"8 M 2026, UN PUNTO DE INFLEXI\u00d3N - UGT Ayuntamiento de Santander","og_description":"El 25 N de 2025 titulamos nuestro Manifiesto \u201cTOLERANCIA CERO CONTRA LA DELINCUENCIA MACHISTA\u201d, t\u00e9rmino que describe perfectamente la violencia machista como delito y como problema social, y todo comportamiento que se ejerce sobre una mujer por razones de g\u00e9nero y que est\u00e1 basado en ideas machistas toleradas socialmente durante siglos: desigualdad, posesi\u00f3n, control, celos, [&hellip;]","og_url":"https:\/\/ugtaytosantander.es\/portal\/8-m-2026-un-punto-de-inflexion\/","og_site_name":"UGT Ayuntamiento de Santander","article_published_time":"2026-03-07T22:27:23+00:00","og_image":[{"width":1080,"height":1350,"url":"https:\/\/ugtaytosantander.es\/portal\/wp-content\/uploads\/2026\/03\/IMG-20260307-WA0014.jpg","type":"image\/jpeg"}],"author":"Ricardo Garcia Pardo","twitter_card":"summary_large_image","twitter_misc":{"Escrito por":"Ricardo Garcia Pardo","Tiempo de lectura":"4 minutos"},"schema":{"@context":"https:\/\/schema.org","@graph":[{"@type":"Article","@id":"https:\/\/ugtaytosantander.es\/portal\/8-m-2026-un-punto-de-inflexion\/#article","isPartOf":{"@id":"https:\/\/ugtaytosantander.es\/portal\/8-m-2026-un-punto-de-inflexion\/"},"author":{"name":"Ricardo Garcia Pardo","@id":"https:\/\/ugtaytosantander.es\/portal\/#\/schema\/person\/ff5d6b0ad70c04f17d8981e1a397ff21"},"headline":"8 M 2026, UN PUNTO DE INFLEXI\u00d3N","datePublished":"2026-03-07T22:27:23+00:00","mainEntityOfPage":{"@id":"https:\/\/ugtaytosantander.es\/portal\/8-m-2026-un-punto-de-inflexion\/"},"wordCount":723,"publisher":{"@id":"https:\/\/ugtaytosantander.es\/portal\/#organization"},"image":{"@id":"https:\/\/ugtaytosantander.es\/portal\/8-m-2026-un-punto-de-inflexion\/#primaryimage"},"thumbnailUrl":"https:\/\/ugtaytosantander.es\/portal\/wp-content\/uploads\/2026\/03\/IMG-20260307-WA0014-240x300.jpg","articleSection":["Noticias"],"inLanguage":"es"},{"@type":"WebPage","@id":"https:\/\/ugtaytosantander.es\/portal\/8-m-2026-un-punto-de-inflexion\/","url":"https:\/\/ugtaytosantander.es\/portal\/8-m-2026-un-punto-de-inflexion\/","name":"8 M 2026, UN PUNTO DE INFLEXI\u00d3N - UGT Ayuntamiento de Santander","isPartOf":{"@id":"https:\/\/ugtaytosantander.es\/portal\/#website"},"primaryImageOfPage":{"@id":"https:\/\/ugtaytosantander.es\/portal\/8-m-2026-un-punto-de-inflexion\/#primaryimage"},"image":{"@id":"https:\/\/ugtaytosantander.es\/portal\/8-m-2026-un-punto-de-inflexion\/#primaryimage"},"thumbnailUrl":"https:\/\/ugtaytosantander.es\/portal\/wp-content\/uploads\/2026\/03\/IMG-20260307-WA0014-240x300.jpg","datePublished":"2026-03-07T22:27:23+00:00","breadcrumb":{"@id":"https:\/\/ugtaytosantander.es\/portal\/8-m-2026-un-punto-de-inflexion\/#breadcrumb"},"inLanguage":"es","potentialAction":[{"@type":"ReadAction","target":["https:\/\/ugtaytosantander.es\/portal\/8-m-2026-un-punto-de-inflexion\/"]}]},{"@type":"ImageObject","inLanguage":"es","@id":"https:\/\/ugtaytosantander.es\/portal\/8-m-2026-un-punto-de-inflexion\/#primaryimage","url":"https:\/\/ugtaytosantander.es\/portal\/wp-content\/uploads\/2026\/03\/IMG-20260307-WA0014.jpg","contentUrl":"https:\/\/ugtaytosantander.es\/portal\/wp-content\/uploads\/2026\/03\/IMG-20260307-WA0014.jpg","width":1080,"height":1350},{"@type":"BreadcrumbList","@id":"https:\/\/ugtaytosantander.es\/portal\/8-m-2026-un-punto-de-inflexion\/#breadcrumb","itemListElement":[{"@type":"ListItem","position":1,"name":"Portada","item":"https:\/\/ugtaytosantander.es\/portal\/"},{"@type":"ListItem","position":2,"name":"8 M 2026, UN PUNTO DE INFLEXI\u00d3N"}]},{"@type":"WebSite","@id":"https:\/\/ugtaytosantander.es\/portal\/#website","url":"https:\/\/ugtaytosantander.es\/portal\/","name":"UGT Ayuntamiento de Santander","description":"Seccion Sindical UGT Ayto Santander","publisher":{"@id":"https:\/\/ugtaytosantander.es\/portal\/#organization"},"potentialAction":[{"@type":"SearchAction","target":{"@type":"EntryPoint","urlTemplate":"https:\/\/ugtaytosantander.es\/portal\/?s={search_term_string}"},"query-input":{"@type":"PropertyValueSpecification","valueRequired":true,"valueName":"search_term_string"}}],"inLanguage":"es"},{"@type":"Organization","@id":"https:\/\/ugtaytosantander.es\/portal\/#organization","name":"Secci\u00f3n Sindical de UGT del Ayuntamiento de Santander","url":"https:\/\/ugtaytosantander.es\/portal\/","logo":{"@type":"ImageObject","inLanguage":"es","@id":"https:\/\/ugtaytosantander.es\/portal\/#\/schema\/logo\/image\/","url":"https:\/\/ugtaytosantander.es\/portal\/wp-content\/uploads\/2019\/03\/Logo-FESP200.png","contentUrl":"https:\/\/ugtaytosantander.es\/portal\/wp-content\/uploads\/2019\/03\/Logo-FESP200.png","width":200,"height":123,"caption":"Secci\u00f3n Sindical de UGT del Ayuntamiento de Santander"},"image":{"@id":"https:\/\/ugtaytosantander.es\/portal\/#\/schema\/logo\/image\/"}},{"@type":"Person","@id":"https:\/\/ugtaytosantander.es\/portal\/#\/schema\/person\/ff5d6b0ad70c04f17d8981e1a397ff21","name":"Ricardo Garcia Pardo","url":"https:\/\/ugtaytosantander.es\/portal\/author\/ricardo\/"}]}},"publishpress_future_action":{"enabled":false,"date":"2026-05-09 12:49:28","action":"change-status","newStatus":"trash","terms":[],"taxonomy":"category","extraData":[]},"publishpress_future_workflow_manual_trigger":{"enabledWorkflows":[]},"_links":{"self":[{"href":"https:\/\/ugtaytosantander.es\/portal\/wp-json\/wp\/v2\/posts\/4223","targetHints":{"allow":["GET"]}}],"collection":[{"href":"https:\/\/ugtaytosantander.es\/portal\/wp-json\/wp\/v2\/posts"}],"about":[{"href":"https:\/\/ugtaytosantander.es\/portal\/wp-json\/wp\/v2\/types\/post"}],"author":[{"embeddable":true,"href":"https:\/\/ugtaytosantander.es\/portal\/wp-json\/wp\/v2\/users\/8"}],"replies":[{"embeddable":true,"href":"https:\/\/ugtaytosantander.es\/portal\/wp-json\/wp\/v2\/comments?post=4223"}],"version-history":[{"count":2,"href":"https:\/\/ugtaytosantander.es\/portal\/wp-json\/wp\/v2\/posts\/4223\/revisions"}],"predecessor-version":[{"id":4226,"href":"https:\/\/ugtaytosantander.es\/portal\/wp-json\/wp\/v2\/posts\/4223\/revisions\/4226"}],"wp:attachment":[{"href":"https:\/\/ugtaytosantander.es\/portal\/wp-json\/wp\/v2\/media?parent=4223"}],"wp:term":[{"taxonomy":"category","embeddable":true,"href":"https:\/\/ugtaytosantander.es\/portal\/wp-json\/wp\/v2\/categories?post=4223"},{"taxonomy":"post_tag","embeddable":true,"href":"https:\/\/ugtaytosantander.es\/portal\/wp-json\/wp\/v2\/tags?post=4223"}],"curies":[{"name":"wp","href":"https:\/\/api.w.org\/{rel}","templated":true}]}}