{"id":966,"date":"2017-01-31T13:46:12","date_gmt":"2017-01-31T12:46:12","guid":{"rendered":"http:\/\/ugtaytosantander.es\/portal\/2017\/01\/31\/mesa-general-de-asuntos-comunes-30-de-enero-de-2017\/"},"modified":"2019-05-21T13:14:13","modified_gmt":"2019-05-21T11:14:13","slug":"mesa-general-de-asuntos-comunes-30-de-enero-de-2017","status":"publish","type":"post","link":"https:\/\/ugtaytosantander.es\/portal\/mesa-general-de-asuntos-comunes-30-de-enero-de-2017\/","title":{"rendered":"Mesa General de Asuntos Comunes 31 de Enero de 2017"},"content":{"rendered":"<p style=\"margin: 0cm 0cm 0pt;\"> \t<font color=\"#000000\" face=\"Calibri\" size=\"3\">Os resumimos lo acontecido en la Mesa de Negociaci\u00f3n de Asuntos comunes al personal funcionario y laboral que se ha celebrado hoy martes 31 de enero de 2017 y&nbsp;con el siguiente&nbsp;<a href=\"http:\/\/ugtaytosantander.es\/portal\/wp-content\/uploads\/2017\/01\/AsuntosComunes30Enero2017.pdf\">Acta del Dia<\/a> <\/font><\/p>\n<p style=\"margin: 0cm 0cm 0pt;\"> \t&nbsp;<\/p>\n<p>  <!--more-->  <\/p>\n<p style=\"margin: 0cm 0cm 0pt;\"> \t<font face=\"Calibri\"><font color=\"#000000\" size=\"3\">UGT ha solicitado, en relaci\u00f3n a las <\/font><b><font color=\"#000000\" size=\"3\">propuestas de cambio de horario para la Banda de M\u00fasica, el &nbsp;Zoo, &nbsp;la Biblioteca y el M.A.S., <\/font><\/b><font color=\"#000000\" size=\"3\">que se proceda a la negociaci\u00f3n que determina la normativa, con obligatoriedad de una negociaci\u00f3n real, efectiva y de buena fe. Porque presentarnos su propuesta en la Mesa no es negociaci\u00f3n, es imposici\u00f3n. El Ayuntamiento ha accedido a iniciar un proceso negociador en relaci\u00f3n con la <\/font><b><font color=\"#000000\" size=\"3\">propuesta de cambio de horario para la Banda de M\u00fasica, <\/font><\/b><font color=\"#000000\" size=\"3\">pero<\/font><b><font color=\"#000000\" size=\"3\"> <\/font><\/b><font color=\"#000000\" size=\"3\">ha dejado<\/font><b><font color=\"#000000\" size=\"3\"> <\/font><\/b><font color=\"#000000\" size=\"3\">la negociaci\u00f3n de la &nbsp;<\/font><b><font color=\"#000000\" size=\"3\">propuesta de cambio de horario para el &nbsp;Zoo <\/font><\/b><font color=\"#000000\" size=\"3\">a voluntad de la Concejal\u00eda del \u00e1rea.<\/font><\/font><\/p>\n<p style=\"margin: 0cm 0cm 0pt;\"> \t&nbsp;<\/p>\n<p style=\"margin: 0cm 0cm 0pt;\"> \t<font face=\"Calibri\"><font size=\"3\"><font color=\"#000000\">La Concejala de Cultura ha expuesto la necesidad de abrir en horario de ma\u00f1ana, por lo que presenta una <b>propuesta de cambio de horario &nbsp;con<\/b><\/font><\/font><font color=\"#000000\" size=\"3\"> car\u00e1cter provisional, hasta que se ocupen las plazas de auxiliar de bibliotecas por promoci\u00f3n interna, &nbsp;<\/font><b><font color=\"#000000\" size=\"3\">para cuatro trabajadores del Servicio de Bibliotecas. <\/font><\/b><font color=\"#000000\" size=\"3\">UGT ha solicitado que se cumpla el compromiso adquirido por el Concejal de Personal en la Mesa de 15 de julio de 2016 y se convoque una Mesa para tratar los asuntos pendientes en este Servicio, en especial el de los vigilantes que realizan funciones de superior categor\u00eda y a los que no se da respuesta ni a esta ni a su reclamaci\u00f3n sobre el plus de especial cualificaci\u00f3n inform\u00e1tica, y a los que se ha trasladado que una vez se cubran las plazas de auxiliar de bibliotecas no ser\u00e1n necesarios.<\/font><\/font><\/p>\n<p style=\"margin: 0cm 0cm 0pt;\"> \t&nbsp;<\/p>\n<p style=\"margin: 0cm 0cm 0pt;\"> \t<font face=\"Calibri\"><font size=\"3\"><font color=\"#000000\">La Concejala de Cultura tambi\u00e9n ha presentado una propuesta sobre <b>cambio de horario para los trabajadores del M.A.S. durante el periodo de ejecuci\u00f3n de las obras. <\/b><\/font><\/font><font color=\"#000000\" size=\"3\">UGT ha protestado, una vez m\u00e1s, por el proceder del Director, quien lleva meses negociando con los trabajadores sus condiciones de trabajo e inst\u00e1ndoles a firmar, a modo de conformidad, su propuesta, cuando tal atribuci\u00f3n es propia de los representantes de los trabajadores. &nbsp;UGT ha solicitado informe t\u00e9cnico que garantice la seguridad de los trabajadores durante las obras, y la Concejala de Cultura ha indicado que se recog\u00eda tal extremo en el informe de la Direcci\u00f3n T\u00e9cnica de la obra, por lo que se nos informara sobre este asunto en el \u00f3rgano que procede, el Comit\u00e9 de Seguridad y Salud Laboral. Tambi\u00e9n hemos denunciado la contrataci\u00f3n de seguridad Privada en el M.A.S., por implicar la privatizaci\u00f3n de un servicio p\u00fablico.<\/font><\/font><\/p>\n<p style=\"margin: 0cm 0cm 0pt;\"> \t&nbsp;<\/p>\n<p style=\"margin: 0cm 0cm 0pt;\"> \t<font face=\"Calibri\"><font size=\"3\"><font color=\"#000000\">Hemos comunicado el resultado de la votaci\u00f3n celebrada en Talleres el d\u00eda 25 de enero en el que los trabajadores, por 47 votos en contra y 20 a favor, rechazaron la <b>propuesta del Ayuntamiento sobre los pluses de peligrosidad y multitareas de empleados de Talleres municipales. <\/b><\/font><\/font><font color=\"#000000\" size=\"3\">El Concejal de Personal &nbsp;ha dejado claro que <\/font><i><font color=\"#000000\" size=\"3\">la propuesta decae<\/font><\/i><font color=\"#000000\" size=\"3\">.<\/font><\/font><\/p>\n<p style=\"margin: 0cm 0cm 0pt;\"> \t&nbsp;<\/p>\n<p style=\"margin: 0cm 0cm 0pt;\"> \t<font color=\"#000000\" face=\"Calibri\" size=\"3\">Se han aprobado las bases de:<\/font><\/p>\n<ul>\n<li style=\"margin: 0cm 0cm 0pt;\"> \t\t<font size=\"3\"><font color=\"#000000\"><font face=\"Calibri\"><b>Concurso para Jefe de Servicio de Coordinaci\u00f3n General <\/b><\/font><\/font><\/font><\/li>\n<li style=\"margin: 0cm 0cm 0pt;\"> \t\t<b><font color=\"#000000\" face=\"Calibri\" size=\"3\">Promoci\u00f3n interna a Delineante( 1 )&nbsp;&nbsp;y Auxiliar de Biblioteca <\/font><\/b><\/li>\n<li style=\"margin: 0cm 0cm 0pt;\"> \t\t<b><font color=\"#000000\" face=\"Calibri\" size=\"3\">Oposici\u00f3n libre Trabajador Social (2 plazas) , Ingeniero T\u00e9cnico Industrial ( 1 ), &nbsp;Jefe de explotaci\u00f3n ( 1 )<\/font><\/b><\/li>\n<\/ul>\n<p style=\"margin: 0cm 0cm 0pt;\"> \t&nbsp;<\/p>\n<p style=\"margin: 0cm 0cm 0pt;\"> \t<font color=\"#000000\" face=\"Calibri\" size=\"3\">UGT ha solicitado informaci\u00f3n sobre las bases pendientes de aprobaci\u00f3n (promoci\u00f3n interna a oficiales, oposici\u00f3n libre para auxiliar administrativo, vigilantes y ordenanzas, etc) y se nos ha informado que se negociar\u00e1n en pr\u00f3ximas mesas.<\/font><\/p>\n<p style=\"margin: 0cm 0cm 0pt;\"> \t&nbsp;<\/p>\n<p style=\"margin: 0cm 0cm 0pt;\"> \t<font color=\"#000000\" face=\"Calibri\" size=\"3\">Se nos han presentado modificaciones de RPT:<\/font><\/p>\n<ol>\n<li style=\"margin: 0cm 0cm 0pt;\"> \t\t<font color=\"#000000\" face=\"Calibri\" size=\"3\">Aumento del factor de disponibilidad a dos Jefes de Negociados adscritos al Gabinete de Secretar\u00eda de Alcald\u00eda, para equipararles a los otros dos puestos adscritos al mismo.<\/font><\/li>\n<li style=\"margin: 0cm 0cm 0pt;\"> \t\t<font color=\"#000000\" face=\"Calibri\" size=\"3\">Modificaci\u00f3n del nivel de complemento de destino, pasando al 24, del T\u00e9cnico de Actividades Culturales. <\/font><\/li>\n<\/ol>\n<p style=\"margin: 0cm 0cm 0pt;\"> \t&nbsp;<\/p>\n<p style=\"margin: 0cm 0cm 0pt;\"> \t<font color=\"#000000\" face=\"Calibri\" size=\"3\">Se nos han explicados las dos como correcciones de situaciones injustas, por lo que desde UGT animamos al equipo de gobierno a seguir detectando, y por supuesto corrigiendo, estas situaciones.<\/font><\/p>\n<p style=\"margin: 0cm 0cm 0pt;\"> \t&nbsp;<\/p>\n<p style=\"margin: 0cm 0cm 0pt;\"> \t<font face=\"Calibri\"><font size=\"3\"><font color=\"#000000\">Se ha aprobado la &nbsp;<b>Propuesta de regulaci\u00f3n disponibilidad espec\u00edfica del Servicio de Extinci\u00f3n de Incendios, <\/b><\/font><\/font><font color=\"#000000\" size=\"3\">ya negociado en la Mesa celebrada en noviembre de 2016<\/font><b><font color=\"#000000\" size=\"3\">. <\/font><\/b><\/font><\/p>\n<p> \t&nbsp;<\/p>\n","protected":false},"excerpt":{"rendered":"<p>Os resumimos lo acontecido en la Mesa de Negociaci\u00f3n de Asuntos comunes al personal funcionario y laboral que se ha celebrado hoy martes 31 de enero de 2017 y&nbsp;con el siguiente&nbsp;Acta del Dia &nbsp;<\/p>\n","protected":false},"author":1,"featured_media":0,"comment_status":"open","ping_status":"open","sticky":false,"template":"","format":"standard","meta":{"_exactmetrics_skip_tracking":false,"_exactmetrics_sitenote_active":false,"_exactmetrics_sitenote_note":"","_exactmetrics_sitenote_category":0,"_genesis_hide_title":false,"_genesis_hide_breadcrumbs":false,"_genesis_hide_singular_image":false,"_genesis_hide_footer_widgets":false,"_genesis_custom_body_class":"","_genesis_custom_post_class":"","_genesis_layout":"","footnotes":""},"categories":[70,74],"tags":[],"class_list":{"0":"post-966","1":"post","2":"type-post","3":"status-publish","4":"format-standard","6":"category-actas","7":"category-mesa-general-de-asuntos-comunes","8":"entry"},"yoast_head":"<!-- This site is optimized with the Yoast SEO plugin v27.5 - https:\/\/yoast.com\/product\/yoast-seo-wordpress\/ -->\n<title>Mesa General de Asuntos Comunes 31 de Enero de 2017 - UGT Ayuntamiento de Santander<\/title>\n<meta name=\"robots\" content=\"index, follow, max-snippet:-1, max-image-preview:large, max-video-preview:-1\" \/>\n<link rel=\"canonical\" href=\"https:\/\/ugtaytosantander.es\/portal\/mesa-general-de-asuntos-comunes-30-de-enero-de-2017\/\" \/>\n<meta property=\"og:locale\" content=\"es_ES\" \/>\n<meta property=\"og:type\" content=\"article\" \/>\n<meta property=\"og:title\" content=\"Mesa General de Asuntos Comunes 31 de Enero de 2017 - UGT Ayuntamiento de Santander\" \/>\n<meta property=\"og:description\" content=\"Os resumimos lo acontecido en la Mesa de Negociaci\u00f3n de Asuntos comunes al personal funcionario y laboral que se ha celebrado hoy martes 31 de enero de 2017 y&nbsp;con el siguiente&nbsp;Acta del Dia &nbsp;\" \/>\n<meta property=\"og:url\" content=\"https:\/\/ugtaytosantander.es\/portal\/mesa-general-de-asuntos-comunes-30-de-enero-de-2017\/\" \/>\n<meta property=\"og:site_name\" content=\"UGT Ayuntamiento de Santander\" \/>\n<meta property=\"article:published_time\" content=\"2017-01-31T12:46:12+00:00\" \/>\n<meta property=\"article:modified_time\" content=\"2019-05-21T11:14:13+00:00\" \/>\n<meta name=\"author\" content=\"dbolivar\" \/>\n<meta name=\"twitter:card\" content=\"summary_large_image\" \/>\n<meta name=\"twitter:label1\" content=\"Escrito por\" \/>\n\t<meta name=\"twitter:data1\" content=\"dbolivar\" \/>\n\t<meta name=\"twitter:label2\" content=\"Tiempo de lectura\" \/>\n\t<meta name=\"twitter:data2\" content=\"4 minutos\" \/>\n<script type=\"application\/ld+json\" class=\"yoast-schema-graph\">{\"@context\":\"https:\\\/\\\/schema.org\",\"@graph\":[{\"@type\":\"Article\",\"@id\":\"https:\\\/\\\/ugtaytosantander.es\\\/portal\\\/mesa-general-de-asuntos-comunes-30-de-enero-de-2017\\\/#article\",\"isPartOf\":{\"@id\":\"https:\\\/\\\/ugtaytosantander.es\\\/portal\\\/mesa-general-de-asuntos-comunes-30-de-enero-de-2017\\\/\"},\"author\":{\"name\":\"dbolivar\",\"@id\":\"https:\\\/\\\/ugtaytosantander.es\\\/portal\\\/#\\\/schema\\\/person\\\/24c95b10a8fcd8f39624cfde527769f7\"},\"headline\":\"Mesa General de Asuntos Comunes 31 de Enero de 2017\",\"datePublished\":\"2017-01-31T12:46:12+00:00\",\"dateModified\":\"2019-05-21T11:14:13+00:00\",\"mainEntityOfPage\":{\"@id\":\"https:\\\/\\\/ugtaytosantander.es\\\/portal\\\/mesa-general-de-asuntos-comunes-30-de-enero-de-2017\\\/\"},\"wordCount\":730,\"commentCount\":0,\"publisher\":{\"@id\":\"https:\\\/\\\/ugtaytosantander.es\\\/portal\\\/#organization\"},\"articleSection\":[\"Actas Mesas Negociaci\u00f3n\",\"Mesa General de Asuntos Comunes\"],\"inLanguage\":\"es\",\"potentialAction\":[{\"@type\":\"CommentAction\",\"name\":\"Comment\",\"target\":[\"https:\\\/\\\/ugtaytosantander.es\\\/portal\\\/mesa-general-de-asuntos-comunes-30-de-enero-de-2017\\\/#respond\"]}]},{\"@type\":\"WebPage\",\"@id\":\"https:\\\/\\\/ugtaytosantander.es\\\/portal\\\/mesa-general-de-asuntos-comunes-30-de-enero-de-2017\\\/\",\"url\":\"https:\\\/\\\/ugtaytosantander.es\\\/portal\\\/mesa-general-de-asuntos-comunes-30-de-enero-de-2017\\\/\",\"name\":\"Mesa General de Asuntos Comunes 31 de Enero de 2017 - UGT Ayuntamiento de Santander\",\"isPartOf\":{\"@id\":\"https:\\\/\\\/ugtaytosantander.es\\\/portal\\\/#website\"},\"datePublished\":\"2017-01-31T12:46:12+00:00\",\"dateModified\":\"2019-05-21T11:14:13+00:00\",\"breadcrumb\":{\"@id\":\"https:\\\/\\\/ugtaytosantander.es\\\/portal\\\/mesa-general-de-asuntos-comunes-30-de-enero-de-2017\\\/#breadcrumb\"},\"inLanguage\":\"es\",\"potentialAction\":[{\"@type\":\"ReadAction\",\"target\":[\"https:\\\/\\\/ugtaytosantander.es\\\/portal\\\/mesa-general-de-asuntos-comunes-30-de-enero-de-2017\\\/\"]}]},{\"@type\":\"BreadcrumbList\",\"@id\":\"https:\\\/\\\/ugtaytosantander.es\\\/portal\\\/mesa-general-de-asuntos-comunes-30-de-enero-de-2017\\\/#breadcrumb\",\"itemListElement\":[{\"@type\":\"ListItem\",\"position\":1,\"name\":\"Portada\",\"item\":\"https:\\\/\\\/ugtaytosantander.es\\\/portal\\\/\"},{\"@type\":\"ListItem\",\"position\":2,\"name\":\"Mesa General de Asuntos Comunes 31 de Enero de 2017\"}]},{\"@type\":\"WebSite\",\"@id\":\"https:\\\/\\\/ugtaytosantander.es\\\/portal\\\/#website\",\"url\":\"https:\\\/\\\/ugtaytosantander.es\\\/portal\\\/\",\"name\":\"UGT Ayuntamiento de Santander\",\"description\":\"Seccion Sindical UGT Ayto Santander\",\"publisher\":{\"@id\":\"https:\\\/\\\/ugtaytosantander.es\\\/portal\\\/#organization\"},\"potentialAction\":[{\"@type\":\"SearchAction\",\"target\":{\"@type\":\"EntryPoint\",\"urlTemplate\":\"https:\\\/\\\/ugtaytosantander.es\\\/portal\\\/?s={search_term_string}\"},\"query-input\":{\"@type\":\"PropertyValueSpecification\",\"valueRequired\":true,\"valueName\":\"search_term_string\"}}],\"inLanguage\":\"es\"},{\"@type\":\"Organization\",\"@id\":\"https:\\\/\\\/ugtaytosantander.es\\\/portal\\\/#organization\",\"name\":\"Secci\u00f3n Sindical de UGT del Ayuntamiento de Santander\",\"url\":\"https:\\\/\\\/ugtaytosantander.es\\\/portal\\\/\",\"logo\":{\"@type\":\"ImageObject\",\"inLanguage\":\"es\",\"@id\":\"https:\\\/\\\/ugtaytosantander.es\\\/portal\\\/#\\\/schema\\\/logo\\\/image\\\/\",\"url\":\"https:\\\/\\\/ugtaytosantander.es\\\/portal\\\/wp-content\\\/uploads\\\/2019\\\/03\\\/Logo-FESP200.png\",\"contentUrl\":\"https:\\\/\\\/ugtaytosantander.es\\\/portal\\\/wp-content\\\/uploads\\\/2019\\\/03\\\/Logo-FESP200.png\",\"width\":200,\"height\":123,\"caption\":\"Secci\u00f3n Sindical de UGT del Ayuntamiento de Santander\"},\"image\":{\"@id\":\"https:\\\/\\\/ugtaytosantander.es\\\/portal\\\/#\\\/schema\\\/logo\\\/image\\\/\"}},{\"@type\":\"Person\",\"@id\":\"https:\\\/\\\/ugtaytosantander.es\\\/portal\\\/#\\\/schema\\\/person\\\/24c95b10a8fcd8f39624cfde527769f7\",\"name\":\"dbolivar\",\"url\":\"https:\\\/\\\/ugtaytosantander.es\\\/portal\\\/author\\\/dbolivar\\\/\"}]}<\/script>\n<!-- \/ Yoast SEO plugin. -->","yoast_head_json":{"title":"Mesa General de Asuntos Comunes 31 de Enero de 2017 - UGT Ayuntamiento de Santander","robots":{"index":"index","follow":"follow","max-snippet":"max-snippet:-1","max-image-preview":"max-image-preview:large","max-video-preview":"max-video-preview:-1"},"canonical":"https:\/\/ugtaytosantander.es\/portal\/mesa-general-de-asuntos-comunes-30-de-enero-de-2017\/","og_locale":"es_ES","og_type":"article","og_title":"Mesa General de Asuntos Comunes 31 de Enero de 2017 - UGT Ayuntamiento de Santander","og_description":"Os resumimos lo acontecido en la Mesa de Negociaci\u00f3n de Asuntos comunes al personal funcionario y laboral que se ha celebrado hoy martes 31 de enero de 2017 y&nbsp;con el siguiente&nbsp;Acta del Dia &nbsp;","og_url":"https:\/\/ugtaytosantander.es\/portal\/mesa-general-de-asuntos-comunes-30-de-enero-de-2017\/","og_site_name":"UGT Ayuntamiento de Santander","article_published_time":"2017-01-31T12:46:12+00:00","article_modified_time":"2019-05-21T11:14:13+00:00","author":"dbolivar","twitter_card":"summary_large_image","twitter_misc":{"Escrito por":"dbolivar","Tiempo de lectura":"4 minutos"},"schema":{"@context":"https:\/\/schema.org","@graph":[{"@type":"Article","@id":"https:\/\/ugtaytosantander.es\/portal\/mesa-general-de-asuntos-comunes-30-de-enero-de-2017\/#article","isPartOf":{"@id":"https:\/\/ugtaytosantander.es\/portal\/mesa-general-de-asuntos-comunes-30-de-enero-de-2017\/"},"author":{"name":"dbolivar","@id":"https:\/\/ugtaytosantander.es\/portal\/#\/schema\/person\/24c95b10a8fcd8f39624cfde527769f7"},"headline":"Mesa General de Asuntos Comunes 31 de Enero de 2017","datePublished":"2017-01-31T12:46:12+00:00","dateModified":"2019-05-21T11:14:13+00:00","mainEntityOfPage":{"@id":"https:\/\/ugtaytosantander.es\/portal\/mesa-general-de-asuntos-comunes-30-de-enero-de-2017\/"},"wordCount":730,"commentCount":0,"publisher":{"@id":"https:\/\/ugtaytosantander.es\/portal\/#organization"},"articleSection":["Actas Mesas Negociaci\u00f3n","Mesa General de Asuntos Comunes"],"inLanguage":"es","potentialAction":[{"@type":"CommentAction","name":"Comment","target":["https:\/\/ugtaytosantander.es\/portal\/mesa-general-de-asuntos-comunes-30-de-enero-de-2017\/#respond"]}]},{"@type":"WebPage","@id":"https:\/\/ugtaytosantander.es\/portal\/mesa-general-de-asuntos-comunes-30-de-enero-de-2017\/","url":"https:\/\/ugtaytosantander.es\/portal\/mesa-general-de-asuntos-comunes-30-de-enero-de-2017\/","name":"Mesa General de Asuntos Comunes 31 de Enero de 2017 - UGT Ayuntamiento de Santander","isPartOf":{"@id":"https:\/\/ugtaytosantander.es\/portal\/#website"},"datePublished":"2017-01-31T12:46:12+00:00","dateModified":"2019-05-21T11:14:13+00:00","breadcrumb":{"@id":"https:\/\/ugtaytosantander.es\/portal\/mesa-general-de-asuntos-comunes-30-de-enero-de-2017\/#breadcrumb"},"inLanguage":"es","potentialAction":[{"@type":"ReadAction","target":["https:\/\/ugtaytosantander.es\/portal\/mesa-general-de-asuntos-comunes-30-de-enero-de-2017\/"]}]},{"@type":"BreadcrumbList","@id":"https:\/\/ugtaytosantander.es\/portal\/mesa-general-de-asuntos-comunes-30-de-enero-de-2017\/#breadcrumb","itemListElement":[{"@type":"ListItem","position":1,"name":"Portada","item":"https:\/\/ugtaytosantander.es\/portal\/"},{"@type":"ListItem","position":2,"name":"Mesa General de Asuntos Comunes 31 de Enero de 2017"}]},{"@type":"WebSite","@id":"https:\/\/ugtaytosantander.es\/portal\/#website","url":"https:\/\/ugtaytosantander.es\/portal\/","name":"UGT Ayuntamiento de Santander","description":"Seccion Sindical UGT Ayto Santander","publisher":{"@id":"https:\/\/ugtaytosantander.es\/portal\/#organization"},"potentialAction":[{"@type":"SearchAction","target":{"@type":"EntryPoint","urlTemplate":"https:\/\/ugtaytosantander.es\/portal\/?s={search_term_string}"},"query-input":{"@type":"PropertyValueSpecification","valueRequired":true,"valueName":"search_term_string"}}],"inLanguage":"es"},{"@type":"Organization","@id":"https:\/\/ugtaytosantander.es\/portal\/#organization","name":"Secci\u00f3n Sindical de UGT del Ayuntamiento de Santander","url":"https:\/\/ugtaytosantander.es\/portal\/","logo":{"@type":"ImageObject","inLanguage":"es","@id":"https:\/\/ugtaytosantander.es\/portal\/#\/schema\/logo\/image\/","url":"https:\/\/ugtaytosantander.es\/portal\/wp-content\/uploads\/2019\/03\/Logo-FESP200.png","contentUrl":"https:\/\/ugtaytosantander.es\/portal\/wp-content\/uploads\/2019\/03\/Logo-FESP200.png","width":200,"height":123,"caption":"Secci\u00f3n Sindical de UGT del Ayuntamiento de Santander"},"image":{"@id":"https:\/\/ugtaytosantander.es\/portal\/#\/schema\/logo\/image\/"}},{"@type":"Person","@id":"https:\/\/ugtaytosantander.es\/portal\/#\/schema\/person\/24c95b10a8fcd8f39624cfde527769f7","name":"dbolivar","url":"https:\/\/ugtaytosantander.es\/portal\/author\/dbolivar\/"}]}},"publishpress_future_action":{"enabled":false,"date":"2026-05-10 15:19:02","action":"change-status","newStatus":"trash","terms":[],"taxonomy":"category","extraData":[]},"publishpress_future_workflow_manual_trigger":{"enabledWorkflows":[]},"_links":{"self":[{"href":"https:\/\/ugtaytosantander.es\/portal\/wp-json\/wp\/v2\/posts\/966","targetHints":{"allow":["GET"]}}],"collection":[{"href":"https:\/\/ugtaytosantander.es\/portal\/wp-json\/wp\/v2\/posts"}],"about":[{"href":"https:\/\/ugtaytosantander.es\/portal\/wp-json\/wp\/v2\/types\/post"}],"author":[{"embeddable":true,"href":"https:\/\/ugtaytosantander.es\/portal\/wp-json\/wp\/v2\/users\/1"}],"replies":[{"embeddable":true,"href":"https:\/\/ugtaytosantander.es\/portal\/wp-json\/wp\/v2\/comments?post=966"}],"version-history":[{"count":1,"href":"https:\/\/ugtaytosantander.es\/portal\/wp-json\/wp\/v2\/posts\/966\/revisions"}],"predecessor-version":[{"id":1819,"href":"https:\/\/ugtaytosantander.es\/portal\/wp-json\/wp\/v2\/posts\/966\/revisions\/1819"}],"wp:attachment":[{"href":"https:\/\/ugtaytosantander.es\/portal\/wp-json\/wp\/v2\/media?parent=966"}],"wp:term":[{"taxonomy":"category","embeddable":true,"href":"https:\/\/ugtaytosantander.es\/portal\/wp-json\/wp\/v2\/categories?post=966"},{"taxonomy":"post_tag","embeddable":true,"href":"https:\/\/ugtaytosantander.es\/portal\/wp-json\/wp\/v2\/tags?post=966"}],"curies":[{"name":"wp","href":"https:\/\/api.w.org\/{rel}","templated":true}]}}